{"id":29096,"date":"2026-03-12T13:19:43","date_gmt":"2026-03-12T17:19:43","guid":{"rendered":"https:\/\/www.revistalogistec.com\/?p=29096"},"modified":"2026-03-12T13:19:43","modified_gmt":"2026-03-12T17:19:43","slug":"futuro-ministro-de-obras-publicas-martin-arrau-nuestra-maxima-prioridad-sera-reponer-los-contratos-globales-que-hoy-estan-sin-servicio","status":"publish","type":"post","link":"https:\/\/www.revistalogistec.com\/index.php\/2026\/03\/12\/futuro-ministro-de-obras-publicas-martin-arrau-nuestra-maxima-prioridad-sera-reponer-los-contratos-globales-que-hoy-estan-sin-servicio\/","title":{"rendered":"FUTURO MINISTRO DE OBRAS P\u00daBLICAS, MART\u00cdN ARRAU: \u201cNUESTRA M\u00c1XIMA PRIORIDAD SER\u00c1 REPONER LOS CONTRATOS GLOBALES QUE HOY EST\u00c1N SIN SERVICIO\u201d"},"content":{"rendered":"<p style=\"text-align: justify;\">En la instancia se abord\u00f3 la urgencia de optimizar los procesos de mantenci\u00f3n de infraestructura vial y mejorar la respuesta del MOP en las zonas m\u00e1s aisladas del pa\u00eds.<!--more--><\/p>\n<p style=\"text-align: justify;\">El futuro ministro de Obras P\u00fablicas, Mart\u00edn Arrau Garc\u00eda-Huidobro, sostuvo este lunes una reuni\u00f3n de trabajo con el directorio de la Asociaci\u00f3n de Municipios Rurales de Chile (AMUR), instancia en la que se abord\u00f3 la situaci\u00f3n de los contratos globales de conservaci\u00f3n de caminos, eje cr\u00edtico para la conectividad de las comunas rurales.<\/p>\n<p style=\"text-align: justify;\">\u201cHemos detectado que el diagn\u00f3stico de los alcaldes es real: hay cerca de 30 contratos globales que atienden cientos de kil\u00f3metros de caminos sin atenci\u00f3n por hasta 500 d\u00edas. Por tanto, nuestra m\u00e1xima prioridad es reponer esos contratos y darles continuidad en el menor tiempo posible\u201d, sostuvo el futuro ministro Arrau tras el encuentro.<\/p>\n<p style=\"text-align: justify;\">Asimismo, la autoridad designada destac\u00f3 que \u201cle hemos encargado al director general de Obras P\u00fablicas abocarse, junto al equipo de Vialidad, a garantizar esta reposici\u00f3n. En un plazo de dos meses rendiremos cuenta a Amur sobre los avances de este programa, porque un mal camino afecta el diario vivir de los vecinos, el acceso a las escuelas y la productividad rural\u201d.<\/p>\n<p style=\"text-align: justify;\">El encuentro, realizado en la sede de Foro Republicano, cont\u00f3 con la participaci\u00f3n del presidente de Amur y alcalde de Paine, Rodrigo Contreras Guti\u00e9rrez; junto a miembros del directorio y el director ejecutivo de la asociaci\u00f3n, Christian Gonz\u00e1lez.<\/p>\n<p style=\"text-align: justify;\">Por su parte, el presidente de Amur, Rodrigo Contreras, se refiri\u00f3 a la importancia de optimizar los procesos de mantenci\u00f3n vial en las zonas m\u00e1s aisladas del pa\u00eds: \u201cFue un encuentro muy productivo que permiti\u00f3 plantear la falta de mantenci\u00f3n de caminos rurales por el desfinanciamiento de los contratos globales. Esto hoy obliga a que los municipios destinen recursos propios para solventar gastos que le corresponden a la cartera\u201d.<\/p>\n<p style=\"text-align: justify;\">\u201cVemos positivamente c\u00f3mo el futuro ministro aborda este desaf\u00edo y establece una hoja de ruta clara para avanzar en el financiamiento de estos contratos donde hoy no existen o est\u00e1n desactualizados\u201d, concluy\u00f3 el alcalde de Paine.<\/p>\n<h4 style=\"text-align: justify;\">Detalle de la reuni\u00f3n<\/h4>\n<p style=\"text-align: justify;\">Durante la sesi\u00f3n de trabajo, la directiva de Amur present\u00f3 un diagn\u00f3stico sobre el estado de la infraestructura vial en las comunas rurales, enfatizando que la conectividad es el principal motor para el acceso a servicios b\u00e1sicos y fomento productivo. Se discuti\u00f3 la necesidad de revisar los actuales mecanismos de licitaci\u00f3n de los contratos globales para asegurar que respondan con agilidad a las urgencias territoriales.<\/p>\n<p style=\"text-align: justify;\">Finalmente, ambas partes acordaron establecer una mesa de trabajo t\u00e9cnica una vez iniciada la nueva administraci\u00f3n, con el fin de mejorar la coordinaci\u00f3n entre las Direcciones de Vialidad y los municipios rurales en la supervisi\u00f3n de las obras de conservaci\u00f3n. El futuro secretario de Estado subray\u00f3 adem\u00e1s que los pr\u00f3ximos Seremis tendr\u00e1n el mandato de trabajar directamente con los alcaldes, quienes son la \u00abprimera l\u00ednea de la pol\u00edtica p\u00fablica\u00bb.<\/p>\n","protected":false},"excerpt":{"rendered":"<p>En la instancia se abord\u00f3 la urgencia de optimizar los procesos de mantenci\u00f3n de infraestructura vial y mejorar la respuesta del MOP en las zonas m\u00e1s aisladas del pa\u00eds.<\/p>\n","protected":false},"author":1,"featured_media":29099,"comment_status":"closed","ping_status":"closed","sticky":false,"template":"","format":"gallery","meta":{"_acf_changed":false,"jnews-multi-image_gallery":[],"jnews_single_post":{"format":"gallery","jnews_video_option_group":[[]],"override":[{"template":"1","parallax":"1","fullscreen":"1","layout":"right-sidebar","sidebar":"home-loop","second_sidebar":"default-sidebar","share_position":"top","share_float_style":"share-monocrhome","show_share_counter":"1","show_view_counter":"1","show_featured":"1","show_post_author_image":"1","show_post_date":"1","post_date_format":"default","post_date_format_custom":"Y\/m\/d","show_post_category":"1","show_post_reading_time":"0","post_reading_time_wpm":"300","post_calculate_word_method":"str_word_count","show_zoom_button":"0","zoom_button_out_step":"2","zoom_button_in_step":"3","show_post_tag":"1","show_prev_next_post":"1","show_popup_post":"1","number_popup_post":"1","show_post_related":"1","show_inline_post_related":"1"}],"image_override":[{"single_post_thumbnail_size":"crop-500","single_post_gallery_size":"crop-500"}],"trending_post_position":"meta","trending_post_label":"Trending","sponsored_post_label":"Sponsored by","disable_ad":"0","gallery":"29097,29098,29099","subtitle":""},"jnews_primary_category":[],"jnews_social_meta":[],"jnews_override_counter":{"view_counter_number":"0","share_counter_number":"0","like_counter_number":"0","dislike_counter_number":"0"},"footnotes":""},"categories":[12],"tags":[],"class_list":["post-29096","post","type-post","status-publish","format-gallery","has-post-thumbnail","hentry","category-noticias-industria","post_format-post-format-gallery"],"acf":[],"yoast_head":"<!-- This site is optimized with the Yoast SEO plugin v27.2 - https:\/\/yoast.com\/product\/yoast-seo-wordpress\/ -->\n<title>FUTURO MINISTRO DE OBRAS P\u00daBLICAS, MART\u00cdN ARRAU: \u201cNUESTRA M\u00c1XIMA PRIORIDAD SER\u00c1 REPONER LOS CONTRATOS GLOBALES QUE HOY EST\u00c1N SIN SERVICIO\u201d - Revista Logistec<\/title>\n<meta name=\"robots\" content=\"index, follow, max-snippet:-1, max-image-preview:large, max-video-preview:-1\" \/>\n<link rel=\"canonical\" href=\"https:\/\/www.revistalogistec.com\/index.php\/2026\/03\/12\/futuro-ministro-de-obras-publicas-martin-arrau-nuestra-maxima-prioridad-sera-reponer-los-contratos-globales-que-hoy-estan-sin-servicio\/\" \/>\n<meta property=\"og:locale\" content=\"es_ES\" \/>\n<meta property=\"og:type\" content=\"article\" \/>\n<meta property=\"og:title\" content=\"FUTURO MINISTRO DE OBRAS P\u00daBLICAS, MART\u00cdN ARRAU: \u201cNUESTRA M\u00c1XIMA PRIORIDAD SER\u00c1 REPONER LOS CONTRATOS GLOBALES QUE HOY EST\u00c1N SIN SERVICIO\u201d - Revista Logistec\" \/>\n<meta property=\"og:description\" content=\"En la instancia se abord\u00f3 la urgencia de optimizar los procesos de mantenci\u00f3n de infraestructura vial y mejorar la respuesta del MOP en las zonas m\u00e1s aisladas del pa\u00eds.\" \/>\n<meta property=\"og:url\" content=\"https:\/\/www.revistalogistec.com\/index.php\/2026\/03\/12\/futuro-ministro-de-obras-publicas-martin-arrau-nuestra-maxima-prioridad-sera-reponer-los-contratos-globales-que-hoy-estan-sin-servicio\/\" \/>\n<meta property=\"og:site_name\" content=\"Revista Logistec\" \/>\n<meta property=\"article:published_time\" content=\"2026-03-12T17:19:43+00:00\" \/>\n<meta property=\"og:image\" content=\"https:\/\/www.revistalogistec.com\/wp-content\/uploads\/2026\/03\/IMG_3560.jpg\" \/>\n\t<meta property=\"og:image:width\" content=\"1140\" \/>\n\t<meta property=\"og:image:height\" content=\"760\" \/>\n\t<meta property=\"og:image:type\" content=\"image\/jpeg\" \/>\n<meta name=\"author\" content=\"admin\" \/>\n<meta name=\"twitter:card\" content=\"summary_large_image\" \/>\n<meta name=\"twitter:label1\" content=\"Escrito por\" \/>\n\t<meta name=\"twitter:data1\" content=\"admin\" \/>\n\t<meta name=\"twitter:label2\" content=\"Tiempo de lectura\" \/>\n\t<meta name=\"twitter:data2\" content=\"3 minutos\" \/>\n<script type=\"application\/ld+json\" class=\"yoast-schema-graph\">{\"@context\":\"https:\/\/schema.org\",\"@graph\":[{\"@type\":\"Article\",\"@id\":\"https:\/\/www.revistalogistec.com\/index.php\/2026\/03\/12\/futuro-ministro-de-obras-publicas-martin-arrau-nuestra-maxima-prioridad-sera-reponer-los-contratos-globales-que-hoy-estan-sin-servicio\/#article\",\"isPartOf\":{\"@id\":\"https:\/\/www.revistalogistec.com\/index.php\/2026\/03\/12\/futuro-ministro-de-obras-publicas-martin-arrau-nuestra-maxima-prioridad-sera-reponer-los-contratos-globales-que-hoy-estan-sin-servicio\/\"},\"author\":{\"name\":\"admin\",\"@id\":\"https:\/\/www.revistalogistec.com\/#\/schema\/person\/b25cced65507282f3fc6eb806b1db4f0\"},\"headline\":\"FUTURO MINISTRO DE OBRAS P\u00daBLICAS, MART\u00cdN ARRAU: \u201cNUESTRA M\u00c1XIMA PRIORIDAD SER\u00c1 REPONER LOS CONTRATOS GLOBALES QUE HOY EST\u00c1N SIN SERVICIO\u201d\",\"datePublished\":\"2026-03-12T17:19:43+00:00\",\"mainEntityOfPage\":{\"@id\":\"https:\/\/www.revistalogistec.com\/index.php\/2026\/03\/12\/futuro-ministro-de-obras-publicas-martin-arrau-nuestra-maxima-prioridad-sera-reponer-los-contratos-globales-que-hoy-estan-sin-servicio\/\"},\"wordCount\":545,\"image\":{\"@id\":\"https:\/\/www.revistalogistec.com\/index.php\/2026\/03\/12\/futuro-ministro-de-obras-publicas-martin-arrau-nuestra-maxima-prioridad-sera-reponer-los-contratos-globales-que-hoy-estan-sin-servicio\/#primaryimage\"},\"thumbnailUrl\":\"https:\/\/www.revistalogistec.com\/wp-content\/uploads\/2026\/03\/IMG_3560.jpg\",\"articleSection\":[\"NOTICIAS INDUSTRIA\"],\"inLanguage\":\"es\"},{\"@type\":\"WebPage\",\"@id\":\"https:\/\/www.revistalogistec.com\/index.php\/2026\/03\/12\/futuro-ministro-de-obras-publicas-martin-arrau-nuestra-maxima-prioridad-sera-reponer-los-contratos-globales-que-hoy-estan-sin-servicio\/\",\"url\":\"https:\/\/www.revistalogistec.com\/index.php\/2026\/03\/12\/futuro-ministro-de-obras-publicas-martin-arrau-nuestra-maxima-prioridad-sera-reponer-los-contratos-globales-que-hoy-estan-sin-servicio\/\",\"name\":\"FUTURO MINISTRO DE OBRAS P\u00daBLICAS, MART\u00cdN ARRAU: \u201cNUESTRA M\u00c1XIMA PRIORIDAD SER\u00c1 REPONER LOS CONTRATOS GLOBALES QUE HOY EST\u00c1N SIN SERVICIO\u201d - Revista Logistec\",\"isPartOf\":{\"@id\":\"https:\/\/www.revistalogistec.com\/#website\"},\"primaryImageOfPage\":{\"@id\":\"https:\/\/www.revistalogistec.com\/index.php\/2026\/03\/12\/futuro-ministro-de-obras-publicas-martin-arrau-nuestra-maxima-prioridad-sera-reponer-los-contratos-globales-que-hoy-estan-sin-servicio\/#primaryimage\"},\"image\":{\"@id\":\"https:\/\/www.revistalogistec.com\/index.php\/2026\/03\/12\/futuro-ministro-de-obras-publicas-martin-arrau-nuestra-maxima-prioridad-sera-reponer-los-contratos-globales-que-hoy-estan-sin-servicio\/#primaryimage\"},\"thumbnailUrl\":\"https:\/\/www.revistalogistec.com\/wp-content\/uploads\/2026\/03\/IMG_3560.jpg\",\"datePublished\":\"2026-03-12T17:19:43+00:00\",\"author\":{\"@id\":\"https:\/\/www.revistalogistec.com\/#\/schema\/person\/b25cced65507282f3fc6eb806b1db4f0\"},\"breadcrumb\":{\"@id\":\"https:\/\/www.revistalogistec.com\/index.php\/2026\/03\/12\/futuro-ministro-de-obras-publicas-martin-arrau-nuestra-maxima-prioridad-sera-reponer-los-contratos-globales-que-hoy-estan-sin-servicio\/#breadcrumb\"},\"inLanguage\":\"es\",\"potentialAction\":[{\"@type\":\"ReadAction\",\"target\":[\"https:\/\/www.revistalogistec.com\/index.php\/2026\/03\/12\/futuro-ministro-de-obras-publicas-martin-arrau-nuestra-maxima-prioridad-sera-reponer-los-contratos-globales-que-hoy-estan-sin-servicio\/\"]}]},{\"@type\":\"ImageObject\",\"inLanguage\":\"es\",\"@id\":\"https:\/\/www.revistalogistec.com\/index.php\/2026\/03\/12\/futuro-ministro-de-obras-publicas-martin-arrau-nuestra-maxima-prioridad-sera-reponer-los-contratos-globales-que-hoy-estan-sin-servicio\/#primaryimage\",\"url\":\"https:\/\/www.revistalogistec.com\/wp-content\/uploads\/2026\/03\/IMG_3560.jpg\",\"contentUrl\":\"https:\/\/www.revistalogistec.com\/wp-content\/uploads\/2026\/03\/IMG_3560.jpg\",\"width\":1140,\"height\":760},{\"@type\":\"BreadcrumbList\",\"@id\":\"https:\/\/www.revistalogistec.com\/index.php\/2026\/03\/12\/futuro-ministro-de-obras-publicas-martin-arrau-nuestra-maxima-prioridad-sera-reponer-los-contratos-globales-que-hoy-estan-sin-servicio\/#breadcrumb\",\"itemListElement\":[{\"@type\":\"ListItem\",\"position\":1,\"name\":\"Portada\",\"item\":\"https:\/\/www.revistalogistec.com\/\"},{\"@type\":\"ListItem\",\"position\":2,\"name\":\"FUTURO MINISTRO DE OBRAS P\u00daBLICAS, MART\u00cdN ARRAU: \u201cNUESTRA M\u00c1XIMA PRIORIDAD SER\u00c1 REPONER LOS CONTRATOS GLOBALES QUE HOY EST\u00c1N SIN SERVICIO\u201d\"}]},{\"@type\":\"WebSite\",\"@id\":\"https:\/\/www.revistalogistec.com\/#website\",\"url\":\"https:\/\/www.revistalogistec.com\/\",\"name\":\"Revista Logistec\",\"description\":\"\",\"potentialAction\":[{\"@type\":\"SearchAction\",\"target\":{\"@type\":\"EntryPoint\",\"urlTemplate\":\"https:\/\/www.revistalogistec.com\/?s={search_term_string}\"},\"query-input\":{\"@type\":\"PropertyValueSpecification\",\"valueRequired\":true,\"valueName\":\"search_term_string\"}}],\"inLanguage\":\"es\"},{\"@type\":\"Person\",\"@id\":\"https:\/\/www.revistalogistec.com\/#\/schema\/person\/b25cced65507282f3fc6eb806b1db4f0\",\"name\":\"admin\",\"image\":{\"@type\":\"ImageObject\",\"inLanguage\":\"es\",\"@id\":\"https:\/\/secure.gravatar.com\/avatar\/94631f712dee24b50f2f12a7caf62df22b2c346945fcff655ce85b674bebf6fd?s=96&d=mm&r=g\",\"url\":\"https:\/\/secure.gravatar.com\/avatar\/94631f712dee24b50f2f12a7caf62df22b2c346945fcff655ce85b674bebf6fd?s=96&d=mm&r=g\",\"contentUrl\":\"https:\/\/secure.gravatar.com\/avatar\/94631f712dee24b50f2f12a7caf62df22b2c346945fcff655ce85b674bebf6fd?s=96&d=mm&r=g\",\"caption\":\"admin\"},\"sameAs\":[\"https:\/\/www.revistalogistec.com\"],\"url\":\"https:\/\/www.revistalogistec.com\/index.php\/author\/admin_revlog\/\"}]}<\/script>\n<!-- \/ Yoast SEO plugin. -->","yoast_head_json":{"title":"FUTURO MINISTRO DE OBRAS P\u00daBLICAS, MART\u00cdN ARRAU: \u201cNUESTRA M\u00c1XIMA PRIORIDAD SER\u00c1 REPONER LOS CONTRATOS GLOBALES QUE HOY EST\u00c1N SIN SERVICIO\u201d - Revista Logistec","robots":{"index":"index","follow":"follow","max-snippet":"max-snippet:-1","max-image-preview":"max-image-preview:large","max-video-preview":"max-video-preview:-1"},"canonical":"https:\/\/www.revistalogistec.com\/index.php\/2026\/03\/12\/futuro-ministro-de-obras-publicas-martin-arrau-nuestra-maxima-prioridad-sera-reponer-los-contratos-globales-que-hoy-estan-sin-servicio\/","og_locale":"es_ES","og_type":"article","og_title":"FUTURO MINISTRO DE OBRAS P\u00daBLICAS, MART\u00cdN ARRAU: \u201cNUESTRA M\u00c1XIMA PRIORIDAD SER\u00c1 REPONER LOS CONTRATOS GLOBALES QUE HOY EST\u00c1N SIN SERVICIO\u201d - Revista Logistec","og_description":"En la instancia se abord\u00f3 la urgencia de optimizar los procesos de mantenci\u00f3n de infraestructura vial y mejorar la respuesta del MOP en las zonas m\u00e1s aisladas del pa\u00eds.","og_url":"https:\/\/www.revistalogistec.com\/index.php\/2026\/03\/12\/futuro-ministro-de-obras-publicas-martin-arrau-nuestra-maxima-prioridad-sera-reponer-los-contratos-globales-que-hoy-estan-sin-servicio\/","og_site_name":"Revista Logistec","article_published_time":"2026-03-12T17:19:43+00:00","og_image":[{"width":1140,"height":760,"url":"https:\/\/www.revistalogistec.com\/wp-content\/uploads\/2026\/03\/IMG_3560.jpg","type":"image\/jpeg"}],"author":"admin","twitter_card":"summary_large_image","twitter_misc":{"Escrito por":"admin","Tiempo de lectura":"3 minutos"},"schema":{"@context":"https:\/\/schema.org","@graph":[{"@type":"Article","@id":"https:\/\/www.revistalogistec.com\/index.php\/2026\/03\/12\/futuro-ministro-de-obras-publicas-martin-arrau-nuestra-maxima-prioridad-sera-reponer-los-contratos-globales-que-hoy-estan-sin-servicio\/#article","isPartOf":{"@id":"https:\/\/www.revistalogistec.com\/index.php\/2026\/03\/12\/futuro-ministro-de-obras-publicas-martin-arrau-nuestra-maxima-prioridad-sera-reponer-los-contratos-globales-que-hoy-estan-sin-servicio\/"},"author":{"name":"admin","@id":"https:\/\/www.revistalogistec.com\/#\/schema\/person\/b25cced65507282f3fc6eb806b1db4f0"},"headline":"FUTURO MINISTRO DE OBRAS P\u00daBLICAS, MART\u00cdN ARRAU: \u201cNUESTRA M\u00c1XIMA PRIORIDAD SER\u00c1 REPONER LOS CONTRATOS GLOBALES QUE HOY EST\u00c1N SIN SERVICIO\u201d","datePublished":"2026-03-12T17:19:43+00:00","mainEntityOfPage":{"@id":"https:\/\/www.revistalogistec.com\/index.php\/2026\/03\/12\/futuro-ministro-de-obras-publicas-martin-arrau-nuestra-maxima-prioridad-sera-reponer-los-contratos-globales-que-hoy-estan-sin-servicio\/"},"wordCount":545,"image":{"@id":"https:\/\/www.revistalogistec.com\/index.php\/2026\/03\/12\/futuro-ministro-de-obras-publicas-martin-arrau-nuestra-maxima-prioridad-sera-reponer-los-contratos-globales-que-hoy-estan-sin-servicio\/#primaryimage"},"thumbnailUrl":"https:\/\/www.revistalogistec.com\/wp-content\/uploads\/2026\/03\/IMG_3560.jpg","articleSection":["NOTICIAS INDUSTRIA"],"inLanguage":"es"},{"@type":"WebPage","@id":"https:\/\/www.revistalogistec.com\/index.php\/2026\/03\/12\/futuro-ministro-de-obras-publicas-martin-arrau-nuestra-maxima-prioridad-sera-reponer-los-contratos-globales-que-hoy-estan-sin-servicio\/","url":"https:\/\/www.revistalogistec.com\/index.php\/2026\/03\/12\/futuro-ministro-de-obras-publicas-martin-arrau-nuestra-maxima-prioridad-sera-reponer-los-contratos-globales-que-hoy-estan-sin-servicio\/","name":"FUTURO MINISTRO DE OBRAS P\u00daBLICAS, MART\u00cdN ARRAU: \u201cNUESTRA M\u00c1XIMA PRIORIDAD SER\u00c1 REPONER LOS CONTRATOS GLOBALES QUE HOY EST\u00c1N SIN SERVICIO\u201d - Revista Logistec","isPartOf":{"@id":"https:\/\/www.revistalogistec.com\/#website"},"primaryImageOfPage":{"@id":"https:\/\/www.revistalogistec.com\/index.php\/2026\/03\/12\/futuro-ministro-de-obras-publicas-martin-arrau-nuestra-maxima-prioridad-sera-reponer-los-contratos-globales-que-hoy-estan-sin-servicio\/#primaryimage"},"image":{"@id":"https:\/\/www.revistalogistec.com\/index.php\/2026\/03\/12\/futuro-ministro-de-obras-publicas-martin-arrau-nuestra-maxima-prioridad-sera-reponer-los-contratos-globales-que-hoy-estan-sin-servicio\/#primaryimage"},"thumbnailUrl":"https:\/\/www.revistalogistec.com\/wp-content\/uploads\/2026\/03\/IMG_3560.jpg","datePublished":"2026-03-12T17:19:43+00:00","author":{"@id":"https:\/\/www.revistalogistec.com\/#\/schema\/person\/b25cced65507282f3fc6eb806b1db4f0"},"breadcrumb":{"@id":"https:\/\/www.revistalogistec.com\/index.php\/2026\/03\/12\/futuro-ministro-de-obras-publicas-martin-arrau-nuestra-maxima-prioridad-sera-reponer-los-contratos-globales-que-hoy-estan-sin-servicio\/#breadcrumb"},"inLanguage":"es","potentialAction":[{"@type":"ReadAction","target":["https:\/\/www.revistalogistec.com\/index.php\/2026\/03\/12\/futuro-ministro-de-obras-publicas-martin-arrau-nuestra-maxima-prioridad-sera-reponer-los-contratos-globales-que-hoy-estan-sin-servicio\/"]}]},{"@type":"ImageObject","inLanguage":"es","@id":"https:\/\/www.revistalogistec.com\/index.php\/2026\/03\/12\/futuro-ministro-de-obras-publicas-martin-arrau-nuestra-maxima-prioridad-sera-reponer-los-contratos-globales-que-hoy-estan-sin-servicio\/#primaryimage","url":"https:\/\/www.revistalogistec.com\/wp-content\/uploads\/2026\/03\/IMG_3560.jpg","contentUrl":"https:\/\/www.revistalogistec.com\/wp-content\/uploads\/2026\/03\/IMG_3560.jpg","width":1140,"height":760},{"@type":"BreadcrumbList","@id":"https:\/\/www.revistalogistec.com\/index.php\/2026\/03\/12\/futuro-ministro-de-obras-publicas-martin-arrau-nuestra-maxima-prioridad-sera-reponer-los-contratos-globales-que-hoy-estan-sin-servicio\/#breadcrumb","itemListElement":[{"@type":"ListItem","position":1,"name":"Portada","item":"https:\/\/www.revistalogistec.com\/"},{"@type":"ListItem","position":2,"name":"FUTURO MINISTRO DE OBRAS P\u00daBLICAS, MART\u00cdN ARRAU: \u201cNUESTRA M\u00c1XIMA PRIORIDAD SER\u00c1 REPONER LOS CONTRATOS GLOBALES QUE HOY EST\u00c1N SIN SERVICIO\u201d"}]},{"@type":"WebSite","@id":"https:\/\/www.revistalogistec.com\/#website","url":"https:\/\/www.revistalogistec.com\/","name":"Revista Logistec","description":"","potentialAction":[{"@type":"SearchAction","target":{"@type":"EntryPoint","urlTemplate":"https:\/\/www.revistalogistec.com\/?s={search_term_string}"},"query-input":{"@type":"PropertyValueSpecification","valueRequired":true,"valueName":"search_term_string"}}],"inLanguage":"es"},{"@type":"Person","@id":"https:\/\/www.revistalogistec.com\/#\/schema\/person\/b25cced65507282f3fc6eb806b1db4f0","name":"admin","image":{"@type":"ImageObject","inLanguage":"es","@id":"https:\/\/secure.gravatar.com\/avatar\/94631f712dee24b50f2f12a7caf62df22b2c346945fcff655ce85b674bebf6fd?s=96&d=mm&r=g","url":"https:\/\/secure.gravatar.com\/avatar\/94631f712dee24b50f2f12a7caf62df22b2c346945fcff655ce85b674bebf6fd?s=96&d=mm&r=g","contentUrl":"https:\/\/secure.gravatar.com\/avatar\/94631f712dee24b50f2f12a7caf62df22b2c346945fcff655ce85b674bebf6fd?s=96&d=mm&r=g","caption":"admin"},"sameAs":["https:\/\/www.revistalogistec.com"],"url":"https:\/\/www.revistalogistec.com\/index.php\/author\/admin_revlog\/"}]}},"_links":{"self":[{"href":"https:\/\/www.revistalogistec.com\/index.php\/wp-json\/wp\/v2\/posts\/29096","targetHints":{"allow":["GET"]}}],"collection":[{"href":"https:\/\/www.revistalogistec.com\/index.php\/wp-json\/wp\/v2\/posts"}],"about":[{"href":"https:\/\/www.revistalogistec.com\/index.php\/wp-json\/wp\/v2\/types\/post"}],"author":[{"embeddable":true,"href":"https:\/\/www.revistalogistec.com\/index.php\/wp-json\/wp\/v2\/users\/1"}],"replies":[{"embeddable":true,"href":"https:\/\/www.revistalogistec.com\/index.php\/wp-json\/wp\/v2\/comments?post=29096"}],"version-history":[{"count":1,"href":"https:\/\/www.revistalogistec.com\/index.php\/wp-json\/wp\/v2\/posts\/29096\/revisions"}],"predecessor-version":[{"id":29100,"href":"https:\/\/www.revistalogistec.com\/index.php\/wp-json\/wp\/v2\/posts\/29096\/revisions\/29100"}],"wp:featuredmedia":[{"embeddable":true,"href":"https:\/\/www.revistalogistec.com\/index.php\/wp-json\/wp\/v2\/media\/29099"}],"wp:attachment":[{"href":"https:\/\/www.revistalogistec.com\/index.php\/wp-json\/wp\/v2\/media?parent=29096"}],"wp:term":[{"taxonomy":"category","embeddable":true,"href":"https:\/\/www.revistalogistec.com\/index.php\/wp-json\/wp\/v2\/categories?post=29096"},{"taxonomy":"post_tag","embeddable":true,"href":"https:\/\/www.revistalogistec.com\/index.php\/wp-json\/wp\/v2\/tags?post=29096"}],"curies":[{"name":"wp","href":"https:\/\/api.w.org\/{rel}","templated":true}]}}