{"id":29352,"date":"2026-04-28T13:01:45","date_gmt":"2026-04-28T17:01:45","guid":{"rendered":"https:\/\/www.revistalogistec.com\/?p=29352"},"modified":"2026-04-28T13:01:45","modified_gmt":"2026-04-28T17:01:45","slug":"cuanto-te-esta-costando-la-sostenibilidad-sin-saberlo","status":"publish","type":"post","link":"https:\/\/www.revistalogistec.com\/index.php\/2026\/04\/28\/cuanto-te-esta-costando-la-sostenibilidad-sin-saberlo\/","title":{"rendered":"\u00bfCU\u00c1NTO TE EST\u00c1 COSTANDO LA SOSTENIBILIDAD SIN SABERLO?"},"content":{"rendered":"<p style=\"text-align: justify;\">Como profesional especialista en Sostenibilidad, cuando hago esa pregunta en contextos de supply chain, la reacci\u00f3n habitual es una mezcla de curiosidad e incomodidad. La curiosidad tiene sentido: no es la pregunta que esperan. La incomodidad tambi\u00e9n, porque la respuesta honesta suele ser la misma: no lo s\u00e9 (a\u00fan)&#8230;<!--more--><\/p>\n<p style=\"text-align: justify;\">Y eso tiene toda la l\u00f3gica del mundo. Los profesionales de supply chain y log\u00edstica gestionan con las variables que tienen en la pantalla. El problema es que hay variables que ya entraron a la ecuaci\u00f3n sin que nadie las pusiera ah\u00ed expl\u00edcitamente.<\/p>\n<p style=\"text-align: justify;\">El petr\u00f3leo es el ejemplo m\u00e1s visible hoy. Con el Estrecho de Ormuz cerrado y los precios disparados, cualquier empresa que mueve carga est\u00e1 sintiendo el impacto directo en sus costos de transporte. Pero hay una segunda capa que se discute menos: los pol\u00edmeros, base de una cantidad enorme de embalajes y componentes que circulan por las cadenas de suministro, se derivan del petr\u00f3leo. Cuando el precio del crudo sube, no solo sube el flete. Sube tambi\u00e9n el costo de una parte significativa de lo que se mueve, almacena y distribuye. \u00bfEstaba ese riesgo cuantificado en la planilla?<\/p>\n<p style=\"text-align: justify;\">El carbono mar\u00edtimo es otro caso. Desde hace un par de a\u00f1os, la Uni\u00f3n Europea cobra por emisiones a los barcos que tocan sus puertos, y las navieras trasladan ese costo como recargo expl\u00edcito en las cotizaciones de flete. Las tarifas de la Ley REP, las cuales impactan el costo de envases y embalajes, adem\u00e1s de otros productos, tambi\u00e9n son p\u00fablicas. Igual que los estados financieros de empresas reguladas: disponibles para quien los busque, pero con una utilidad bastante acotada sin saber leerlos y conectarlos con las decisiones del propio negocio.<\/p>\n<p style=\"text-align: justify;\">Con la sostenibilidad pasa exactamente lo mismo: la informaci\u00f3n existe, pero lo que marca la diferencia es saber leerla con los lentes correctos y traducirla a decisiones concretas de operaci\u00f3n (y finalmente, de negocio).<\/p>\n<p style=\"text-align: justify;\">Y hay un riesgo que suele aparecer a\u00fan m\u00e1s tarde en el radar: la legitimidad social. El estallido de 2019 nos mostr\u00f3 que las condiciones del entorno social pueden cambiar de forma abrupta, y que las se\u00f1ales estaban ah\u00ed antes de que ocurriera, aunque pocos las estaban leyendo. Para las cadenas de suministro, eso se traduce en una pregunta concreta: \u00bfest\u00e1 asegurada la licencia social para operar en los territorios donde opera mi cadena y mis proveedores? Esta es una pregunta clave en t\u00e9rminos de continuidad operacional en el largo plazo.<\/p>\n<p style=\"text-align: justify;\">Los riesgos de sostenibilidad no esperan a que nadie los descubra y los lleve a operaciones en una presentaci\u00f3n de PowerPoint. Llegan por los costos, por la continuidad operacional, por la dependencia de recursos que nadie ha mapeado y por la relaci\u00f3n con los territorios donde opera la cadena. Y eso hace que las \u00e1reas de supply chain sean protagonistas.<\/p>\n<p style=\"text-align: justify;\">El 13 de mayo en Logistec Show exploraremos algunos de esos casos, indagando en las preguntas que, \u201cen el fragor de la operaci\u00f3n\u201d, pocas veces nos damos el tiempo de hacernos.<\/p>\n<p style=\"text-align: justify;\">Por: Luc\u00eda Mart\u00ednez Caro es Gerenta General de Sustrategica y asesora senior en sostenibilidad corporativa. El 13 de mayo presentar\u00e1 \u00abSostenibilidad en supply chain: riesgos y oportunidades que ya est\u00e1n en tu operaci\u00f3n\u00bb en Logistec Show 2026, a las 15:45 hrs.<\/p>\n","protected":false},"excerpt":{"rendered":"<p>Como profesional especialista en Sostenibilidad, cuando hago esa pregunta en contextos de supply chain, la reacci\u00f3n habitual es una mezcla de curiosidad e incomodidad. La curiosidad tiene sentido: no es la pregunta que esperan. La incomodidad tambi\u00e9n, porque la respuesta honesta suele ser la misma: no lo s\u00e9 (a\u00fan)&#8230;<\/p>\n","protected":false},"author":1,"featured_media":29353,"comment_status":"closed","ping_status":"closed","sticky":false,"template":"","format":"standard","meta":{"_acf_changed":false,"jnews-multi-image_gallery":[],"jnews_single_post":{"subtitle":"","format":"standard","jnews_video_option_group":[[]],"override":[{"template":"1","parallax":"1","fullscreen":"1","layout":"right-sidebar","sidebar":"home-loop","second_sidebar":"default-sidebar","share_position":"top","share_float_style":"share-monocrhome","show_share_counter":"1","show_view_counter":"1","show_featured":"1","show_post_author_image":"1","show_post_date":"1","post_date_format":"default","post_date_format_custom":"Y\/m\/d","show_post_category":"1","show_post_reading_time":"0","post_reading_time_wpm":"300","post_calculate_word_method":"str_word_count","show_zoom_button":"0","zoom_button_out_step":"2","zoom_button_in_step":"3","show_post_tag":"1","show_prev_next_post":"1","show_popup_post":"1","number_popup_post":"1","show_post_related":"1","show_inline_post_related":"1"}],"image_override":[{"single_post_thumbnail_size":"crop-500","single_post_gallery_size":"crop-500"}],"trending_post_position":"meta","trending_post_label":"Trending","sponsored_post_label":"Sponsored by","disable_ad":"0"},"jnews_primary_category":[],"jnews_social_meta":[],"jnews_override_counter":{"view_counter_number":"0","share_counter_number":"0","like_counter_number":"0","dislike_counter_number":"0"},"footnotes":""},"categories":[83],"tags":[],"class_list":["post-29352","post","type-post","status-publish","format-standard","has-post-thumbnail","hentry","category-analisis"],"acf":[],"yoast_head":"<!-- This site is optimized with the Yoast SEO plugin v27.2 - https:\/\/yoast.com\/product\/yoast-seo-wordpress\/ -->\n<title>\u00bfCU\u00c1NTO TE EST\u00c1 COSTANDO LA SOSTENIBILIDAD SIN SABERLO? - Revista Logistec<\/title>\n<meta name=\"robots\" content=\"index, follow, max-snippet:-1, max-image-preview:large, max-video-preview:-1\" \/>\n<link rel=\"canonical\" href=\"https:\/\/www.revistalogistec.com\/index.php\/2026\/04\/28\/cuanto-te-esta-costando-la-sostenibilidad-sin-saberlo\/\" \/>\n<meta property=\"og:locale\" content=\"es_ES\" \/>\n<meta property=\"og:type\" content=\"article\" \/>\n<meta property=\"og:title\" content=\"\u00bfCU\u00c1NTO TE EST\u00c1 COSTANDO LA SOSTENIBILIDAD SIN SABERLO? - Revista Logistec\" \/>\n<meta property=\"og:description\" content=\"Como profesional especialista en Sostenibilidad, cuando hago esa pregunta en contextos de supply chain, la reacci\u00f3n habitual es una mezcla de curiosidad e incomodidad. La curiosidad tiene sentido: no es la pregunta que esperan. La incomodidad tambi\u00e9n, porque la respuesta honesta suele ser la misma: no lo s\u00e9 (a\u00fan)&#8230;\" \/>\n<meta property=\"og:url\" content=\"https:\/\/www.revistalogistec.com\/index.php\/2026\/04\/28\/cuanto-te-esta-costando-la-sostenibilidad-sin-saberlo\/\" \/>\n<meta property=\"og:site_name\" content=\"Revista Logistec\" \/>\n<meta property=\"article:published_time\" content=\"2026-04-28T17:01:45+00:00\" \/>\n<meta property=\"og:image\" content=\"https:\/\/www.revistalogistec.com\/wp-content\/uploads\/2026\/04\/lucia_martinez.jpg\" \/>\n\t<meta property=\"og:image:width\" content=\"1140\" \/>\n\t<meta property=\"og:image:height\" content=\"760\" \/>\n\t<meta property=\"og:image:type\" content=\"image\/jpeg\" \/>\n<meta name=\"author\" content=\"admin\" \/>\n<meta name=\"twitter:card\" content=\"summary_large_image\" \/>\n<meta name=\"twitter:label1\" content=\"Escrito por\" \/>\n\t<meta name=\"twitter:data1\" content=\"admin\" \/>\n\t<meta name=\"twitter:label2\" content=\"Tiempo de lectura\" \/>\n\t<meta name=\"twitter:data2\" content=\"3 minutos\" \/>\n<script type=\"application\/ld+json\" class=\"yoast-schema-graph\">{\"@context\":\"https:\/\/schema.org\",\"@graph\":[{\"@type\":\"Article\",\"@id\":\"https:\/\/www.revistalogistec.com\/index.php\/2026\/04\/28\/cuanto-te-esta-costando-la-sostenibilidad-sin-saberlo\/#article\",\"isPartOf\":{\"@id\":\"https:\/\/www.revistalogistec.com\/index.php\/2026\/04\/28\/cuanto-te-esta-costando-la-sostenibilidad-sin-saberlo\/\"},\"author\":{\"name\":\"admin\",\"@id\":\"https:\/\/www.revistalogistec.com\/#\/schema\/person\/b25cced65507282f3fc6eb806b1db4f0\"},\"headline\":\"\u00bfCU\u00c1NTO TE EST\u00c1 COSTANDO LA SOSTENIBILIDAD SIN SABERLO?\",\"datePublished\":\"2026-04-28T17:01:45+00:00\",\"mainEntityOfPage\":{\"@id\":\"https:\/\/www.revistalogistec.com\/index.php\/2026\/04\/28\/cuanto-te-esta-costando-la-sostenibilidad-sin-saberlo\/\"},\"wordCount\":574,\"image\":{\"@id\":\"https:\/\/www.revistalogistec.com\/index.php\/2026\/04\/28\/cuanto-te-esta-costando-la-sostenibilidad-sin-saberlo\/#primaryimage\"},\"thumbnailUrl\":\"https:\/\/www.revistalogistec.com\/wp-content\/uploads\/2026\/04\/lucia_martinez.jpg\",\"articleSection\":[\"AN\u00c1LISIS\"],\"inLanguage\":\"es\"},{\"@type\":\"WebPage\",\"@id\":\"https:\/\/www.revistalogistec.com\/index.php\/2026\/04\/28\/cuanto-te-esta-costando-la-sostenibilidad-sin-saberlo\/\",\"url\":\"https:\/\/www.revistalogistec.com\/index.php\/2026\/04\/28\/cuanto-te-esta-costando-la-sostenibilidad-sin-saberlo\/\",\"name\":\"\u00bfCU\u00c1NTO TE EST\u00c1 COSTANDO LA SOSTENIBILIDAD SIN SABERLO? - Revista Logistec\",\"isPartOf\":{\"@id\":\"https:\/\/www.revistalogistec.com\/#website\"},\"primaryImageOfPage\":{\"@id\":\"https:\/\/www.revistalogistec.com\/index.php\/2026\/04\/28\/cuanto-te-esta-costando-la-sostenibilidad-sin-saberlo\/#primaryimage\"},\"image\":{\"@id\":\"https:\/\/www.revistalogistec.com\/index.php\/2026\/04\/28\/cuanto-te-esta-costando-la-sostenibilidad-sin-saberlo\/#primaryimage\"},\"thumbnailUrl\":\"https:\/\/www.revistalogistec.com\/wp-content\/uploads\/2026\/04\/lucia_martinez.jpg\",\"datePublished\":\"2026-04-28T17:01:45+00:00\",\"author\":{\"@id\":\"https:\/\/www.revistalogistec.com\/#\/schema\/person\/b25cced65507282f3fc6eb806b1db4f0\"},\"breadcrumb\":{\"@id\":\"https:\/\/www.revistalogistec.com\/index.php\/2026\/04\/28\/cuanto-te-esta-costando-la-sostenibilidad-sin-saberlo\/#breadcrumb\"},\"inLanguage\":\"es\",\"potentialAction\":[{\"@type\":\"ReadAction\",\"target\":[\"https:\/\/www.revistalogistec.com\/index.php\/2026\/04\/28\/cuanto-te-esta-costando-la-sostenibilidad-sin-saberlo\/\"]}]},{\"@type\":\"ImageObject\",\"inLanguage\":\"es\",\"@id\":\"https:\/\/www.revistalogistec.com\/index.php\/2026\/04\/28\/cuanto-te-esta-costando-la-sostenibilidad-sin-saberlo\/#primaryimage\",\"url\":\"https:\/\/www.revistalogistec.com\/wp-content\/uploads\/2026\/04\/lucia_martinez.jpg\",\"contentUrl\":\"https:\/\/www.revistalogistec.com\/wp-content\/uploads\/2026\/04\/lucia_martinez.jpg\",\"width\":1140,\"height\":760},{\"@type\":\"BreadcrumbList\",\"@id\":\"https:\/\/www.revistalogistec.com\/index.php\/2026\/04\/28\/cuanto-te-esta-costando-la-sostenibilidad-sin-saberlo\/#breadcrumb\",\"itemListElement\":[{\"@type\":\"ListItem\",\"position\":1,\"name\":\"Portada\",\"item\":\"https:\/\/www.revistalogistec.com\/\"},{\"@type\":\"ListItem\",\"position\":2,\"name\":\"\u00bfCU\u00c1NTO TE EST\u00c1 COSTANDO LA SOSTENIBILIDAD SIN SABERLO?\"}]},{\"@type\":\"WebSite\",\"@id\":\"https:\/\/www.revistalogistec.com\/#website\",\"url\":\"https:\/\/www.revistalogistec.com\/\",\"name\":\"Revista Logistec\",\"description\":\"\",\"potentialAction\":[{\"@type\":\"SearchAction\",\"target\":{\"@type\":\"EntryPoint\",\"urlTemplate\":\"https:\/\/www.revistalogistec.com\/?s={search_term_string}\"},\"query-input\":{\"@type\":\"PropertyValueSpecification\",\"valueRequired\":true,\"valueName\":\"search_term_string\"}}],\"inLanguage\":\"es\"},{\"@type\":\"Person\",\"@id\":\"https:\/\/www.revistalogistec.com\/#\/schema\/person\/b25cced65507282f3fc6eb806b1db4f0\",\"name\":\"admin\",\"image\":{\"@type\":\"ImageObject\",\"inLanguage\":\"es\",\"@id\":\"https:\/\/secure.gravatar.com\/avatar\/94631f712dee24b50f2f12a7caf62df22b2c346945fcff655ce85b674bebf6fd?s=96&d=mm&r=g\",\"url\":\"https:\/\/secure.gravatar.com\/avatar\/94631f712dee24b50f2f12a7caf62df22b2c346945fcff655ce85b674bebf6fd?s=96&d=mm&r=g\",\"contentUrl\":\"https:\/\/secure.gravatar.com\/avatar\/94631f712dee24b50f2f12a7caf62df22b2c346945fcff655ce85b674bebf6fd?s=96&d=mm&r=g\",\"caption\":\"admin\"},\"sameAs\":[\"https:\/\/www.revistalogistec.com\"],\"url\":\"https:\/\/www.revistalogistec.com\/index.php\/author\/admin_revlog\/\"}]}<\/script>\n<!-- \/ Yoast SEO plugin. -->","yoast_head_json":{"title":"\u00bfCU\u00c1NTO TE EST\u00c1 COSTANDO LA SOSTENIBILIDAD SIN SABERLO? - Revista Logistec","robots":{"index":"index","follow":"follow","max-snippet":"max-snippet:-1","max-image-preview":"max-image-preview:large","max-video-preview":"max-video-preview:-1"},"canonical":"https:\/\/www.revistalogistec.com\/index.php\/2026\/04\/28\/cuanto-te-esta-costando-la-sostenibilidad-sin-saberlo\/","og_locale":"es_ES","og_type":"article","og_title":"\u00bfCU\u00c1NTO TE EST\u00c1 COSTANDO LA SOSTENIBILIDAD SIN SABERLO? - Revista Logistec","og_description":"Como profesional especialista en Sostenibilidad, cuando hago esa pregunta en contextos de supply chain, la reacci\u00f3n habitual es una mezcla de curiosidad e incomodidad. La curiosidad tiene sentido: no es la pregunta que esperan. La incomodidad tambi\u00e9n, porque la respuesta honesta suele ser la misma: no lo s\u00e9 (a\u00fan)&#8230;","og_url":"https:\/\/www.revistalogistec.com\/index.php\/2026\/04\/28\/cuanto-te-esta-costando-la-sostenibilidad-sin-saberlo\/","og_site_name":"Revista Logistec","article_published_time":"2026-04-28T17:01:45+00:00","og_image":[{"width":1140,"height":760,"url":"https:\/\/www.revistalogistec.com\/wp-content\/uploads\/2026\/04\/lucia_martinez.jpg","type":"image\/jpeg"}],"author":"admin","twitter_card":"summary_large_image","twitter_misc":{"Escrito por":"admin","Tiempo de lectura":"3 minutos"},"schema":{"@context":"https:\/\/schema.org","@graph":[{"@type":"Article","@id":"https:\/\/www.revistalogistec.com\/index.php\/2026\/04\/28\/cuanto-te-esta-costando-la-sostenibilidad-sin-saberlo\/#article","isPartOf":{"@id":"https:\/\/www.revistalogistec.com\/index.php\/2026\/04\/28\/cuanto-te-esta-costando-la-sostenibilidad-sin-saberlo\/"},"author":{"name":"admin","@id":"https:\/\/www.revistalogistec.com\/#\/schema\/person\/b25cced65507282f3fc6eb806b1db4f0"},"headline":"\u00bfCU\u00c1NTO TE EST\u00c1 COSTANDO LA SOSTENIBILIDAD SIN SABERLO?","datePublished":"2026-04-28T17:01:45+00:00","mainEntityOfPage":{"@id":"https:\/\/www.revistalogistec.com\/index.php\/2026\/04\/28\/cuanto-te-esta-costando-la-sostenibilidad-sin-saberlo\/"},"wordCount":574,"image":{"@id":"https:\/\/www.revistalogistec.com\/index.php\/2026\/04\/28\/cuanto-te-esta-costando-la-sostenibilidad-sin-saberlo\/#primaryimage"},"thumbnailUrl":"https:\/\/www.revistalogistec.com\/wp-content\/uploads\/2026\/04\/lucia_martinez.jpg","articleSection":["AN\u00c1LISIS"],"inLanguage":"es"},{"@type":"WebPage","@id":"https:\/\/www.revistalogistec.com\/index.php\/2026\/04\/28\/cuanto-te-esta-costando-la-sostenibilidad-sin-saberlo\/","url":"https:\/\/www.revistalogistec.com\/index.php\/2026\/04\/28\/cuanto-te-esta-costando-la-sostenibilidad-sin-saberlo\/","name":"\u00bfCU\u00c1NTO TE EST\u00c1 COSTANDO LA SOSTENIBILIDAD SIN SABERLO? - Revista Logistec","isPartOf":{"@id":"https:\/\/www.revistalogistec.com\/#website"},"primaryImageOfPage":{"@id":"https:\/\/www.revistalogistec.com\/index.php\/2026\/04\/28\/cuanto-te-esta-costando-la-sostenibilidad-sin-saberlo\/#primaryimage"},"image":{"@id":"https:\/\/www.revistalogistec.com\/index.php\/2026\/04\/28\/cuanto-te-esta-costando-la-sostenibilidad-sin-saberlo\/#primaryimage"},"thumbnailUrl":"https:\/\/www.revistalogistec.com\/wp-content\/uploads\/2026\/04\/lucia_martinez.jpg","datePublished":"2026-04-28T17:01:45+00:00","author":{"@id":"https:\/\/www.revistalogistec.com\/#\/schema\/person\/b25cced65507282f3fc6eb806b1db4f0"},"breadcrumb":{"@id":"https:\/\/www.revistalogistec.com\/index.php\/2026\/04\/28\/cuanto-te-esta-costando-la-sostenibilidad-sin-saberlo\/#breadcrumb"},"inLanguage":"es","potentialAction":[{"@type":"ReadAction","target":["https:\/\/www.revistalogistec.com\/index.php\/2026\/04\/28\/cuanto-te-esta-costando-la-sostenibilidad-sin-saberlo\/"]}]},{"@type":"ImageObject","inLanguage":"es","@id":"https:\/\/www.revistalogistec.com\/index.php\/2026\/04\/28\/cuanto-te-esta-costando-la-sostenibilidad-sin-saberlo\/#primaryimage","url":"https:\/\/www.revistalogistec.com\/wp-content\/uploads\/2026\/04\/lucia_martinez.jpg","contentUrl":"https:\/\/www.revistalogistec.com\/wp-content\/uploads\/2026\/04\/lucia_martinez.jpg","width":1140,"height":760},{"@type":"BreadcrumbList","@id":"https:\/\/www.revistalogistec.com\/index.php\/2026\/04\/28\/cuanto-te-esta-costando-la-sostenibilidad-sin-saberlo\/#breadcrumb","itemListElement":[{"@type":"ListItem","position":1,"name":"Portada","item":"https:\/\/www.revistalogistec.com\/"},{"@type":"ListItem","position":2,"name":"\u00bfCU\u00c1NTO TE EST\u00c1 COSTANDO LA SOSTENIBILIDAD SIN SABERLO?"}]},{"@type":"WebSite","@id":"https:\/\/www.revistalogistec.com\/#website","url":"https:\/\/www.revistalogistec.com\/","name":"Revista Logistec","description":"","potentialAction":[{"@type":"SearchAction","target":{"@type":"EntryPoint","urlTemplate":"https:\/\/www.revistalogistec.com\/?s={search_term_string}"},"query-input":{"@type":"PropertyValueSpecification","valueRequired":true,"valueName":"search_term_string"}}],"inLanguage":"es"},{"@type":"Person","@id":"https:\/\/www.revistalogistec.com\/#\/schema\/person\/b25cced65507282f3fc6eb806b1db4f0","name":"admin","image":{"@type":"ImageObject","inLanguage":"es","@id":"https:\/\/secure.gravatar.com\/avatar\/94631f712dee24b50f2f12a7caf62df22b2c346945fcff655ce85b674bebf6fd?s=96&d=mm&r=g","url":"https:\/\/secure.gravatar.com\/avatar\/94631f712dee24b50f2f12a7caf62df22b2c346945fcff655ce85b674bebf6fd?s=96&d=mm&r=g","contentUrl":"https:\/\/secure.gravatar.com\/avatar\/94631f712dee24b50f2f12a7caf62df22b2c346945fcff655ce85b674bebf6fd?s=96&d=mm&r=g","caption":"admin"},"sameAs":["https:\/\/www.revistalogistec.com"],"url":"https:\/\/www.revistalogistec.com\/index.php\/author\/admin_revlog\/"}]}},"_links":{"self":[{"href":"https:\/\/www.revistalogistec.com\/index.php\/wp-json\/wp\/v2\/posts\/29352","targetHints":{"allow":["GET"]}}],"collection":[{"href":"https:\/\/www.revistalogistec.com\/index.php\/wp-json\/wp\/v2\/posts"}],"about":[{"href":"https:\/\/www.revistalogistec.com\/index.php\/wp-json\/wp\/v2\/types\/post"}],"author":[{"embeddable":true,"href":"https:\/\/www.revistalogistec.com\/index.php\/wp-json\/wp\/v2\/users\/1"}],"replies":[{"embeddable":true,"href":"https:\/\/www.revistalogistec.com\/index.php\/wp-json\/wp\/v2\/comments?post=29352"}],"version-history":[{"count":1,"href":"https:\/\/www.revistalogistec.com\/index.php\/wp-json\/wp\/v2\/posts\/29352\/revisions"}],"predecessor-version":[{"id":29354,"href":"https:\/\/www.revistalogistec.com\/index.php\/wp-json\/wp\/v2\/posts\/29352\/revisions\/29354"}],"wp:featuredmedia":[{"embeddable":true,"href":"https:\/\/www.revistalogistec.com\/index.php\/wp-json\/wp\/v2\/media\/29353"}],"wp:attachment":[{"href":"https:\/\/www.revistalogistec.com\/index.php\/wp-json\/wp\/v2\/media?parent=29352"}],"wp:term":[{"taxonomy":"category","embeddable":true,"href":"https:\/\/www.revistalogistec.com\/index.php\/wp-json\/wp\/v2\/categories?post=29352"},{"taxonomy":"post_tag","embeddable":true,"href":"https:\/\/www.revistalogistec.com\/index.php\/wp-json\/wp\/v2\/tags?post=29352"}],"curies":[{"name":"wp","href":"https:\/\/api.w.org\/{rel}","templated":true}]}}