{"id":29355,"date":"2026-04-30T09:24:20","date_gmt":"2026-04-30T13:24:20","guid":{"rendered":"https:\/\/www.revistalogistec.com\/?p=29355"},"modified":"2026-04-30T09:24:20","modified_gmt":"2026-04-30T13:24:20","slug":"el-salto-logistico-de-alimentos-trendy-nueva-infraestructura-para-liderar-el-crecimiento","status":"publish","type":"post","link":"https:\/\/www.revistalogistec.com\/index.php\/2026\/04\/30\/el-salto-logistico-de-alimentos-trendy-nueva-infraestructura-para-liderar-el-crecimiento\/","title":{"rendered":"EL SALTO LOG\u00cdSTICO DE ALIMENTOS TRENDY: NUEVA INFRAESTRUCTURA PARA LIDERAR EL CRECIMIENTO"},"content":{"rendered":"<p style=\"text-align: justify;\">La compa\u00f1\u00eda refuerza su posicionamiento en la industria de alimentos con la puesta en marcha de un moderno Centro de Distribuci\u00f3n, dise\u00f1ado para responder a la creciente complejidad del negocio. M\u00e1s capacidad, mayor eficiencia y una operaci\u00f3n preparada para el futuro marcan este hito que impulsa su estrategia de expansi\u00f3n y diversificaci\u00f3n.<!--more--><\/p>\n<p style=\"text-align: justify;\">En una industria donde la eficiencia operativa, la capacidad de respuesta y el control de la cadena de fr\u00edo son factores cr\u00edticos, la log\u00edstica ha dejado de ser un \u00e1rea de soporte para transformarse en un pilar estrat\u00e9gico del negocio. Bajo esta premisa, Alimentos Trendy, compa\u00f1\u00eda chilena que se ha consolidado como el segundo actor m\u00e1s relevante del mercado nacional de helados, ha dado un paso decisivo en su proceso de crecimiento y sofisticaci\u00f3n operativa con la puesta en marcha de su nuevo Centro de Distribuci\u00f3n (CD) ubicado en Pudahuel.<\/p>\n<p style=\"text-align: justify;\">Este hito no solo responde a una necesidad de mayor capacidad e infraestructura, sino que refleja una visi\u00f3n de largo plazo orientada a sostener el crecimiento, enfrentar la creciente complejidad del negocio y habilitar la expansi\u00f3n hacia nuevas categor\u00edas dentro de la industria alimentaria.<\/p>\n<p style=\"text-align: justify;\">Con una historia marcada por su origen familiar, un fuerte dinamismo comercial y una constante apuesta por la innovaci\u00f3n en productos, Alimentos Trendy ha evolucionado hacia una organizaci\u00f3n cada vez m\u00e1s profesionalizada, donde la log\u00edstica juega un rol clave en la promesa de valor hacia sus clientes. En un mercado exigente, altamente competitivo y con una fuerte estacionalidad, la compa\u00f1\u00eda ha sabido adaptarse, ampliando su portafolio y proyectando su desarrollo a trav\u00e9s de iniciativas como su estrategia \u201cRuta 2030\u201d, que busca consolidarla como una empresa multicategor\u00eda.<\/p>\n<p style=\"text-align: justify;\">No es casualidad que, en su propia definici\u00f3n como compa\u00f1\u00eda, Alimentos Trendy destaque el concepto de \u201cdistribuci\u00f3n\u201d como parte esencial de su prop\u00f3sito: \u201ccrear momentos de alegr\u00eda con todas las personas\u201d. Esta declaraci\u00f3n no solo habla de su vocaci\u00f3n comercial, sino que evidencia c\u00f3mo la log\u00edstica y la distribuci\u00f3n forman parte del ADN de la empresa y de su propuesta de valor.<\/p>\n<p style=\"text-align: justify;\">En este escenario, el nuevo Centro de Distribuci\u00f3n emerge como una plataforma cr\u00edtica para acompa\u00f1ar ese crecimiento, optimizar la operaci\u00f3n, mejorar los niveles de servicio y sentar las bases de una log\u00edstica moderna, eficiente y escalable, capaz de responder a los desaf\u00edos actuales y futuros del negocio.<\/p>\n<p style=\"text-align: justify;\">As\u00ed, el crecimiento sostenido de Alimentos Trendy en los \u00faltimos a\u00f1os y el aumento en la envergadura de las operaciones log\u00edsticas hizo necesario dar un salto en infraestructura. \u201cNuestra operaci\u00f3n requer\u00eda una plataforma m\u00e1s moderna, eficiente y escalable, capaz de acompa\u00f1ar el desarrollo del negocio y responder de mejor manera a los vol\u00famenes de operaci\u00f3n que manejamos, especialmente en una industria con una marcada estacionalidad como la nuestra\u201d, afirma Carlos Donoso, gerente de Supply Chain de la compa\u00f1\u00eda.<\/p>\n<h4 style=\"text-align: justify;\">DE EMPRESA FAMILIAR A ACTOR RELEVANTE<\/h4>\n<p style=\"text-align: justify;\">La historia de la compa\u00f1\u00eda est\u00e1 profundamente ligada a su capacidad de adaptaci\u00f3n y crecimiento en un mercado altamente competitivo. Desde sus inicios como empresa familiar, ha logrado posicionarse como un actor relevante en la industria de helados, destacando por su innovaci\u00f3n en productos y su cercan\u00eda con el consumidor.<\/p>\n<p style=\"text-align: justify;\"><img decoding=\"async\" class=\"size-full wp-image-29359 alignleft\" style=\"border-width: 20px; margin: 20px;\" src=\"https:\/\/www.revistalogistec.com\/wp-content\/uploads\/2026\/04\/perfil_10.jpg\" alt=\"\" width=\"200\" height=\"200\" srcset=\"https:\/\/www.revistalogistec.com\/wp-content\/uploads\/2026\/04\/perfil_10.jpg 200w, https:\/\/www.revistalogistec.com\/wp-content\/uploads\/2026\/04\/perfil_10-150x150.jpg 150w, https:\/\/www.revistalogistec.com\/wp-content\/uploads\/2026\/04\/perfil_10-75x75.jpg 75w\" sizes=\"(max-width: 200px) 100vw, 200px\" \/>Fundada en 1997 con el objetivo de convertirse en una de las compa\u00f1\u00edas de helados m\u00e1s importantes de Chile, Alimentos Trendy ha transitado un camino de expansi\u00f3n sostenida que la ha llevado a consolidarse en el mercado local..<\/p>\n<p style=\"text-align: justify;\">Hoy, ese crecimiento se proyecta a trav\u00e9s de una estrategia clara: la \u201cRuta 2030\u201d, cuyo objetivo es transformar a la compa\u00f1\u00eda en un actor multicategor\u00eda dentro de la industria de alimentos. \u201cEsto implica no solo seguir fortaleciendo nuestras categor\u00edas tradicionales, sino tambi\u00e9n potenciar nuevas l\u00edneas de negocio, particularmente productos secos y el desarrollo de alianzas comerciales\u201d, comenta Donoso.<\/p>\n<p style=\"text-align: justify;\">Esta evoluci\u00f3n no es nueva en la trayectoria de la compa\u00f1\u00eda. Ya en 2001, Trendy dio un paso relevante al incorporar la categor\u00eda de confites, ampliando su portafolio con chicles y chocolates. En el 2003, Trendy compra la planta de helados ubicada en San Bernardo, junto con la marca Panda. A\u00f1os m\u00e1s tarde, en 2006, profundiz\u00f3 su diversificaci\u00f3n con el desarrollo de snacks bajo la marca TIM, consolidando una estrategia de crecimiento basada en la innovaci\u00f3n y cercan\u00eda con el consumidor.<\/p>\n<p style=\"text-align: justify;\">En este contexto, la log\u00edstica se convierte en un habilitador cr\u00edtico. \u201cPara que ese crecimiento sea sostenible, es fundamental contar con una infraestructura log\u00edstica preparada para manejar mayores vol\u00famenes y una mayor diversidad de productos\u201d, agrega el ejecutivo.<\/p>\n<h4 style=\"text-align: justify;\">UN ANTES Y UN DESPU\u00c9S OPERACIONAL<\/h4>\n<p style=\"text-align: justify;\">La puesta en marcha del nuevo Centro de Distribuci\u00f3n marca un punto de inflexi\u00f3n en la operaci\u00f3n de Alimentos Trendy, tanto por su dise\u00f1o como por su impacto en la eficiencia.<\/p>\n<p style=\"text-align: justify;\">\u201cSin duda, este proyecto marca un antes y un despu\u00e9s en nuestra operaci\u00f3n log\u00edstica\u201d, enfatiza Donoso. \u201cNuestro centro de distribuci\u00f3n anterior operaba en una infraestructura con muchos a\u00f1os de antig\u00fcedad, cuyo layout y dimensiones no estaban dise\u00f1ados espec\u00edficamente para nuestra operaci\u00f3n. Muchas veces deb\u00edamos adaptar nuestros procesos a esas limitaciones e incluso trasladar productos a otros centros, lo que hac\u00eda ineficiente la operaci\u00f3n\u201d.<\/p>\n<p style=\"text-align: justify;\"><img decoding=\"async\" class=\"size-full wp-image-29360 alignright\" style=\"border-width: 20px; margin: 20px;\" src=\"https:\/\/www.revistalogistec.com\/wp-content\/uploads\/2026\/04\/perfil_11.jpg\" alt=\"\" width=\"200\" height=\"200\" srcset=\"https:\/\/www.revistalogistec.com\/wp-content\/uploads\/2026\/04\/perfil_11.jpg 200w, https:\/\/www.revistalogistec.com\/wp-content\/uploads\/2026\/04\/perfil_11-150x150.jpg 150w, https:\/\/www.revistalogistec.com\/wp-content\/uploads\/2026\/04\/perfil_11-75x75.jpg 75w\" sizes=\"(max-width: 200px) 100vw, 200px\" \/>A diferencia de esa realidad, el nuevo CD, ubicado en la comuna de Pudahuel, fue dise\u00f1ado desde su origen en funci\u00f3n de las necesidades de la compa\u00f1\u00eda. \u201cTuvimos la oportunidad de participar desde el inicio en el dise\u00f1o del proyecto, lo que nos permiti\u00f3 desarrollar una infraestructura mucho m\u00e1s alineada con nuestras operaciones y con los flujos log\u00edsticos que manejamos\u201d, destaca.<\/p>\n<p style=\"text-align: justify;\">Este cambio no solo permite consolidar operaciones, sino tambi\u00e9n elevar los est\u00e1ndares de servicio, mejorar el control de los procesos y reducir ineficiencias estructurales.<\/p>\n<p style=\"text-align: justify;\">En esta l\u00ednea, Manuel Mu\u00f1oz, subgerente de Abastecimiento y Log\u00edstica de Trendy, recalca que las cualidades de esta nueva infraestructura les ha permitido mejorar significativamente la eficiencia de la operaci\u00f3n log\u00edstica. Entre los principales beneficios, el ejecutivo destaca la optimizaci\u00f3n de los flujos de recepci\u00f3n y despacho; mayor capacidad de almacenamiento; mejor utilizaci\u00f3n del espacio operativo; la reducci\u00f3n de los tiempos de desplazamiento dentro del centro y una mayor seguridad en la operaci\u00f3n de equipos log\u00edsticos.<\/p>\n<p style=\"text-align: justify;\">\u201cTodo esto contribuye a una operaci\u00f3n m\u00e1s ordenada, eficiente y preparada para manejar mayores vol\u00famenes de operaci\u00f3n\u201d, asegura Mu\u00f1oz.<\/p>\n<h4 style=\"text-align: justify;\">INGENIER\u00cdA, CADENA DE FR\u00cdO Y EFICIENCIA OPERATIVA<\/h4>\n<p style=\"text-align: justify;\">El desarrollo del proyecto implic\u00f3 un importante trabajo de integraci\u00f3n t\u00e9cnica y operativa. Seg\u00fan el gerente de Supply Chain, uno de los principales desaf\u00edos que enfrentaron fue dise\u00f1ar una infraestructura que combinara eficiencia operativa, control de la cadena de fr\u00edo y capacidad de crecimiento futuro.<\/p>\n<p style=\"text-align: justify;\">As\u00ed, el dise\u00f1o determin\u00f3 finalmente un nuevo centro que cuenta con una superficie cercana a los 20.000 m\u00b2 y una capacidad de 14.000 posiciones pallet para productos congelados y 6.000 para productos secos, escalables a 8.000. Esta infraestructura incorpora racks de alta densidad, sistemas de refrigeraci\u00f3n industrial y andenes dise\u00f1ados para operaci\u00f3n intensiva.<\/p>\n<p style=\"text-align: justify;\">En materia de cadena de fr\u00edo, aspecto vital para esta industria, el foco fue garantizar la calidad de los productos. \u201cLa integridad de la cadena de fr\u00edo fue uno de los pilares en el dise\u00f1o del centro de distribuci\u00f3n. Implementamos sistemas de refrigeraci\u00f3n industrial de alta eficiencia (-24\u00b0C), infraestructura t\u00e9rmicamente aislada y monitoreo permanente de temperatura\u201d, explica Manuel. Adem\u00e1s, los procesos operacionales est\u00e1n dise\u00f1ados para minimizar las exposiciones t\u00e9rmicas durante la operaci\u00f3n con la finalidad de mantener la calidad de los productos en cada etapa del proceso.<\/p>\n<p style=\"text-align: justify;\">A esto se suma la incorporaci\u00f3n de equipamiento log\u00edstico moderno, como las gr\u00faas trilaterales en pasillos angostos. \u201cEstas m\u00e1quinas permiten que la cabina del operador se eleve junto con la horquilla, facilitando la visualizaci\u00f3n directa de los pallets hasta niveles superiores. Esto mejora significativamente los procesos de control de inventario, verificaci\u00f3n y toma de inventarios, haciendo el proceso mucho m\u00e1s eficiente y preciso\u201d, detalla el subgerente de Abastecimiento y Log\u00edstica.<\/p>\n<h4 style=\"text-align: justify;\">UNA PLATAFORMA LOG\u00cdSTICA PARA EL FUTURO<\/h4>\n<p style=\"text-align: justify;\">M\u00e1s all\u00e1 de la mejora inmediata en la operaci\u00f3n, el nuevo CD se proyecta como una plataforma estrat\u00e9gica para el crecimiento futuro de la compa\u00f1\u00eda.<\/p>\n<p style=\"text-align: justify;\">\u201cHoy en d\u00eda el foco principal est\u00e1 en estandarizar y consolidar las operaciones dentro del nuevo centro de distribuci\u00f3n\u201d, comenta Donoso, reconociendo que si bien la automatizaci\u00f3n es una l\u00ednea de desarrollo importante hacia el futuro, actualmente el desaf\u00edo est\u00e1 en adaptar los procesos al nuevo layout y aprovechar al m\u00e1ximo el potencial de la infraestructura.<\/p>\n<p style=\"text-align: justify;\">En paralelo, la compa\u00f1\u00eda ya visualiza nuevos desaf\u00edos y oportunidades. \u201cUno de los principales desaf\u00edos es maximizar la utilizaci\u00f3n de nuestra capacidad instalada. En ese contexto, estamos trabajando en iniciativas que nos permitan aprovechar la capacidad ociosa que eventualmente pueda existir\u201d, explica.<\/p>\n<p style=\"text-align: justify;\">Entre estas iniciativas destaca el desarrollo de nuevos servicios log\u00edsticos. \u201cHoy Alimentos Trendy tambi\u00e9n est\u00e1 impulsando el desarrollo de servicios log\u00edsticos para terceros, particularmente en el arriendo de capacidad de almacenamiento en fr\u00edo, lo que nos permite generar nuevas oportunidades de negocio y aprovechar de manera m\u00e1s eficiente nuestra infraestructura log\u00edstica\u201d, detalla el gerente de Supply Chain<\/p>\n<p style=\"text-align: justify;\">La puesta en marcha de este nuevo Centro de Distribuci\u00f3n no solo representa un avance en t\u00e9rminos de infraestructura, sino un cambio en la forma en que la compa\u00f1\u00eda entiende su operaci\u00f3n log\u00edstica. Una evoluci\u00f3n que consolida a la log\u00edstica como un motor estrat\u00e9gico del negocio y que permite a Alimentos Trendy enfrentar con solidez los desaf\u00edos de una industria cada vez m\u00e1s exigente y din\u00e1mica.<\/p>\n<p><a href=\"https:\/\/www.wiselink.app\/es\/exposition\/416f354b-fb80-11f0-9817-02d051dd84e8\/pre-accreditation?channelId=4dbd85d4-0906-11f1-9817-02d051dd84e8\" target=\"_blank\" rel=\"noopener\"><img decoding=\"async\" class=\"alignnone size-full wp-image-29328\" src=\"https:\/\/www.revistalogistec.com\/wp-content\/uploads\/2026\/04\/banner_abril_850.gif\" alt=\"\" width=\"850\" height=\"224\" \/><\/a><\/p>\n","protected":false},"excerpt":{"rendered":"<p>La compa\u00f1\u00eda refuerza su posicionamiento en la industria de alimentos con la puesta en marcha de un moderno Centro de Distribuci\u00f3n, dise\u00f1ado para responder a la creciente complejidad del negocio. M\u00e1s capacidad, mayor eficiencia y una operaci\u00f3n preparada para el futuro marcan este hito que impulsa su estrategia de expansi\u00f3n y diversificaci\u00f3n.<\/p>\n","protected":false},"author":1,"featured_media":29357,"comment_status":"closed","ping_status":"closed","sticky":false,"template":"","format":"gallery","meta":{"_acf_changed":false,"jnews-multi-image_gallery":[],"jnews_single_post":{"format":"gallery","jnews_video_option_group":[[]],"override":[{"template":"1","parallax":"1","fullscreen":"1","layout":"right-sidebar","sidebar":"home-loop","second_sidebar":"default-sidebar","share_position":"top","share_float_style":"share-monocrhome","show_share_counter":"1","show_view_counter":"1","show_featured":"1","show_post_author_image":"1","show_post_date":"1","post_date_format":"default","post_date_format_custom":"Y\/m\/d","show_post_category":"1","show_post_reading_time":"0","post_reading_time_wpm":"300","post_calculate_word_method":"str_word_count","show_zoom_button":"0","zoom_button_out_step":"2","zoom_button_in_step":"3","show_post_tag":"1","show_prev_next_post":"1","show_popup_post":"1","number_popup_post":"1","show_post_related":"1","show_inline_post_related":"1"}],"image_override":[{"single_post_thumbnail_size":"crop-500","single_post_gallery_size":"crop-500"}],"trending_post_position":"meta","trending_post_label":"Trending","sponsored_post_label":"Sponsored by","disable_ad":"0","gallery":"29356,29357,29358","subtitle":""},"jnews_primary_category":[],"jnews_social_meta":[],"jnews_override_counter":{"view_counter_number":"0","share_counter_number":"0","like_counter_number":"0","dislike_counter_number":"0"},"footnotes":""},"categories":[75],"tags":[],"class_list":["post-29355","post","type-post","status-publish","format-gallery","has-post-thumbnail","hentry","category-perfil","post_format-post-format-gallery"],"acf":[],"yoast_head":"<!-- This site is optimized with the Yoast SEO plugin v27.2 - https:\/\/yoast.com\/product\/yoast-seo-wordpress\/ -->\n<title>EL SALTO LOG\u00cdSTICO DE ALIMENTOS TRENDY: NUEVA INFRAESTRUCTURA PARA LIDERAR EL CRECIMIENTO - Revista Logistec<\/title>\n<meta name=\"robots\" content=\"index, follow, max-snippet:-1, max-image-preview:large, max-video-preview:-1\" \/>\n<link rel=\"canonical\" href=\"https:\/\/www.revistalogistec.com\/index.php\/2026\/04\/30\/el-salto-logistico-de-alimentos-trendy-nueva-infraestructura-para-liderar-el-crecimiento\/\" \/>\n<meta property=\"og:locale\" content=\"es_ES\" \/>\n<meta property=\"og:type\" content=\"article\" \/>\n<meta property=\"og:title\" content=\"EL SALTO LOG\u00cdSTICO DE ALIMENTOS TRENDY: NUEVA INFRAESTRUCTURA PARA LIDERAR EL CRECIMIENTO - Revista Logistec\" \/>\n<meta property=\"og:description\" content=\"La compa\u00f1\u00eda refuerza su posicionamiento en la industria de alimentos con la puesta en marcha de un moderno Centro de Distribuci\u00f3n, dise\u00f1ado para responder a la creciente complejidad del negocio. M\u00e1s capacidad, mayor eficiencia y una operaci\u00f3n preparada para el futuro marcan este hito que impulsa su estrategia de expansi\u00f3n y diversificaci\u00f3n.\" \/>\n<meta property=\"og:url\" content=\"https:\/\/www.revistalogistec.com\/index.php\/2026\/04\/30\/el-salto-logistico-de-alimentos-trendy-nueva-infraestructura-para-liderar-el-crecimiento\/\" \/>\n<meta property=\"og:site_name\" content=\"Revista Logistec\" \/>\n<meta property=\"article:published_time\" content=\"2026-04-30T13:24:20+00:00\" \/>\n<meta property=\"og:image\" content=\"https:\/\/www.revistalogistec.com\/wp-content\/uploads\/2026\/04\/perfil_2.jpg\" \/>\n\t<meta property=\"og:image:width\" content=\"1140\" \/>\n\t<meta property=\"og:image:height\" content=\"760\" \/>\n\t<meta property=\"og:image:type\" content=\"image\/jpeg\" \/>\n<meta name=\"author\" content=\"admin\" \/>\n<meta name=\"twitter:card\" content=\"summary_large_image\" \/>\n<meta name=\"twitter:label1\" content=\"Escrito por\" \/>\n\t<meta name=\"twitter:data1\" content=\"admin\" \/>\n\t<meta name=\"twitter:label2\" content=\"Tiempo de lectura\" \/>\n\t<meta name=\"twitter:data2\" content=\"8 minutos\" \/>\n<script type=\"application\/ld+json\" class=\"yoast-schema-graph\">{\"@context\":\"https:\/\/schema.org\",\"@graph\":[{\"@type\":\"Article\",\"@id\":\"https:\/\/www.revistalogistec.com\/index.php\/2026\/04\/30\/el-salto-logistico-de-alimentos-trendy-nueva-infraestructura-para-liderar-el-crecimiento\/#article\",\"isPartOf\":{\"@id\":\"https:\/\/www.revistalogistec.com\/index.php\/2026\/04\/30\/el-salto-logistico-de-alimentos-trendy-nueva-infraestructura-para-liderar-el-crecimiento\/\"},\"author\":{\"name\":\"admin\",\"@id\":\"https:\/\/www.revistalogistec.com\/#\/schema\/person\/b25cced65507282f3fc6eb806b1db4f0\"},\"headline\":\"EL SALTO LOG\u00cdSTICO DE ALIMENTOS TRENDY: NUEVA INFRAESTRUCTURA PARA LIDERAR EL CRECIMIENTO\",\"datePublished\":\"2026-04-30T13:24:20+00:00\",\"mainEntityOfPage\":{\"@id\":\"https:\/\/www.revistalogistec.com\/index.php\/2026\/04\/30\/el-salto-logistico-de-alimentos-trendy-nueva-infraestructura-para-liderar-el-crecimiento\/\"},\"wordCount\":1707,\"image\":{\"@id\":\"https:\/\/www.revistalogistec.com\/index.php\/2026\/04\/30\/el-salto-logistico-de-alimentos-trendy-nueva-infraestructura-para-liderar-el-crecimiento\/#primaryimage\"},\"thumbnailUrl\":\"https:\/\/www.revistalogistec.com\/wp-content\/uploads\/2026\/04\/perfil_2.jpg\",\"articleSection\":[\"PERFIL\"],\"inLanguage\":\"es\"},{\"@type\":\"WebPage\",\"@id\":\"https:\/\/www.revistalogistec.com\/index.php\/2026\/04\/30\/el-salto-logistico-de-alimentos-trendy-nueva-infraestructura-para-liderar-el-crecimiento\/\",\"url\":\"https:\/\/www.revistalogistec.com\/index.php\/2026\/04\/30\/el-salto-logistico-de-alimentos-trendy-nueva-infraestructura-para-liderar-el-crecimiento\/\",\"name\":\"EL SALTO LOG\u00cdSTICO DE ALIMENTOS TRENDY: NUEVA INFRAESTRUCTURA PARA LIDERAR EL CRECIMIENTO - Revista Logistec\",\"isPartOf\":{\"@id\":\"https:\/\/www.revistalogistec.com\/#website\"},\"primaryImageOfPage\":{\"@id\":\"https:\/\/www.revistalogistec.com\/index.php\/2026\/04\/30\/el-salto-logistico-de-alimentos-trendy-nueva-infraestructura-para-liderar-el-crecimiento\/#primaryimage\"},\"image\":{\"@id\":\"https:\/\/www.revistalogistec.com\/index.php\/2026\/04\/30\/el-salto-logistico-de-alimentos-trendy-nueva-infraestructura-para-liderar-el-crecimiento\/#primaryimage\"},\"thumbnailUrl\":\"https:\/\/www.revistalogistec.com\/wp-content\/uploads\/2026\/04\/perfil_2.jpg\",\"datePublished\":\"2026-04-30T13:24:20+00:00\",\"author\":{\"@id\":\"https:\/\/www.revistalogistec.com\/#\/schema\/person\/b25cced65507282f3fc6eb806b1db4f0\"},\"breadcrumb\":{\"@id\":\"https:\/\/www.revistalogistec.com\/index.php\/2026\/04\/30\/el-salto-logistico-de-alimentos-trendy-nueva-infraestructura-para-liderar-el-crecimiento\/#breadcrumb\"},\"inLanguage\":\"es\",\"potentialAction\":[{\"@type\":\"ReadAction\",\"target\":[\"https:\/\/www.revistalogistec.com\/index.php\/2026\/04\/30\/el-salto-logistico-de-alimentos-trendy-nueva-infraestructura-para-liderar-el-crecimiento\/\"]}]},{\"@type\":\"ImageObject\",\"inLanguage\":\"es\",\"@id\":\"https:\/\/www.revistalogistec.com\/index.php\/2026\/04\/30\/el-salto-logistico-de-alimentos-trendy-nueva-infraestructura-para-liderar-el-crecimiento\/#primaryimage\",\"url\":\"https:\/\/www.revistalogistec.com\/wp-content\/uploads\/2026\/04\/perfil_2.jpg\",\"contentUrl\":\"https:\/\/www.revistalogistec.com\/wp-content\/uploads\/2026\/04\/perfil_2.jpg\",\"width\":1140,\"height\":760},{\"@type\":\"BreadcrumbList\",\"@id\":\"https:\/\/www.revistalogistec.com\/index.php\/2026\/04\/30\/el-salto-logistico-de-alimentos-trendy-nueva-infraestructura-para-liderar-el-crecimiento\/#breadcrumb\",\"itemListElement\":[{\"@type\":\"ListItem\",\"position\":1,\"name\":\"Portada\",\"item\":\"https:\/\/www.revistalogistec.com\/\"},{\"@type\":\"ListItem\",\"position\":2,\"name\":\"EL SALTO LOG\u00cdSTICO DE ALIMENTOS TRENDY: NUEVA INFRAESTRUCTURA PARA LIDERAR EL CRECIMIENTO\"}]},{\"@type\":\"WebSite\",\"@id\":\"https:\/\/www.revistalogistec.com\/#website\",\"url\":\"https:\/\/www.revistalogistec.com\/\",\"name\":\"Revista Logistec\",\"description\":\"\",\"potentialAction\":[{\"@type\":\"SearchAction\",\"target\":{\"@type\":\"EntryPoint\",\"urlTemplate\":\"https:\/\/www.revistalogistec.com\/?s={search_term_string}\"},\"query-input\":{\"@type\":\"PropertyValueSpecification\",\"valueRequired\":true,\"valueName\":\"search_term_string\"}}],\"inLanguage\":\"es\"},{\"@type\":\"Person\",\"@id\":\"https:\/\/www.revistalogistec.com\/#\/schema\/person\/b25cced65507282f3fc6eb806b1db4f0\",\"name\":\"admin\",\"image\":{\"@type\":\"ImageObject\",\"inLanguage\":\"es\",\"@id\":\"https:\/\/secure.gravatar.com\/avatar\/94631f712dee24b50f2f12a7caf62df22b2c346945fcff655ce85b674bebf6fd?s=96&d=mm&r=g\",\"url\":\"https:\/\/secure.gravatar.com\/avatar\/94631f712dee24b50f2f12a7caf62df22b2c346945fcff655ce85b674bebf6fd?s=96&d=mm&r=g\",\"contentUrl\":\"https:\/\/secure.gravatar.com\/avatar\/94631f712dee24b50f2f12a7caf62df22b2c346945fcff655ce85b674bebf6fd?s=96&d=mm&r=g\",\"caption\":\"admin\"},\"sameAs\":[\"https:\/\/www.revistalogistec.com\"],\"url\":\"https:\/\/www.revistalogistec.com\/index.php\/author\/admin_revlog\/\"}]}<\/script>\n<!-- \/ Yoast SEO plugin. -->","yoast_head_json":{"title":"EL SALTO LOG\u00cdSTICO DE ALIMENTOS TRENDY: NUEVA INFRAESTRUCTURA PARA LIDERAR EL CRECIMIENTO - Revista Logistec","robots":{"index":"index","follow":"follow","max-snippet":"max-snippet:-1","max-image-preview":"max-image-preview:large","max-video-preview":"max-video-preview:-1"},"canonical":"https:\/\/www.revistalogistec.com\/index.php\/2026\/04\/30\/el-salto-logistico-de-alimentos-trendy-nueva-infraestructura-para-liderar-el-crecimiento\/","og_locale":"es_ES","og_type":"article","og_title":"EL SALTO LOG\u00cdSTICO DE ALIMENTOS TRENDY: NUEVA INFRAESTRUCTURA PARA LIDERAR EL CRECIMIENTO - Revista Logistec","og_description":"La compa\u00f1\u00eda refuerza su posicionamiento en la industria de alimentos con la puesta en marcha de un moderno Centro de Distribuci\u00f3n, dise\u00f1ado para responder a la creciente complejidad del negocio. M\u00e1s capacidad, mayor eficiencia y una operaci\u00f3n preparada para el futuro marcan este hito que impulsa su estrategia de expansi\u00f3n y diversificaci\u00f3n.","og_url":"https:\/\/www.revistalogistec.com\/index.php\/2026\/04\/30\/el-salto-logistico-de-alimentos-trendy-nueva-infraestructura-para-liderar-el-crecimiento\/","og_site_name":"Revista Logistec","article_published_time":"2026-04-30T13:24:20+00:00","og_image":[{"width":1140,"height":760,"url":"https:\/\/www.revistalogistec.com\/wp-content\/uploads\/2026\/04\/perfil_2.jpg","type":"image\/jpeg"}],"author":"admin","twitter_card":"summary_large_image","twitter_misc":{"Escrito por":"admin","Tiempo de lectura":"8 minutos"},"schema":{"@context":"https:\/\/schema.org","@graph":[{"@type":"Article","@id":"https:\/\/www.revistalogistec.com\/index.php\/2026\/04\/30\/el-salto-logistico-de-alimentos-trendy-nueva-infraestructura-para-liderar-el-crecimiento\/#article","isPartOf":{"@id":"https:\/\/www.revistalogistec.com\/index.php\/2026\/04\/30\/el-salto-logistico-de-alimentos-trendy-nueva-infraestructura-para-liderar-el-crecimiento\/"},"author":{"name":"admin","@id":"https:\/\/www.revistalogistec.com\/#\/schema\/person\/b25cced65507282f3fc6eb806b1db4f0"},"headline":"EL SALTO LOG\u00cdSTICO DE ALIMENTOS TRENDY: NUEVA INFRAESTRUCTURA PARA LIDERAR EL CRECIMIENTO","datePublished":"2026-04-30T13:24:20+00:00","mainEntityOfPage":{"@id":"https:\/\/www.revistalogistec.com\/index.php\/2026\/04\/30\/el-salto-logistico-de-alimentos-trendy-nueva-infraestructura-para-liderar-el-crecimiento\/"},"wordCount":1707,"image":{"@id":"https:\/\/www.revistalogistec.com\/index.php\/2026\/04\/30\/el-salto-logistico-de-alimentos-trendy-nueva-infraestructura-para-liderar-el-crecimiento\/#primaryimage"},"thumbnailUrl":"https:\/\/www.revistalogistec.com\/wp-content\/uploads\/2026\/04\/perfil_2.jpg","articleSection":["PERFIL"],"inLanguage":"es"},{"@type":"WebPage","@id":"https:\/\/www.revistalogistec.com\/index.php\/2026\/04\/30\/el-salto-logistico-de-alimentos-trendy-nueva-infraestructura-para-liderar-el-crecimiento\/","url":"https:\/\/www.revistalogistec.com\/index.php\/2026\/04\/30\/el-salto-logistico-de-alimentos-trendy-nueva-infraestructura-para-liderar-el-crecimiento\/","name":"EL SALTO LOG\u00cdSTICO DE ALIMENTOS TRENDY: NUEVA INFRAESTRUCTURA PARA LIDERAR EL CRECIMIENTO - Revista Logistec","isPartOf":{"@id":"https:\/\/www.revistalogistec.com\/#website"},"primaryImageOfPage":{"@id":"https:\/\/www.revistalogistec.com\/index.php\/2026\/04\/30\/el-salto-logistico-de-alimentos-trendy-nueva-infraestructura-para-liderar-el-crecimiento\/#primaryimage"},"image":{"@id":"https:\/\/www.revistalogistec.com\/index.php\/2026\/04\/30\/el-salto-logistico-de-alimentos-trendy-nueva-infraestructura-para-liderar-el-crecimiento\/#primaryimage"},"thumbnailUrl":"https:\/\/www.revistalogistec.com\/wp-content\/uploads\/2026\/04\/perfil_2.jpg","datePublished":"2026-04-30T13:24:20+00:00","author":{"@id":"https:\/\/www.revistalogistec.com\/#\/schema\/person\/b25cced65507282f3fc6eb806b1db4f0"},"breadcrumb":{"@id":"https:\/\/www.revistalogistec.com\/index.php\/2026\/04\/30\/el-salto-logistico-de-alimentos-trendy-nueva-infraestructura-para-liderar-el-crecimiento\/#breadcrumb"},"inLanguage":"es","potentialAction":[{"@type":"ReadAction","target":["https:\/\/www.revistalogistec.com\/index.php\/2026\/04\/30\/el-salto-logistico-de-alimentos-trendy-nueva-infraestructura-para-liderar-el-crecimiento\/"]}]},{"@type":"ImageObject","inLanguage":"es","@id":"https:\/\/www.revistalogistec.com\/index.php\/2026\/04\/30\/el-salto-logistico-de-alimentos-trendy-nueva-infraestructura-para-liderar-el-crecimiento\/#primaryimage","url":"https:\/\/www.revistalogistec.com\/wp-content\/uploads\/2026\/04\/perfil_2.jpg","contentUrl":"https:\/\/www.revistalogistec.com\/wp-content\/uploads\/2026\/04\/perfil_2.jpg","width":1140,"height":760},{"@type":"BreadcrumbList","@id":"https:\/\/www.revistalogistec.com\/index.php\/2026\/04\/30\/el-salto-logistico-de-alimentos-trendy-nueva-infraestructura-para-liderar-el-crecimiento\/#breadcrumb","itemListElement":[{"@type":"ListItem","position":1,"name":"Portada","item":"https:\/\/www.revistalogistec.com\/"},{"@type":"ListItem","position":2,"name":"EL SALTO LOG\u00cdSTICO DE ALIMENTOS TRENDY: NUEVA INFRAESTRUCTURA PARA LIDERAR EL CRECIMIENTO"}]},{"@type":"WebSite","@id":"https:\/\/www.revistalogistec.com\/#website","url":"https:\/\/www.revistalogistec.com\/","name":"Revista Logistec","description":"","potentialAction":[{"@type":"SearchAction","target":{"@type":"EntryPoint","urlTemplate":"https:\/\/www.revistalogistec.com\/?s={search_term_string}"},"query-input":{"@type":"PropertyValueSpecification","valueRequired":true,"valueName":"search_term_string"}}],"inLanguage":"es"},{"@type":"Person","@id":"https:\/\/www.revistalogistec.com\/#\/schema\/person\/b25cced65507282f3fc6eb806b1db4f0","name":"admin","image":{"@type":"ImageObject","inLanguage":"es","@id":"https:\/\/secure.gravatar.com\/avatar\/94631f712dee24b50f2f12a7caf62df22b2c346945fcff655ce85b674bebf6fd?s=96&d=mm&r=g","url":"https:\/\/secure.gravatar.com\/avatar\/94631f712dee24b50f2f12a7caf62df22b2c346945fcff655ce85b674bebf6fd?s=96&d=mm&r=g","contentUrl":"https:\/\/secure.gravatar.com\/avatar\/94631f712dee24b50f2f12a7caf62df22b2c346945fcff655ce85b674bebf6fd?s=96&d=mm&r=g","caption":"admin"},"sameAs":["https:\/\/www.revistalogistec.com"],"url":"https:\/\/www.revistalogistec.com\/index.php\/author\/admin_revlog\/"}]}},"_links":{"self":[{"href":"https:\/\/www.revistalogistec.com\/index.php\/wp-json\/wp\/v2\/posts\/29355","targetHints":{"allow":["GET"]}}],"collection":[{"href":"https:\/\/www.revistalogistec.com\/index.php\/wp-json\/wp\/v2\/posts"}],"about":[{"href":"https:\/\/www.revistalogistec.com\/index.php\/wp-json\/wp\/v2\/types\/post"}],"author":[{"embeddable":true,"href":"https:\/\/www.revistalogistec.com\/index.php\/wp-json\/wp\/v2\/users\/1"}],"replies":[{"embeddable":true,"href":"https:\/\/www.revistalogistec.com\/index.php\/wp-json\/wp\/v2\/comments?post=29355"}],"version-history":[{"count":1,"href":"https:\/\/www.revistalogistec.com\/index.php\/wp-json\/wp\/v2\/posts\/29355\/revisions"}],"predecessor-version":[{"id":29361,"href":"https:\/\/www.revistalogistec.com\/index.php\/wp-json\/wp\/v2\/posts\/29355\/revisions\/29361"}],"wp:featuredmedia":[{"embeddable":true,"href":"https:\/\/www.revistalogistec.com\/index.php\/wp-json\/wp\/v2\/media\/29357"}],"wp:attachment":[{"href":"https:\/\/www.revistalogistec.com\/index.php\/wp-json\/wp\/v2\/media?parent=29355"}],"wp:term":[{"taxonomy":"category","embeddable":true,"href":"https:\/\/www.revistalogistec.com\/index.php\/wp-json\/wp\/v2\/categories?post=29355"},{"taxonomy":"post_tag","embeddable":true,"href":"https:\/\/www.revistalogistec.com\/index.php\/wp-json\/wp\/v2\/tags?post=29355"}],"curies":[{"name":"wp","href":"https:\/\/api.w.org\/{rel}","templated":true}]}}