{"id":3222,"date":"2020-10-20T18:26:14","date_gmt":"2020-10-20T18:26:14","guid":{"rendered":"https:\/\/www.revistalogistec.com\/index.php\/2020\/10\/20\/el-momento-del-profesional-de-supply-chain\/"},"modified":"2020-10-20T18:26:14","modified_gmt":"2020-10-20T18:26:14","slug":"el-momento-del-profesional-de-supply-chain","status":"publish","type":"post","link":"https:\/\/www.revistalogistec.com\/index.php\/2020\/10\/20\/el-momento-del-profesional-de-supply-chain\/","title":{"rendered":"EL MOMENTO DEL PROFESIONAL DE SUPPLY CHAIN"},"content":{"rendered":"<p style=\"text-align: justify;\">Se vive una etapa de desaf\u00edos a nivel de industria, tambi\u00e9n es una \u00e9poca de tremendas oportunidades para que las empresas puedan generar cambios que hagan que las cadenas de suministros sean m\u00e1s r\u00e1pidas, flexibilidad y con foco en el nivel de servicio y experiencia de cara al cliente. En este sentido, los retos tambi\u00e9n los enfrentan los profesionales del \u00e1rea, quienes est\u00e1n llamados a poner al servicio de sus compa\u00f1\u00edas sus habilidades y conocimientos para lograr los objetivos y caminar en esta nueva realidad. Lleg\u00f3 el momento del profesional de Supply Chain y demostrar lo que se puede hacer.<\/p>\n<p style=\"text-align: justify;\">No existe industria en el pa\u00eds que no se ha visto desafiada por lo sucedido con la Pandemia. No importa si son grandes, medianas o peque\u00f1as; todas las empresas han debido ajustarse a la nueva realidad; una donde el temor por el aspecto sanitario se une a la incertidumbre econ\u00f3mica.<\/p>\n<p style=\"text-align: justify;\">Sin embargo, uno de los sectores m\u00e1s desafiados durante este periodo ha sido el log\u00edstico. Catalogada como una operaci\u00f3n esencial para el funcionamiento del pa\u00eds, fundamentalmente, para el abastecimiento de la poblaci\u00f3n; los diversos actores del rubro se han enfrentado a los retos que ha impuesto la continuidad operaci\u00f3n y el compromiso con sus consumidores.<\/p>\n<p style=\"text-align: justify;\">Como nunca, la cadena de suministro ha tenido un rol importante, a nivel social y comercial para las empresas; cobrando la log\u00edstica un valor central en el \u00e9xito de las compa\u00f1\u00edas. La log\u00edstica, como todas las \u00e1reas de la empresa, tiene como funci\u00f3n central agregar valor al negocio; en especial, con lo que dice relaci\u00f3n con sus clientes y consumidores.<\/p>\n<p style=\"text-align: justify;\">Atr\u00e1s qued\u00f3 la era en que la log\u00edstica era un \u00e1rea enfocada en la minimizaci\u00f3n de costos. Hoy el salto de esta \u00e1rea est\u00e1 respaldado por la nueva visi\u00f3n estrat\u00e9gica de las operaciones y que entrega valor a la empresa. <br \/>La log\u00edstica es un \u00e1rea que, bien gerenciada y posicionada en la organizaci\u00f3n, agrega valor al negocio y eficiencia. Comprender esto es darse cuenta de la importancia que tiene una correcta profesionalizaci\u00f3n de la log\u00edstica.<\/p>\n<p style=\"text-align: justify;\">Sin embargo, cuando los escenarios cambian, el cliente desaf\u00eda a las empresas, los negocios son retados y se comienza a hablar de una nueva log\u00edstica, todos deben \u201ctomar el guante\u201d y repensar el actuar de la gerencia de Supply.<\/p>\n<p>UNA NUEVA VISI\u00d3N<\/p>\n<p style=\"text-align: justify;\">El escenario actual ha obligado a repensar el modo de actuar y la forma de llevar adelante los negocios. Y en esa l\u00f3gica, la mirada del Supply Chain se vuelve mucho m\u00e1s importante, porque todas las estrategias comerciales tienen -tarde o temprano- un impacto en las operaciones que obligan a tomar decisiones.<\/p>\n<p style=\"text-align: justify;\"><img decoding=\"async\" class=\" alignleft size-full wp-image-3220\" src=\"https:\/\/www.revistalogistec.com\/wp-content\/uploads\/2020\/10\/imagen_jb.jpg\" alt=\"imagen jb\" style=\"margin: 10px; float: left;\" width=\"200\" height=\"200\" srcset=\"https:\/\/www.revistalogistec.com\/wp-content\/uploads\/2020\/10\/imagen_jb.jpg 200w, https:\/\/www.revistalogistec.com\/wp-content\/uploads\/2020\/10\/imagen_jb-150x150.jpg 150w, https:\/\/www.revistalogistec.com\/wp-content\/uploads\/2020\/10\/imagen_jb-75x75.jpg 75w\" sizes=\"(max-width: 200px) 100vw, 200px\" \/>As\u00ed, la mirada de Supply Chain -una mirada renovadora, amplia y con profundidad- al interior de las compa\u00f1\u00edas marcar\u00e1 diferencias. \u201cEsta visi\u00f3n ya no s\u00f3lo debe ser log\u00edstica, sino estrat\u00e9gica, encabezada por un ejecutivo \u2018diferente\u2019, capaz de entender los cambios comerciales y estrat\u00e9gicos, comprendiendo que todo tiene una causa \u2013 efecto. Atr\u00e1s queda la visi\u00f3n log\u00edstica m\u00e1s restringida, enfocada en el costo y optimizaci\u00f3n de la operaci\u00f3n\u201d, coment\u00f3 Javier Bravo, CEO de Liike Consulting. <\/p>\n<p>Hoy es necesario una mirada del negocio m\u00e1s abierta, con estrategias y soluciones. Por lo anterior, un gerente de Supply Chain no es f\u00e1cil encontrar, porque debe ser un ejecutivo capaz de entender lo comercial y lo operacional. \u201cLa clave para encontrar a este profesional est\u00e1 en 50% comercial, 50% log\u00edstico que le permita comprender el negocio en su amplitud y encontrar la forma de responder a los objetivos\u201d, agreg\u00f3 Bravo. <\/p>\n<p>\u00bfCu\u00e1l es el desarrollo de los ejecutivos nacionales? Para Alejandro Campusano, profesional del \u00e1rea log\u00edstica, actualmente las exigencias son m\u00e1s altas en t\u00e9rminos de capacidades y habilidades, \u201clas cuales van m\u00e1s all\u00e1 de lo acad\u00e9mico. Se buscan habilidades digitales y blandas que permitan que este nuevo l\u00edder tenga la capacidad de integrar, llamar y cohesionar distintos equipos para poder implementar proyectos que hoy son una obligaci\u00f3n\u201d.<\/p>\n<p style=\"text-align: justify;\">Ambos profesionales coinciden en que esta nueva visi\u00f3n de: romper las barreras del Centro de Distribuci\u00f3n y la log\u00edstica tradicional o netamente operacional; abri\u00e9ndose a mirar, dialogar y estar en l\u00ednea con las diferentes \u00e1reas de la compa\u00f1\u00eda. \u201cEl l\u00edder debe ampliar la mirada y tener empat\u00eda con las distintas \u00e1reas. Hoy la industria requiere de un l\u00edder cohesionador, generador de un ambiente de colaboraci\u00f3n al interior de las compa\u00f1\u00edas que les permita enfrentar de modo correcto los desaf\u00edos que hoy se presentan\u201d, afirm\u00f3 Campusano.<\/p>\n<p style=\"text-align: justify;\"><img decoding=\"async\" class=\" alignright size-full wp-image-887\" src=\"https:\/\/www.revistalogistec.com\/wp-content\/uploads\/2019\/12\/Natalia_Zuniga.jpg\" alt=\"Natalia Zuniga\" style=\"margin: 10px; float: right;\" width=\"200\" height=\"200\" srcset=\"https:\/\/www.revistalogistec.com\/wp-content\/uploads\/2019\/12\/Natalia_Zuniga.jpg 200w, https:\/\/www.revistalogistec.com\/wp-content\/uploads\/2019\/12\/Natalia_Zuniga-150x150.jpg 150w, https:\/\/www.revistalogistec.com\/wp-content\/uploads\/2019\/12\/Natalia_Zuniga-75x75.jpg 75w\" sizes=\"(max-width: 200px) 100vw, 200px\" \/>Pero estos cambios en la industria no s\u00f3lo han modificado las cualidades de los profesionales que busca la empresa, sino tambi\u00e9n la visi\u00f3n y el posicionamiento del \u00e1rea de Supply Chain al interior de las compa\u00f1\u00edas que -en cierta medida- ha sido impulsado y acelerado por la situaci\u00f3n de pandemia que se ha enfrentado.<\/p>\n<p style=\"text-align: justify;\">Es as\u00ed como la optimizaci\u00f3n y el costo -como factor relevante del dise\u00f1o de una cadena de suministro, dio paso a la experiencia de servicio de cara al cliente; y este cambio es el que debe estar en \u201cla mirada de este profesional Supply Chain, dado que esta situaci\u00f3n obliga a las \u00e1reas involucradas a crear una operaci\u00f3n flexible, sin perder el control, pero que permitan que estas operaciones lleguen al cliente final sin afectar su experiencia. Esta es la gran tarea de los profesionales hoy\u201d, expres\u00f3 Alejandro Campusano. <\/p>\n<p>Asimismo, Campusano destac\u00f3 el nivel del profesional chileno. \u201cEstamos preparados; pero estos nuevos escenarios son una tremenda oportunidad y un desaf\u00edo\u201d. Los profesionales de Supply Chain tendr\u00e1n la obligaci\u00f3n de mirar la transformaci\u00f3n digital m\u00e1s all\u00e1 de la incorporaci\u00f3n de tecnolog\u00edas, sino tambi\u00e9n en el manejo de informaci\u00f3n. El l\u00edder tendr\u00e1 que ser uno de los principales impulsores para que este proceso funcione de manera eficiente. Si no hay un l\u00edder convencido de que el camino que viene est\u00e1 ligado a la transformaci\u00f3n digital es probable que no se logre avanzar de manera satisfactoria\u201d, agreg\u00f3.<\/p>\n<p style=\"text-align: justify;\">Sin duda, ser\u00e1 una etapa de desaf\u00edos, pero tambi\u00e9n de tremendas oportunidades para que las empresas puedan generar cambios que hagan que las cadenas de suministros sean m\u00e1s r\u00e1pidas con mayor visibilidad y en este sentido, los retos tambi\u00e9n los enfrentan los profesionales del \u00e1rea, quienes est\u00e1n llamado a poner al servicio de sus compa\u00f1\u00edas sus habilidades y conocimientos para lograr los objetivos y caminar en esta nueva realidad. Lleg\u00f3 el momento del profesional de Supply Chain y demostrar lo que se puede hacer.<\/p>\n<p style=\"text-align: justify;\">PERFILES M\u00c1S DEMANDADOS POST PANDEMIA<\/p>\n<p style=\"text-align: justify;\">Un estudio de la consultora multinacional de RR.HH. Randstad, realizado a m\u00e1s de 400 tomadores de decisi\u00f3n de diferentes sectores, arroj\u00f3 algunas de las cualidades profesionales que ser\u00e1n m\u00e1s demandas en el futuro. En este sentido, Natalia Zu\u00f1iga, directora de marketing &amp; comunicaciones de Randstad, comenta que si bien es clave que las compa\u00f1\u00edas definan un plan exhaustivo de salud, seguridad e higiene, que cumpla con todas las exigencias planteadas por el Gobierno a trav\u00e9s del programa \u201cpaso a paso\u201d y las entidades fiscalizadores, \u201ctambi\u00e9n es fundamental que los directivos reflexionen acerca de c\u00f3mo se debe reconfigurar la fuerza laboral para enfrentar mejor otras potenciales crisis, ya sean sanitarias, sociales o econ\u00f3micas. Para esto es transcendental redefinir las estrategias de RR.HH., debido a que encontrar un balance adecuado entre personal permanente y flexible se ha vuelto m\u00e1s importante que nunca, tomando en cuenta que vivimos tiempos en los que es preciso reducir costos, pero seguir proporcionando un servicio sostenido y confiable\u201d.<\/p>\n<p style=\"text-align: justify;\"><img decoding=\"async\" class=\" alignleft size-full wp-image-2856\" src=\"https:\/\/www.revistalogistec.com\/wp-content\/uploads\/2020\/08\/Alejandro_Campusano.jpg\" alt=\"Alejandro Campusano\" style=\"margin: 10px; float: left;\" width=\"200\" height=\"200\" srcset=\"https:\/\/www.revistalogistec.com\/wp-content\/uploads\/2020\/08\/Alejandro_Campusano.jpg 200w, https:\/\/www.revistalogistec.com\/wp-content\/uploads\/2020\/08\/Alejandro_Campusano-150x150.jpg 150w, https:\/\/www.revistalogistec.com\/wp-content\/uploads\/2020\/08\/Alejandro_Campusano-75x75.jpg 75w\" sizes=\"(max-width: 200px) 100vw, 200px\" \/>Al parecer, esta es una tendencia que ya est\u00e1n visualizando las firmas. De acuerdo con la investigaci\u00f3n, 64% sostiene que la contrataci\u00f3n de trabajadores temporales o freelancers aportar\u00e1 agilidad, eficiencia y productividad a las compa\u00f1\u00edas una vez superada la crisis. Los principales beneficios que ven los encuestados son eliminar gastos fijos al poder contratar solo cuando existe una necesidad puntual, tener la posibilidad de acceder a habilidades espec\u00edficas, de las que carece la dotaci\u00f3n permanente, y\/o aumentar la competitividad de su negocio para recuperarse m\u00e1s r\u00e1pido del impacto econ\u00f3mico que dej\u00f3 la pandemia; mientras que hay un 36% que considera que el tipo de contrataci\u00f3n tradicional se mantendr\u00e1.<\/p>\n<p style=\"text-align: justify;\">En cuanto a los perfiles m\u00e1s solicitados, la ejecutiva comenta que tal como la emergencia sanitaria gener\u00f3 cambios en la forma de trabajar y en las habilidades requeridas, tambi\u00e9n modific\u00f3 los perfiles que ser\u00e1n m\u00e1s demandados, luego de transitar esta experiencia. El primer lugar lo ocupan profesionales con expertise en e-Commerce, con 53%; luego personal de soporte IT, con 42%; en tercera posici\u00f3n se encuentran programadores &amp; desarrolladores, con 37%; seguidos por gente de ciberseguridad, con 35%; y prevenci\u00f3n de riesgos, con 30%. M\u00e1s abajo se posicionan comunicaci\u00f3n interna (28%), talentos de log\u00edstica (25%), y community managers &amp; marketing (21%).<\/p>\n<p style=\"text-align: justify;\">Al respecto, la directiva de la multinacional comenta que, seg\u00fan cifras de Transbank,&nbsp;las ventas online del comercio minorista se incrementaron casi un 190%&nbsp;en doce meses; fuerte alza que hace imprescindible contar con m\u00e1s expertos en e-Commerce, quienes no solo se deben encargar del aumento de la demanda, sino que tambi\u00e9n de generar estrategias que permitan cumplir con la promesa de compra que se realiza al cliente, tanto en tiempo como en forma.<\/p>\n<p style=\"text-align: justify;\">Por otro lado, Natalia agrega que \u201cuno de los grandes desaf\u00edos que plante\u00f3 el home office es la seguridad inform\u00e1tica, ya que la gran circulaci\u00f3n de datos en la red puede dar lugar a ciberataques y el acceso a esta informaci\u00f3n desde distintos dispositivos y plataformas es sumamente delicado cuando el personal est\u00e1 con trabajo a distancia o teletrabajo. Por lo tanto, para que esta modalidad funcione correctamente, tiene que existir una infraestructura adecuada, adem\u00e1s de tecnolog\u00eda y pol\u00edticas de protecci\u00f3n de datos, lo que solo es posible contando con perfiles especializados en este \u00e1mbito\u201d, puntualiza.<\/p>\n","protected":false},"excerpt":{"rendered":"<p style=\"text-align: justify;\">Se vive una etapa de desaf\u00edos a nivel de industria, tambi\u00e9n es una \u00e9poca de tremendas oportunidades para que las empresas puedan generar cambios que hagan que las cadenas de suministros sean m\u00e1s r\u00e1pidas, flexibilidad y con foco en el nivel de servicio y experiencia de cara al cliente. En este sentido, los retos tambi\u00e9n los enfrentan los profesionales del \u00e1rea, quienes est\u00e1n llamados a poner al servicio de sus compa\u00f1\u00edas sus habilidades y conocimientos para lograr los objetivos y caminar en esta nueva realidad. Lleg\u00f3 el momento del profesional de Supply Chain y demostrar lo que se puede hacer.<\/p>\n","protected":false},"author":1,"featured_media":3219,"comment_status":"open","ping_status":"open","sticky":false,"template":"","format":"standard","meta":{"_acf_changed":false,"jnews-multi-image_gallery":[],"jnews_single_post":[],"jnews_primary_category":[],"jnews_social_meta":[],"jnews_override_counter":[],"footnotes":""},"categories":[47],"tags":[],"class_list":["post-3222","post","type-post","status-publish","format-standard","has-post-thumbnail","hentry","category-rrhh"],"acf":[],"yoast_head":"<!-- This site is optimized with the Yoast SEO plugin v27.2 - https:\/\/yoast.com\/product\/yoast-seo-wordpress\/ -->\n<title>EL MOMENTO DEL PROFESIONAL DE SUPPLY CHAIN - Revista Logistec<\/title>\n<meta name=\"robots\" content=\"index, follow, max-snippet:-1, max-image-preview:large, max-video-preview:-1\" \/>\n<link rel=\"canonical\" href=\"https:\/\/www.revistalogistec.com\/index.php\/2020\/10\/20\/el-momento-del-profesional-de-supply-chain\/\" \/>\n<meta property=\"og:locale\" content=\"es_ES\" \/>\n<meta property=\"og:type\" content=\"article\" \/>\n<meta property=\"og:title\" content=\"EL MOMENTO DEL PROFESIONAL DE SUPPLY CHAIN - Revista Logistec\" \/>\n<meta property=\"og:description\" content=\"Se vive una etapa de desaf\u00edos a nivel de industria, tambi\u00e9n es una \u00e9poca de tremendas oportunidades para que las empresas puedan generar cambios que hagan que las cadenas de suministros sean m\u00e1s r\u00e1pidas, flexibilidad y con foco en el nivel de servicio y experiencia de cara al cliente. En este sentido, los retos tambi\u00e9n los enfrentan los profesionales del \u00e1rea, quienes est\u00e1n llamados a poner al servicio de sus compa\u00f1\u00edas sus habilidades y conocimientos para lograr los objetivos y caminar en esta nueva realidad. Lleg\u00f3 el momento del profesional de Supply Chain y demostrar lo que se puede hacer.\" \/>\n<meta property=\"og:url\" content=\"https:\/\/www.revistalogistec.com\/index.php\/2020\/10\/20\/el-momento-del-profesional-de-supply-chain\/\" \/>\n<meta property=\"og:site_name\" content=\"Revista Logistec\" \/>\n<meta property=\"article:published_time\" content=\"2020-10-20T18:26:14+00:00\" \/>\n<meta property=\"og:image\" content=\"https:\/\/www.revistalogistec.com\/wp-content\/uploads\/2020\/10\/logistec_ed120_profesional.jpg\" \/>\n\t<meta property=\"og:image:width\" content=\"850\" \/>\n\t<meta property=\"og:image:height\" content=\"567\" \/>\n\t<meta property=\"og:image:type\" content=\"image\/jpeg\" \/>\n<meta name=\"author\" content=\"admin\" \/>\n<meta name=\"twitter:card\" content=\"summary_large_image\" \/>\n<meta name=\"twitter:label1\" content=\"Escrito por\" \/>\n\t<meta name=\"twitter:data1\" content=\"admin\" \/>\n\t<meta name=\"twitter:label2\" content=\"Tiempo de lectura\" \/>\n\t<meta name=\"twitter:data2\" content=\"9 minutos\" \/>\n<script type=\"application\/ld+json\" class=\"yoast-schema-graph\">{\"@context\":\"https:\/\/schema.org\",\"@graph\":[{\"@type\":\"Article\",\"@id\":\"https:\/\/www.revistalogistec.com\/index.php\/2020\/10\/20\/el-momento-del-profesional-de-supply-chain\/#article\",\"isPartOf\":{\"@id\":\"https:\/\/www.revistalogistec.com\/index.php\/2020\/10\/20\/el-momento-del-profesional-de-supply-chain\/\"},\"author\":{\"name\":\"admin\",\"@id\":\"https:\/\/www.revistalogistec.com\/#\/schema\/person\/b25cced65507282f3fc6eb806b1db4f0\"},\"headline\":\"EL MOMENTO DEL PROFESIONAL DE SUPPLY CHAIN\",\"datePublished\":\"2020-10-20T18:26:14+00:00\",\"mainEntityOfPage\":{\"@id\":\"https:\/\/www.revistalogistec.com\/index.php\/2020\/10\/20\/el-momento-del-profesional-de-supply-chain\/\"},\"wordCount\":1733,\"commentCount\":0,\"image\":{\"@id\":\"https:\/\/www.revistalogistec.com\/index.php\/2020\/10\/20\/el-momento-del-profesional-de-supply-chain\/#primaryimage\"},\"thumbnailUrl\":\"https:\/\/www.revistalogistec.com\/wp-content\/uploads\/2020\/10\/logistec_ed120_profesional.jpg\",\"articleSection\":[\"RRHH RSE PYMES\"],\"inLanguage\":\"es\"},{\"@type\":\"WebPage\",\"@id\":\"https:\/\/www.revistalogistec.com\/index.php\/2020\/10\/20\/el-momento-del-profesional-de-supply-chain\/\",\"url\":\"https:\/\/www.revistalogistec.com\/index.php\/2020\/10\/20\/el-momento-del-profesional-de-supply-chain\/\",\"name\":\"EL MOMENTO DEL PROFESIONAL DE SUPPLY CHAIN - Revista Logistec\",\"isPartOf\":{\"@id\":\"https:\/\/www.revistalogistec.com\/#website\"},\"primaryImageOfPage\":{\"@id\":\"https:\/\/www.revistalogistec.com\/index.php\/2020\/10\/20\/el-momento-del-profesional-de-supply-chain\/#primaryimage\"},\"image\":{\"@id\":\"https:\/\/www.revistalogistec.com\/index.php\/2020\/10\/20\/el-momento-del-profesional-de-supply-chain\/#primaryimage\"},\"thumbnailUrl\":\"https:\/\/www.revistalogistec.com\/wp-content\/uploads\/2020\/10\/logistec_ed120_profesional.jpg\",\"datePublished\":\"2020-10-20T18:26:14+00:00\",\"author\":{\"@id\":\"https:\/\/www.revistalogistec.com\/#\/schema\/person\/b25cced65507282f3fc6eb806b1db4f0\"},\"breadcrumb\":{\"@id\":\"https:\/\/www.revistalogistec.com\/index.php\/2020\/10\/20\/el-momento-del-profesional-de-supply-chain\/#breadcrumb\"},\"inLanguage\":\"es\",\"potentialAction\":[{\"@type\":\"ReadAction\",\"target\":[\"https:\/\/www.revistalogistec.com\/index.php\/2020\/10\/20\/el-momento-del-profesional-de-supply-chain\/\"]}]},{\"@type\":\"ImageObject\",\"inLanguage\":\"es\",\"@id\":\"https:\/\/www.revistalogistec.com\/index.php\/2020\/10\/20\/el-momento-del-profesional-de-supply-chain\/#primaryimage\",\"url\":\"https:\/\/www.revistalogistec.com\/wp-content\/uploads\/2020\/10\/logistec_ed120_profesional.jpg\",\"contentUrl\":\"https:\/\/www.revistalogistec.com\/wp-content\/uploads\/2020\/10\/logistec_ed120_profesional.jpg\",\"width\":850,\"height\":567},{\"@type\":\"BreadcrumbList\",\"@id\":\"https:\/\/www.revistalogistec.com\/index.php\/2020\/10\/20\/el-momento-del-profesional-de-supply-chain\/#breadcrumb\",\"itemListElement\":[{\"@type\":\"ListItem\",\"position\":1,\"name\":\"Portada\",\"item\":\"https:\/\/www.revistalogistec.com\/\"},{\"@type\":\"ListItem\",\"position\":2,\"name\":\"EL MOMENTO DEL PROFESIONAL DE SUPPLY CHAIN\"}]},{\"@type\":\"WebSite\",\"@id\":\"https:\/\/www.revistalogistec.com\/#website\",\"url\":\"https:\/\/www.revistalogistec.com\/\",\"name\":\"Revista Logistec\",\"description\":\"\",\"potentialAction\":[{\"@type\":\"SearchAction\",\"target\":{\"@type\":\"EntryPoint\",\"urlTemplate\":\"https:\/\/www.revistalogistec.com\/?s={search_term_string}\"},\"query-input\":{\"@type\":\"PropertyValueSpecification\",\"valueRequired\":true,\"valueName\":\"search_term_string\"}}],\"inLanguage\":\"es\"},{\"@type\":\"Person\",\"@id\":\"https:\/\/www.revistalogistec.com\/#\/schema\/person\/b25cced65507282f3fc6eb806b1db4f0\",\"name\":\"admin\",\"image\":{\"@type\":\"ImageObject\",\"inLanguage\":\"es\",\"@id\":\"https:\/\/secure.gravatar.com\/avatar\/94631f712dee24b50f2f12a7caf62df22b2c346945fcff655ce85b674bebf6fd?s=96&d=mm&r=g\",\"url\":\"https:\/\/secure.gravatar.com\/avatar\/94631f712dee24b50f2f12a7caf62df22b2c346945fcff655ce85b674bebf6fd?s=96&d=mm&r=g\",\"contentUrl\":\"https:\/\/secure.gravatar.com\/avatar\/94631f712dee24b50f2f12a7caf62df22b2c346945fcff655ce85b674bebf6fd?s=96&d=mm&r=g\",\"caption\":\"admin\"},\"sameAs\":[\"https:\/\/www.revistalogistec.com\"],\"url\":\"https:\/\/www.revistalogistec.com\/index.php\/author\/admin_revlog\/\"}]}<\/script>\n<!-- \/ Yoast SEO plugin. -->","yoast_head_json":{"title":"EL MOMENTO DEL PROFESIONAL DE SUPPLY CHAIN - Revista Logistec","robots":{"index":"index","follow":"follow","max-snippet":"max-snippet:-1","max-image-preview":"max-image-preview:large","max-video-preview":"max-video-preview:-1"},"canonical":"https:\/\/www.revistalogistec.com\/index.php\/2020\/10\/20\/el-momento-del-profesional-de-supply-chain\/","og_locale":"es_ES","og_type":"article","og_title":"EL MOMENTO DEL PROFESIONAL DE SUPPLY CHAIN - Revista Logistec","og_description":"Se vive una etapa de desaf\u00edos a nivel de industria, tambi\u00e9n es una \u00e9poca de tremendas oportunidades para que las empresas puedan generar cambios que hagan que las cadenas de suministros sean m\u00e1s r\u00e1pidas, flexibilidad y con foco en el nivel de servicio y experiencia de cara al cliente. En este sentido, los retos tambi\u00e9n los enfrentan los profesionales del \u00e1rea, quienes est\u00e1n llamados a poner al servicio de sus compa\u00f1\u00edas sus habilidades y conocimientos para lograr los objetivos y caminar en esta nueva realidad. Lleg\u00f3 el momento del profesional de Supply Chain y demostrar lo que se puede hacer.","og_url":"https:\/\/www.revistalogistec.com\/index.php\/2020\/10\/20\/el-momento-del-profesional-de-supply-chain\/","og_site_name":"Revista Logistec","article_published_time":"2020-10-20T18:26:14+00:00","og_image":[{"width":850,"height":567,"url":"https:\/\/www.revistalogistec.com\/wp-content\/uploads\/2020\/10\/logistec_ed120_profesional.jpg","type":"image\/jpeg"}],"author":"admin","twitter_card":"summary_large_image","twitter_misc":{"Escrito por":"admin","Tiempo de lectura":"9 minutos"},"schema":{"@context":"https:\/\/schema.org","@graph":[{"@type":"Article","@id":"https:\/\/www.revistalogistec.com\/index.php\/2020\/10\/20\/el-momento-del-profesional-de-supply-chain\/#article","isPartOf":{"@id":"https:\/\/www.revistalogistec.com\/index.php\/2020\/10\/20\/el-momento-del-profesional-de-supply-chain\/"},"author":{"name":"admin","@id":"https:\/\/www.revistalogistec.com\/#\/schema\/person\/b25cced65507282f3fc6eb806b1db4f0"},"headline":"EL MOMENTO DEL PROFESIONAL DE SUPPLY CHAIN","datePublished":"2020-10-20T18:26:14+00:00","mainEntityOfPage":{"@id":"https:\/\/www.revistalogistec.com\/index.php\/2020\/10\/20\/el-momento-del-profesional-de-supply-chain\/"},"wordCount":1733,"commentCount":0,"image":{"@id":"https:\/\/www.revistalogistec.com\/index.php\/2020\/10\/20\/el-momento-del-profesional-de-supply-chain\/#primaryimage"},"thumbnailUrl":"https:\/\/www.revistalogistec.com\/wp-content\/uploads\/2020\/10\/logistec_ed120_profesional.jpg","articleSection":["RRHH RSE PYMES"],"inLanguage":"es"},{"@type":"WebPage","@id":"https:\/\/www.revistalogistec.com\/index.php\/2020\/10\/20\/el-momento-del-profesional-de-supply-chain\/","url":"https:\/\/www.revistalogistec.com\/index.php\/2020\/10\/20\/el-momento-del-profesional-de-supply-chain\/","name":"EL MOMENTO DEL PROFESIONAL DE SUPPLY CHAIN - Revista Logistec","isPartOf":{"@id":"https:\/\/www.revistalogistec.com\/#website"},"primaryImageOfPage":{"@id":"https:\/\/www.revistalogistec.com\/index.php\/2020\/10\/20\/el-momento-del-profesional-de-supply-chain\/#primaryimage"},"image":{"@id":"https:\/\/www.revistalogistec.com\/index.php\/2020\/10\/20\/el-momento-del-profesional-de-supply-chain\/#primaryimage"},"thumbnailUrl":"https:\/\/www.revistalogistec.com\/wp-content\/uploads\/2020\/10\/logistec_ed120_profesional.jpg","datePublished":"2020-10-20T18:26:14+00:00","author":{"@id":"https:\/\/www.revistalogistec.com\/#\/schema\/person\/b25cced65507282f3fc6eb806b1db4f0"},"breadcrumb":{"@id":"https:\/\/www.revistalogistec.com\/index.php\/2020\/10\/20\/el-momento-del-profesional-de-supply-chain\/#breadcrumb"},"inLanguage":"es","potentialAction":[{"@type":"ReadAction","target":["https:\/\/www.revistalogistec.com\/index.php\/2020\/10\/20\/el-momento-del-profesional-de-supply-chain\/"]}]},{"@type":"ImageObject","inLanguage":"es","@id":"https:\/\/www.revistalogistec.com\/index.php\/2020\/10\/20\/el-momento-del-profesional-de-supply-chain\/#primaryimage","url":"https:\/\/www.revistalogistec.com\/wp-content\/uploads\/2020\/10\/logistec_ed120_profesional.jpg","contentUrl":"https:\/\/www.revistalogistec.com\/wp-content\/uploads\/2020\/10\/logistec_ed120_profesional.jpg","width":850,"height":567},{"@type":"BreadcrumbList","@id":"https:\/\/www.revistalogistec.com\/index.php\/2020\/10\/20\/el-momento-del-profesional-de-supply-chain\/#breadcrumb","itemListElement":[{"@type":"ListItem","position":1,"name":"Portada","item":"https:\/\/www.revistalogistec.com\/"},{"@type":"ListItem","position":2,"name":"EL MOMENTO DEL PROFESIONAL DE SUPPLY CHAIN"}]},{"@type":"WebSite","@id":"https:\/\/www.revistalogistec.com\/#website","url":"https:\/\/www.revistalogistec.com\/","name":"Revista Logistec","description":"","potentialAction":[{"@type":"SearchAction","target":{"@type":"EntryPoint","urlTemplate":"https:\/\/www.revistalogistec.com\/?s={search_term_string}"},"query-input":{"@type":"PropertyValueSpecification","valueRequired":true,"valueName":"search_term_string"}}],"inLanguage":"es"},{"@type":"Person","@id":"https:\/\/www.revistalogistec.com\/#\/schema\/person\/b25cced65507282f3fc6eb806b1db4f0","name":"admin","image":{"@type":"ImageObject","inLanguage":"es","@id":"https:\/\/secure.gravatar.com\/avatar\/94631f712dee24b50f2f12a7caf62df22b2c346945fcff655ce85b674bebf6fd?s=96&d=mm&r=g","url":"https:\/\/secure.gravatar.com\/avatar\/94631f712dee24b50f2f12a7caf62df22b2c346945fcff655ce85b674bebf6fd?s=96&d=mm&r=g","contentUrl":"https:\/\/secure.gravatar.com\/avatar\/94631f712dee24b50f2f12a7caf62df22b2c346945fcff655ce85b674bebf6fd?s=96&d=mm&r=g","caption":"admin"},"sameAs":["https:\/\/www.revistalogistec.com"],"url":"https:\/\/www.revistalogistec.com\/index.php\/author\/admin_revlog\/"}]}},"_links":{"self":[{"href":"https:\/\/www.revistalogistec.com\/index.php\/wp-json\/wp\/v2\/posts\/3222","targetHints":{"allow":["GET"]}}],"collection":[{"href":"https:\/\/www.revistalogistec.com\/index.php\/wp-json\/wp\/v2\/posts"}],"about":[{"href":"https:\/\/www.revistalogistec.com\/index.php\/wp-json\/wp\/v2\/types\/post"}],"author":[{"embeddable":true,"href":"https:\/\/www.revistalogistec.com\/index.php\/wp-json\/wp\/v2\/users\/1"}],"replies":[{"embeddable":true,"href":"https:\/\/www.revistalogistec.com\/index.php\/wp-json\/wp\/v2\/comments?post=3222"}],"version-history":[{"count":0,"href":"https:\/\/www.revistalogistec.com\/index.php\/wp-json\/wp\/v2\/posts\/3222\/revisions"}],"wp:featuredmedia":[{"embeddable":true,"href":"https:\/\/www.revistalogistec.com\/index.php\/wp-json\/wp\/v2\/media\/3219"}],"wp:attachment":[{"href":"https:\/\/www.revistalogistec.com\/index.php\/wp-json\/wp\/v2\/media?parent=3222"}],"wp:term":[{"taxonomy":"category","embeddable":true,"href":"https:\/\/www.revistalogistec.com\/index.php\/wp-json\/wp\/v2\/categories?post=3222"},{"taxonomy":"post_tag","embeddable":true,"href":"https:\/\/www.revistalogistec.com\/index.php\/wp-json\/wp\/v2\/tags?post=3222"}],"curies":[{"name":"wp","href":"https:\/\/api.w.org\/{rel}","templated":true}]}}