{"id":3256,"date":"2020-10-20T19:40:38","date_gmt":"2020-10-20T19:40:38","guid":{"rendered":"https:\/\/www.revistalogistec.com\/index.php\/2020\/10\/20\/contenedores-inteligentes-tecnologia-verde-para-el-manejo-de-la-basura-urbana\/"},"modified":"2025-11-07T13:23:04","modified_gmt":"2025-11-07T17:23:04","slug":"contenedores-inteligentes-tecnologia-verde-para-el-manejo-de-la-basura-urbana","status":"publish","type":"post","link":"https:\/\/www.revistalogistec.com\/index.php\/2020\/10\/20\/contenedores-inteligentes-tecnologia-verde-para-el-manejo-de-la-basura-urbana\/","title":{"rendered":"CONTENEDORES INTELIGENTES: TECNOLOG\u00cdA VERDE PARA EL MANEJO DE LA BASURA URBANA"},"content":{"rendered":"<p style=\"text-align: justify;\">La Municipalidad Estaci\u00f3n Central instal\u00f3 40 contenedores inteligentes como parte del Proyecto \u201cRevive Barrios\u201d en diversos puntos de alto tr\u00e1nsito en la comuna. Se trata de equipos con un almacenaje de hasta 8 veces m\u00e1s que los tradicionales gracias a su sistema de compactaci\u00f3n.<\/p>\n<p style=\"text-align: justify;\">Santiago, octubre 2020.- Los contenedores inteligentes son equipos de \u00faltima tecnolog\u00eda que compactan los residuos y que funciona 100% con energ\u00eda solar. Al compactar, disminuye la frecuencia de recolecci\u00f3n de la basura hasta en un 80%, la cantidad de bolsas pl\u00e1sticas utilizadas y, por lo tanto, disminuye la huella de carbono. Adem\u00e1s, los equipos poseen un software de alerta que notifica al centro de monitoreo cuando est\u00e1n a su m\u00e1xima capacidad y deben ser vaciados.<\/p>\n<p style=\"text-align: justify;\">La Municipalidad de Estaci\u00f3n Central realiz\u00f3 esta implementaci\u00f3n como parte del proyecto \u201cRevive Barrios\u201d que busca entregar calles y aceras m\u00e1s limpias en las cuales los vecinos y visitantes puedan circular sin desbordes de basura ni malos olores. En esta comuna, transitan diariamente un mill\u00f3n de personas, por lo tanto, se hace necesaria una soluci\u00f3n tecnol\u00f3gica que contribuya de manera eficiente con el manejo de los residuos urbanos.<\/p>\n<p style=\"text-align: justify;\">El proyecto se llev\u00f3 a cabo con el apoyo de la de Subsecretar\u00eda de Desarrollo Regional y Administrativo, bajo la implementaci\u00f3n de la empresa chilena Vigatec. Durante la ceremonia, a prop\u00f3sito de la puesta en marcha de uso de los contenedores, el alcalde coment\u00f3 \u201cson dispositivos de \u00faltima tecnolog\u00eda que compactan y con esa acci\u00f3n va generando mayor eficiencia, son herm\u00e9ticos y no generan olores, si hay un cambio de temperatura internamente generan una alerta a las autoridades y as\u00ed una serie de situaciones ligadas a la tecnolog\u00eda\u201d.<\/p>\n<p><img decoding=\"async\" class=\" size-full wp-image-3255\" src=\"https:\/\/www.revistalogistec.com\/wp-content\/uploads\/2020\/10\/vigatec_2.jpg\" alt=\"vigatec 2\" width=\"850\" height=\"566\" srcset=\"https:\/\/www.revistalogistec.com\/wp-content\/uploads\/2020\/10\/vigatec_2.jpg 850w, https:\/\/www.revistalogistec.com\/wp-content\/uploads\/2020\/10\/vigatec_2-300x200.jpg 300w, https:\/\/www.revistalogistec.com\/wp-content\/uploads\/2020\/10\/vigatec_2-768x511.jpg 768w, https:\/\/www.revistalogistec.com\/wp-content\/uploads\/2020\/10\/vigatec_2-750x499.jpg 750w\" sizes=\"(max-width: 850px) 100vw, 850px\" \/><\/p>\n<p style=\"text-align: justify;\">Por su parte, David Bortnick, Gerente de Soluciones para la Econom\u00eda Circular de Vigatec, se\u00f1al\u00f3 \u201cnos sentimos muy motivados porque somos una compa\u00f1\u00eda de tecnolog\u00eda, pero con un enfoque en la contribuci\u00f3n con la Econom\u00eda Circular y las soluciones verdes. Estos equipos son una contribuci\u00f3n directa para tener calles m\u00e1s limpias e igualitarias donde las personas puedan disfrutar de tecnolog\u00eda eficiente. Hacemos un llamado a las otras comunas para que le entreguen la misma oportunidad a sus habitantes\u201d.<\/p>\n<p style=\"text-align: justify;\">En el mismo acto, el subsecretario Juan Masferrer, explic\u00f3 \u00abesta es una de las iniciativas m\u00e1s innovadoras que hemos financiado, el costo fue de $190 millones, busca reactivar los espacios p\u00fablicos y al mismo tiempo es una ayuda al medioambiente que nos va a permitir tener espacios m\u00e1s limpios en distintos sectores\u00bb.<\/p>\n<p style=\"text-align: justify;\">Cabe destacar, que este proyecto es pionero a nivel latinoamericano por ser el m\u00e1s grande que una comuna haya implementado. Por \u00faltimo, el alcalde realiz\u00f3 un llamado a los ciudadanos a cuidar y utilizar los equipos \u201cson para la ciudad, m\u00e1s que para la comuna, ya que por ac\u00e1 pasan m\u00e1s de un mill\u00f3n de personas diariamente\u201d.<\/p>\n","protected":false},"excerpt":{"rendered":"<p style=\"text-align: justify;\">La Municipalidad Estaci\u00f3n Central instal\u00f3 40 contenedores inteligentes como parte del Proyecto \u201cRevive Barrios\u201d en diversos puntos de alto tr\u00e1nsito en la comuna. Se trata de equipos con un almacenaje de hasta 8 veces m\u00e1s que los tradicionales gracias a su sistema de compactaci\u00f3n.<\/p>\n","protected":false},"author":48296,"featured_media":3252,"comment_status":"open","ping_status":"open","sticky":false,"template":"","format":"standard","meta":{"_acf_changed":false,"jnews-multi-image_gallery":[],"jnews_single_post":[],"jnews_primary_category":[],"jnews_social_meta":[],"jnews_override_counter":[],"footnotes":""},"categories":[164],"tags":[],"class_list":["post-3256","post","type-post","status-publish","format-standard","has-post-thumbnail","hentry","category-noticias-clientes"],"acf":[],"yoast_head":"<!-- This site is optimized with the Yoast SEO plugin v27.2 - https:\/\/yoast.com\/product\/yoast-seo-wordpress\/ -->\n<title>CONTENEDORES INTELIGENTES: TECNOLOG\u00cdA VERDE PARA EL MANEJO DE LA BASURA URBANA - Revista Logistec<\/title>\n<meta name=\"robots\" content=\"index, follow, max-snippet:-1, max-image-preview:large, max-video-preview:-1\" \/>\n<link rel=\"canonical\" href=\"https:\/\/www.revistalogistec.com\/index.php\/2020\/10\/20\/contenedores-inteligentes-tecnologia-verde-para-el-manejo-de-la-basura-urbana\/\" \/>\n<meta property=\"og:locale\" content=\"es_ES\" \/>\n<meta property=\"og:type\" content=\"article\" \/>\n<meta property=\"og:title\" content=\"CONTENEDORES INTELIGENTES: TECNOLOG\u00cdA VERDE PARA EL MANEJO DE LA BASURA URBANA - Revista Logistec\" \/>\n<meta property=\"og:description\" content=\"La Municipalidad Estaci\u00f3n Central instal\u00f3 40 contenedores inteligentes como parte del Proyecto \u201cRevive Barrios\u201d en diversos puntos de alto tr\u00e1nsito en la comuna. Se trata de equipos con un almacenaje de hasta 8 veces m\u00e1s que los tradicionales gracias a su sistema de compactaci\u00f3n.\" \/>\n<meta property=\"og:url\" content=\"https:\/\/www.revistalogistec.com\/index.php\/2020\/10\/20\/contenedores-inteligentes-tecnologia-verde-para-el-manejo-de-la-basura-urbana\/\" \/>\n<meta property=\"og:site_name\" content=\"Revista Logistec\" \/>\n<meta property=\"article:published_time\" content=\"2020-10-20T19:40:38+00:00\" \/>\n<meta property=\"article:modified_time\" content=\"2025-11-07T17:23:04+00:00\" \/>\n<meta property=\"og:image\" content=\"https:\/\/www.revistalogistec.com\/wp-content\/uploads\/2020\/10\/vigatec_1.jpg\" \/>\n\t<meta property=\"og:image:width\" content=\"850\" \/>\n\t<meta property=\"og:image:height\" content=\"566\" \/>\n\t<meta property=\"og:image:type\" content=\"image\/jpeg\" \/>\n<meta name=\"author\" content=\"Paula Cortes\" \/>\n<meta name=\"twitter:card\" content=\"summary_large_image\" \/>\n<meta name=\"twitter:label1\" content=\"Escrito por\" \/>\n\t<meta name=\"twitter:data1\" content=\"Paula Cortes\" \/>\n\t<meta name=\"twitter:label2\" content=\"Tiempo de lectura\" \/>\n\t<meta name=\"twitter:data2\" content=\"2 minutos\" \/>\n<script type=\"application\/ld+json\" class=\"yoast-schema-graph\">{\"@context\":\"https:\/\/schema.org\",\"@graph\":[{\"@type\":\"Article\",\"@id\":\"https:\/\/www.revistalogistec.com\/index.php\/2020\/10\/20\/contenedores-inteligentes-tecnologia-verde-para-el-manejo-de-la-basura-urbana\/#article\",\"isPartOf\":{\"@id\":\"https:\/\/www.revistalogistec.com\/index.php\/2020\/10\/20\/contenedores-inteligentes-tecnologia-verde-para-el-manejo-de-la-basura-urbana\/\"},\"author\":{\"name\":\"Paula Cortes\",\"@id\":\"https:\/\/www.revistalogistec.com\/#\/schema\/person\/6ebda24bed8ddfc6f5e848ee539184e5\"},\"headline\":\"CONTENEDORES INTELIGENTES: TECNOLOG\u00cdA VERDE PARA EL MANEJO DE LA BASURA URBANA\",\"datePublished\":\"2020-10-20T19:40:38+00:00\",\"dateModified\":\"2025-11-07T17:23:04+00:00\",\"mainEntityOfPage\":{\"@id\":\"https:\/\/www.revistalogistec.com\/index.php\/2020\/10\/20\/contenedores-inteligentes-tecnologia-verde-para-el-manejo-de-la-basura-urbana\/\"},\"wordCount\":509,\"commentCount\":0,\"image\":{\"@id\":\"https:\/\/www.revistalogistec.com\/index.php\/2020\/10\/20\/contenedores-inteligentes-tecnologia-verde-para-el-manejo-de-la-basura-urbana\/#primaryimage\"},\"thumbnailUrl\":\"https:\/\/www.revistalogistec.com\/wp-content\/uploads\/2020\/10\/vigatec_1.jpg\",\"articleSection\":[\"NOTICIAS CLIENTES\"],\"inLanguage\":\"es\"},{\"@type\":\"WebPage\",\"@id\":\"https:\/\/www.revistalogistec.com\/index.php\/2020\/10\/20\/contenedores-inteligentes-tecnologia-verde-para-el-manejo-de-la-basura-urbana\/\",\"url\":\"https:\/\/www.revistalogistec.com\/index.php\/2020\/10\/20\/contenedores-inteligentes-tecnologia-verde-para-el-manejo-de-la-basura-urbana\/\",\"name\":\"CONTENEDORES INTELIGENTES: TECNOLOG\u00cdA VERDE PARA EL MANEJO DE LA BASURA URBANA - Revista Logistec\",\"isPartOf\":{\"@id\":\"https:\/\/www.revistalogistec.com\/#website\"},\"primaryImageOfPage\":{\"@id\":\"https:\/\/www.revistalogistec.com\/index.php\/2020\/10\/20\/contenedores-inteligentes-tecnologia-verde-para-el-manejo-de-la-basura-urbana\/#primaryimage\"},\"image\":{\"@id\":\"https:\/\/www.revistalogistec.com\/index.php\/2020\/10\/20\/contenedores-inteligentes-tecnologia-verde-para-el-manejo-de-la-basura-urbana\/#primaryimage\"},\"thumbnailUrl\":\"https:\/\/www.revistalogistec.com\/wp-content\/uploads\/2020\/10\/vigatec_1.jpg\",\"datePublished\":\"2020-10-20T19:40:38+00:00\",\"dateModified\":\"2025-11-07T17:23:04+00:00\",\"author\":{\"@id\":\"https:\/\/www.revistalogistec.com\/#\/schema\/person\/6ebda24bed8ddfc6f5e848ee539184e5\"},\"breadcrumb\":{\"@id\":\"https:\/\/www.revistalogistec.com\/index.php\/2020\/10\/20\/contenedores-inteligentes-tecnologia-verde-para-el-manejo-de-la-basura-urbana\/#breadcrumb\"},\"inLanguage\":\"es\",\"potentialAction\":[{\"@type\":\"ReadAction\",\"target\":[\"https:\/\/www.revistalogistec.com\/index.php\/2020\/10\/20\/contenedores-inteligentes-tecnologia-verde-para-el-manejo-de-la-basura-urbana\/\"]}]},{\"@type\":\"ImageObject\",\"inLanguage\":\"es\",\"@id\":\"https:\/\/www.revistalogistec.com\/index.php\/2020\/10\/20\/contenedores-inteligentes-tecnologia-verde-para-el-manejo-de-la-basura-urbana\/#primaryimage\",\"url\":\"https:\/\/www.revistalogistec.com\/wp-content\/uploads\/2020\/10\/vigatec_1.jpg\",\"contentUrl\":\"https:\/\/www.revistalogistec.com\/wp-content\/uploads\/2020\/10\/vigatec_1.jpg\",\"width\":850,\"height\":566},{\"@type\":\"BreadcrumbList\",\"@id\":\"https:\/\/www.revistalogistec.com\/index.php\/2020\/10\/20\/contenedores-inteligentes-tecnologia-verde-para-el-manejo-de-la-basura-urbana\/#breadcrumb\",\"itemListElement\":[{\"@type\":\"ListItem\",\"position\":1,\"name\":\"Portada\",\"item\":\"https:\/\/www.revistalogistec.com\/\"},{\"@type\":\"ListItem\",\"position\":2,\"name\":\"CONTENEDORES INTELIGENTES: TECNOLOG\u00cdA VERDE PARA EL MANEJO DE LA BASURA URBANA\"}]},{\"@type\":\"WebSite\",\"@id\":\"https:\/\/www.revistalogistec.com\/#website\",\"url\":\"https:\/\/www.revistalogistec.com\/\",\"name\":\"Revista Logistec\",\"description\":\"\",\"potentialAction\":[{\"@type\":\"SearchAction\",\"target\":{\"@type\":\"EntryPoint\",\"urlTemplate\":\"https:\/\/www.revistalogistec.com\/?s={search_term_string}\"},\"query-input\":{\"@type\":\"PropertyValueSpecification\",\"valueRequired\":true,\"valueName\":\"search_term_string\"}}],\"inLanguage\":\"es\"},{\"@type\":\"Person\",\"@id\":\"https:\/\/www.revistalogistec.com\/#\/schema\/person\/6ebda24bed8ddfc6f5e848ee539184e5\",\"name\":\"Paula Cortes\",\"image\":{\"@type\":\"ImageObject\",\"inLanguage\":\"es\",\"@id\":\"https:\/\/secure.gravatar.com\/avatar\/f9207b46b9e06b63ba9e6f850cbf5de3945e6ce9ba336ad5aa87eee72a5a569c?s=96&d=mm&r=g\",\"url\":\"https:\/\/secure.gravatar.com\/avatar\/f9207b46b9e06b63ba9e6f850cbf5de3945e6ce9ba336ad5aa87eee72a5a569c?s=96&d=mm&r=g\",\"contentUrl\":\"https:\/\/secure.gravatar.com\/avatar\/f9207b46b9e06b63ba9e6f850cbf5de3945e6ce9ba336ad5aa87eee72a5a569c?s=96&d=mm&r=g\",\"caption\":\"Paula Cortes\"},\"url\":\"https:\/\/www.revistalogistec.com\/index.php\/author\/paula-cortes\/\"}]}<\/script>\n<!-- \/ Yoast SEO plugin. -->","yoast_head_json":{"title":"CONTENEDORES INTELIGENTES: TECNOLOG\u00cdA VERDE PARA EL MANEJO DE LA BASURA URBANA - Revista Logistec","robots":{"index":"index","follow":"follow","max-snippet":"max-snippet:-1","max-image-preview":"max-image-preview:large","max-video-preview":"max-video-preview:-1"},"canonical":"https:\/\/www.revistalogistec.com\/index.php\/2020\/10\/20\/contenedores-inteligentes-tecnologia-verde-para-el-manejo-de-la-basura-urbana\/","og_locale":"es_ES","og_type":"article","og_title":"CONTENEDORES INTELIGENTES: TECNOLOG\u00cdA VERDE PARA EL MANEJO DE LA BASURA URBANA - Revista Logistec","og_description":"La Municipalidad Estaci\u00f3n Central instal\u00f3 40 contenedores inteligentes como parte del Proyecto \u201cRevive Barrios\u201d en diversos puntos de alto tr\u00e1nsito en la comuna. Se trata de equipos con un almacenaje de hasta 8 veces m\u00e1s que los tradicionales gracias a su sistema de compactaci\u00f3n.","og_url":"https:\/\/www.revistalogistec.com\/index.php\/2020\/10\/20\/contenedores-inteligentes-tecnologia-verde-para-el-manejo-de-la-basura-urbana\/","og_site_name":"Revista Logistec","article_published_time":"2020-10-20T19:40:38+00:00","article_modified_time":"2025-11-07T17:23:04+00:00","og_image":[{"width":850,"height":566,"url":"https:\/\/www.revistalogistec.com\/wp-content\/uploads\/2020\/10\/vigatec_1.jpg","type":"image\/jpeg"}],"author":"Paula Cortes","twitter_card":"summary_large_image","twitter_misc":{"Escrito por":"Paula Cortes","Tiempo de lectura":"2 minutos"},"schema":{"@context":"https:\/\/schema.org","@graph":[{"@type":"Article","@id":"https:\/\/www.revistalogistec.com\/index.php\/2020\/10\/20\/contenedores-inteligentes-tecnologia-verde-para-el-manejo-de-la-basura-urbana\/#article","isPartOf":{"@id":"https:\/\/www.revistalogistec.com\/index.php\/2020\/10\/20\/contenedores-inteligentes-tecnologia-verde-para-el-manejo-de-la-basura-urbana\/"},"author":{"name":"Paula Cortes","@id":"https:\/\/www.revistalogistec.com\/#\/schema\/person\/6ebda24bed8ddfc6f5e848ee539184e5"},"headline":"CONTENEDORES INTELIGENTES: TECNOLOG\u00cdA VERDE PARA EL MANEJO DE LA BASURA URBANA","datePublished":"2020-10-20T19:40:38+00:00","dateModified":"2025-11-07T17:23:04+00:00","mainEntityOfPage":{"@id":"https:\/\/www.revistalogistec.com\/index.php\/2020\/10\/20\/contenedores-inteligentes-tecnologia-verde-para-el-manejo-de-la-basura-urbana\/"},"wordCount":509,"commentCount":0,"image":{"@id":"https:\/\/www.revistalogistec.com\/index.php\/2020\/10\/20\/contenedores-inteligentes-tecnologia-verde-para-el-manejo-de-la-basura-urbana\/#primaryimage"},"thumbnailUrl":"https:\/\/www.revistalogistec.com\/wp-content\/uploads\/2020\/10\/vigatec_1.jpg","articleSection":["NOTICIAS CLIENTES"],"inLanguage":"es"},{"@type":"WebPage","@id":"https:\/\/www.revistalogistec.com\/index.php\/2020\/10\/20\/contenedores-inteligentes-tecnologia-verde-para-el-manejo-de-la-basura-urbana\/","url":"https:\/\/www.revistalogistec.com\/index.php\/2020\/10\/20\/contenedores-inteligentes-tecnologia-verde-para-el-manejo-de-la-basura-urbana\/","name":"CONTENEDORES INTELIGENTES: TECNOLOG\u00cdA VERDE PARA EL MANEJO DE LA BASURA URBANA - Revista Logistec","isPartOf":{"@id":"https:\/\/www.revistalogistec.com\/#website"},"primaryImageOfPage":{"@id":"https:\/\/www.revistalogistec.com\/index.php\/2020\/10\/20\/contenedores-inteligentes-tecnologia-verde-para-el-manejo-de-la-basura-urbana\/#primaryimage"},"image":{"@id":"https:\/\/www.revistalogistec.com\/index.php\/2020\/10\/20\/contenedores-inteligentes-tecnologia-verde-para-el-manejo-de-la-basura-urbana\/#primaryimage"},"thumbnailUrl":"https:\/\/www.revistalogistec.com\/wp-content\/uploads\/2020\/10\/vigatec_1.jpg","datePublished":"2020-10-20T19:40:38+00:00","dateModified":"2025-11-07T17:23:04+00:00","author":{"@id":"https:\/\/www.revistalogistec.com\/#\/schema\/person\/6ebda24bed8ddfc6f5e848ee539184e5"},"breadcrumb":{"@id":"https:\/\/www.revistalogistec.com\/index.php\/2020\/10\/20\/contenedores-inteligentes-tecnologia-verde-para-el-manejo-de-la-basura-urbana\/#breadcrumb"},"inLanguage":"es","potentialAction":[{"@type":"ReadAction","target":["https:\/\/www.revistalogistec.com\/index.php\/2020\/10\/20\/contenedores-inteligentes-tecnologia-verde-para-el-manejo-de-la-basura-urbana\/"]}]},{"@type":"ImageObject","inLanguage":"es","@id":"https:\/\/www.revistalogistec.com\/index.php\/2020\/10\/20\/contenedores-inteligentes-tecnologia-verde-para-el-manejo-de-la-basura-urbana\/#primaryimage","url":"https:\/\/www.revistalogistec.com\/wp-content\/uploads\/2020\/10\/vigatec_1.jpg","contentUrl":"https:\/\/www.revistalogistec.com\/wp-content\/uploads\/2020\/10\/vigatec_1.jpg","width":850,"height":566},{"@type":"BreadcrumbList","@id":"https:\/\/www.revistalogistec.com\/index.php\/2020\/10\/20\/contenedores-inteligentes-tecnologia-verde-para-el-manejo-de-la-basura-urbana\/#breadcrumb","itemListElement":[{"@type":"ListItem","position":1,"name":"Portada","item":"https:\/\/www.revistalogistec.com\/"},{"@type":"ListItem","position":2,"name":"CONTENEDORES INTELIGENTES: TECNOLOG\u00cdA VERDE PARA EL MANEJO DE LA BASURA URBANA"}]},{"@type":"WebSite","@id":"https:\/\/www.revistalogistec.com\/#website","url":"https:\/\/www.revistalogistec.com\/","name":"Revista Logistec","description":"","potentialAction":[{"@type":"SearchAction","target":{"@type":"EntryPoint","urlTemplate":"https:\/\/www.revistalogistec.com\/?s={search_term_string}"},"query-input":{"@type":"PropertyValueSpecification","valueRequired":true,"valueName":"search_term_string"}}],"inLanguage":"es"},{"@type":"Person","@id":"https:\/\/www.revistalogistec.com\/#\/schema\/person\/6ebda24bed8ddfc6f5e848ee539184e5","name":"Paula Cortes","image":{"@type":"ImageObject","inLanguage":"es","@id":"https:\/\/secure.gravatar.com\/avatar\/f9207b46b9e06b63ba9e6f850cbf5de3945e6ce9ba336ad5aa87eee72a5a569c?s=96&d=mm&r=g","url":"https:\/\/secure.gravatar.com\/avatar\/f9207b46b9e06b63ba9e6f850cbf5de3945e6ce9ba336ad5aa87eee72a5a569c?s=96&d=mm&r=g","contentUrl":"https:\/\/secure.gravatar.com\/avatar\/f9207b46b9e06b63ba9e6f850cbf5de3945e6ce9ba336ad5aa87eee72a5a569c?s=96&d=mm&r=g","caption":"Paula Cortes"},"url":"https:\/\/www.revistalogistec.com\/index.php\/author\/paula-cortes\/"}]}},"_links":{"self":[{"href":"https:\/\/www.revistalogistec.com\/index.php\/wp-json\/wp\/v2\/posts\/3256","targetHints":{"allow":["GET"]}}],"collection":[{"href":"https:\/\/www.revistalogistec.com\/index.php\/wp-json\/wp\/v2\/posts"}],"about":[{"href":"https:\/\/www.revistalogistec.com\/index.php\/wp-json\/wp\/v2\/types\/post"}],"author":[{"embeddable":true,"href":"https:\/\/www.revistalogistec.com\/index.php\/wp-json\/wp\/v2\/users\/48296"}],"replies":[{"embeddable":true,"href":"https:\/\/www.revistalogistec.com\/index.php\/wp-json\/wp\/v2\/comments?post=3256"}],"version-history":[{"count":0,"href":"https:\/\/www.revistalogistec.com\/index.php\/wp-json\/wp\/v2\/posts\/3256\/revisions"}],"wp:featuredmedia":[{"embeddable":true,"href":"https:\/\/www.revistalogistec.com\/index.php\/wp-json\/wp\/v2\/media\/3252"}],"wp:attachment":[{"href":"https:\/\/www.revistalogistec.com\/index.php\/wp-json\/wp\/v2\/media?parent=3256"}],"wp:term":[{"taxonomy":"category","embeddable":true,"href":"https:\/\/www.revistalogistec.com\/index.php\/wp-json\/wp\/v2\/categories?post=3256"},{"taxonomy":"post_tag","embeddable":true,"href":"https:\/\/www.revistalogistec.com\/index.php\/wp-json\/wp\/v2\/tags?post=3256"}],"curies":[{"name":"wp","href":"https:\/\/api.w.org\/{rel}","templated":true}]}}