{"id":3261,"date":"2020-10-27T13:42:17","date_gmt":"2020-10-27T13:42:17","guid":{"rendered":"https:\/\/www.revistalogistec.com\/index.php\/2020\/10\/27\/la-bodega-de-fashion-s-park-ya-cuenta-con-el-rack-selectivo-de-ar-racking\/"},"modified":"2025-11-07T13:23:04","modified_gmt":"2025-11-07T17:23:04","slug":"la-bodega-de-fashion-s-park-ya-cuenta-con-el-rack-selectivo-de-ar-racking","status":"publish","type":"post","link":"https:\/\/www.revistalogistec.com\/index.php\/2020\/10\/27\/la-bodega-de-fashion-s-park-ya-cuenta-con-el-rack-selectivo-de-ar-racking\/","title":{"rendered":"LA BODEGA DE FASHION\u2019S PARK YA CUENTA CON EL RACK SELECTIVO DE AR RACKING"},"content":{"rendered":"<p style=\"text-align: justify;\">Fashion\u00b4s Park es una cadena de tiendas con cobertura nacional especialista en vestuario y con m\u00e1s de 35 a\u00f1os de trayectoria en el mercado. <br \/>El rack selectivo de AR Racking permitir\u00e1 a Fashion\u2019s Park dar un paso adelante en competitividad.<\/p>\n<p style=\"text-align: justify;\">Tras el confinamiento obligatorio por las cuarentenas ocasionadas por el contexto de pandemia en Chile, AR Racking instal\u00f3 en un breve plazo de tiempo el rack selectivo de la bodega de Fashion\u2019s Park, empresa de moda l\u00edder en el pa\u00eds.<\/p>\n<p style=\"text-align: justify;\">\u201cLa experiencia acumulada de 35 a\u00f1os de trayectoria te dan el conocimiento suficiente para saber que la gesti\u00f3n eficiente de la log\u00edstica de una empresa es clave para el \u00e9xito y el desarrollo futuro\u201d explica Italo Bruzzo, Logistics &amp; Foreign Trade Chief de Fashion\u2019s Park. Para Bruzzo, \u201ca pesar de la situaci\u00f3n adversa, confiar en AR Racking para la optimizaci\u00f3n del espacio de nuestra bodega nos permitir\u00e1 ser m\u00e1s competitivos\u201d.<\/p>\n<p style=\"text-align: justify;\">Tras un minucioso an\u00e1lisis de la infraestructura y las necesidades del cliente, AR Racking equip\u00f3 la bodega de Fashion\u2019s Park con una soluci\u00f3n de almacenaje dise\u00f1ada para almacenar pallets de forma mec\u00e1nica y funcional. Y es que el rack selectivo para bodega es una propuesta log\u00edstica adaptable a las dimensiones de las unidades de carga, sea cual sea su tipolog\u00eda, y de las gr\u00faas horquillas.<\/p>\n<p><img decoding=\"async\" class=\" size-full wp-image-3259\" src=\"https:\/\/www.revistalogistec.com\/wp-content\/uploads\/2020\/10\/ar2.jpg\" alt=\"ar2\" width=\"850\" height=\"637\" srcset=\"https:\/\/www.revistalogistec.com\/wp-content\/uploads\/2020\/10\/ar2.jpg 850w, https:\/\/www.revistalogistec.com\/wp-content\/uploads\/2020\/10\/ar2-300x225.jpg 300w, https:\/\/www.revistalogistec.com\/wp-content\/uploads\/2020\/10\/ar2-768x576.jpg 768w, https:\/\/www.revistalogistec.com\/wp-content\/uploads\/2020\/10\/ar2-750x562.jpg 750w\" sizes=\"(max-width: 850px) 100vw, 850px\" \/><\/p>\n<p style=\"text-align: justify;\">El proyecto consta de bastidores de 9500 mm de alto con 6 niveles de carga, lo que ha dado como resultado casi 1.500 nuevas posiciones para pallets. Seg\u00fan Juan Antonio Valdebenito, Gestor de Proyectos de AR Racking Chile \u201cagradecemos a Fashion\u2019s Park la confianza en AR Racking, donde continuamos haciendo frente a la extraordinaria situaci\u00f3n garantizando calidad y fiabilidad\u201d.<\/p>\n<p style=\"text-align: justify;\">Con oficina en Pudahuel (Santiago) y bodega de stock de producto acabado, los sistemas de almacenaje de AR Racking est\u00e1n avalados por el cumplimiento de la norma chilena NCH 2369, que establece los requisitos para el dise\u00f1o s\u00edsmico de estructuras e instalaciones industriales.<\/p>\n<p>&nbsp;<\/p>\n<p>&nbsp;<\/p>\n<p>&nbsp;<\/p>\n","protected":false},"excerpt":{"rendered":"<p style=\"text-align: justify;\">Fashion\u00b4s Park es una cadena de tiendas con cobertura nacional especialista en vestuario y con m\u00e1s de 35 a\u00f1os de trayectoria en el mercado. <br \/>El rack selectivo de AR Racking permitir\u00e1 a Fashion\u2019s Park dar un paso adelante en competitividad.<\/p>\n","protected":false},"author":48296,"featured_media":3258,"comment_status":"open","ping_status":"open","sticky":false,"template":"","format":"standard","meta":{"_acf_changed":false,"jnews-multi-image_gallery":[],"jnews_single_post":[],"jnews_primary_category":[],"jnews_social_meta":[],"jnews_override_counter":[],"footnotes":""},"categories":[164],"tags":[],"class_list":["post-3261","post","type-post","status-publish","format-standard","has-post-thumbnail","hentry","category-noticias-clientes"],"acf":[],"yoast_head":"<!-- This site is optimized with the Yoast SEO plugin v27.2 - https:\/\/yoast.com\/product\/yoast-seo-wordpress\/ -->\n<title>LA BODEGA DE FASHION\u2019S PARK YA CUENTA CON EL RACK SELECTIVO DE AR RACKING - Revista Logistec<\/title>\n<meta name=\"robots\" content=\"index, follow, max-snippet:-1, max-image-preview:large, max-video-preview:-1\" \/>\n<link rel=\"canonical\" href=\"https:\/\/www.revistalogistec.com\/index.php\/2020\/10\/27\/la-bodega-de-fashion-s-park-ya-cuenta-con-el-rack-selectivo-de-ar-racking\/\" \/>\n<meta property=\"og:locale\" content=\"es_ES\" \/>\n<meta property=\"og:type\" content=\"article\" \/>\n<meta property=\"og:title\" content=\"LA BODEGA DE FASHION\u2019S PARK YA CUENTA CON EL RACK SELECTIVO DE AR RACKING - Revista Logistec\" \/>\n<meta property=\"og:description\" content=\"Fashion\u00b4s Park es una cadena de tiendas con cobertura nacional especialista en vestuario y con m\u00e1s de 35 a\u00f1os de trayectoria en el mercado. El rack selectivo de AR Racking permitir\u00e1 a Fashion\u2019s Park dar un paso adelante en competitividad.\" \/>\n<meta property=\"og:url\" content=\"https:\/\/www.revistalogistec.com\/index.php\/2020\/10\/27\/la-bodega-de-fashion-s-park-ya-cuenta-con-el-rack-selectivo-de-ar-racking\/\" \/>\n<meta property=\"og:site_name\" content=\"Revista Logistec\" \/>\n<meta property=\"article:published_time\" content=\"2020-10-27T13:42:17+00:00\" \/>\n<meta property=\"article:modified_time\" content=\"2025-11-07T17:23:04+00:00\" \/>\n<meta property=\"og:image\" content=\"https:\/\/www.revistalogistec.com\/wp-content\/uploads\/2020\/10\/ar_1.jpg\" \/>\n\t<meta property=\"og:image:width\" content=\"850\" \/>\n\t<meta property=\"og:image:height\" content=\"637\" \/>\n\t<meta property=\"og:image:type\" content=\"image\/jpeg\" \/>\n<meta name=\"author\" content=\"Paula Cortes\" \/>\n<meta name=\"twitter:card\" content=\"summary_large_image\" \/>\n<meta name=\"twitter:label1\" content=\"Escrito por\" \/>\n\t<meta name=\"twitter:data1\" content=\"Paula Cortes\" \/>\n\t<meta name=\"twitter:label2\" content=\"Tiempo de lectura\" \/>\n\t<meta name=\"twitter:data2\" content=\"2 minutos\" \/>\n<script type=\"application\/ld+json\" class=\"yoast-schema-graph\">{\"@context\":\"https:\/\/schema.org\",\"@graph\":[{\"@type\":\"Article\",\"@id\":\"https:\/\/www.revistalogistec.com\/index.php\/2020\/10\/27\/la-bodega-de-fashion-s-park-ya-cuenta-con-el-rack-selectivo-de-ar-racking\/#article\",\"isPartOf\":{\"@id\":\"https:\/\/www.revistalogistec.com\/index.php\/2020\/10\/27\/la-bodega-de-fashion-s-park-ya-cuenta-con-el-rack-selectivo-de-ar-racking\/\"},\"author\":{\"name\":\"Paula Cortes\",\"@id\":\"https:\/\/www.revistalogistec.com\/#\/schema\/person\/6ebda24bed8ddfc6f5e848ee539184e5\"},\"headline\":\"LA BODEGA DE FASHION\u2019S PARK YA CUENTA CON EL RACK SELECTIVO DE AR RACKING\",\"datePublished\":\"2020-10-27T13:42:17+00:00\",\"dateModified\":\"2025-11-07T17:23:04+00:00\",\"mainEntityOfPage\":{\"@id\":\"https:\/\/www.revistalogistec.com\/index.php\/2020\/10\/27\/la-bodega-de-fashion-s-park-ya-cuenta-con-el-rack-selectivo-de-ar-racking\/\"},\"wordCount\":357,\"commentCount\":0,\"image\":{\"@id\":\"https:\/\/www.revistalogistec.com\/index.php\/2020\/10\/27\/la-bodega-de-fashion-s-park-ya-cuenta-con-el-rack-selectivo-de-ar-racking\/#primaryimage\"},\"thumbnailUrl\":\"https:\/\/www.revistalogistec.com\/wp-content\/uploads\/2020\/10\/ar_1.jpg\",\"articleSection\":[\"NOTICIAS CLIENTES\"],\"inLanguage\":\"es\"},{\"@type\":\"WebPage\",\"@id\":\"https:\/\/www.revistalogistec.com\/index.php\/2020\/10\/27\/la-bodega-de-fashion-s-park-ya-cuenta-con-el-rack-selectivo-de-ar-racking\/\",\"url\":\"https:\/\/www.revistalogistec.com\/index.php\/2020\/10\/27\/la-bodega-de-fashion-s-park-ya-cuenta-con-el-rack-selectivo-de-ar-racking\/\",\"name\":\"LA BODEGA DE FASHION\u2019S PARK YA CUENTA CON EL RACK SELECTIVO DE AR RACKING - Revista Logistec\",\"isPartOf\":{\"@id\":\"https:\/\/www.revistalogistec.com\/#website\"},\"primaryImageOfPage\":{\"@id\":\"https:\/\/www.revistalogistec.com\/index.php\/2020\/10\/27\/la-bodega-de-fashion-s-park-ya-cuenta-con-el-rack-selectivo-de-ar-racking\/#primaryimage\"},\"image\":{\"@id\":\"https:\/\/www.revistalogistec.com\/index.php\/2020\/10\/27\/la-bodega-de-fashion-s-park-ya-cuenta-con-el-rack-selectivo-de-ar-racking\/#primaryimage\"},\"thumbnailUrl\":\"https:\/\/www.revistalogistec.com\/wp-content\/uploads\/2020\/10\/ar_1.jpg\",\"datePublished\":\"2020-10-27T13:42:17+00:00\",\"dateModified\":\"2025-11-07T17:23:04+00:00\",\"author\":{\"@id\":\"https:\/\/www.revistalogistec.com\/#\/schema\/person\/6ebda24bed8ddfc6f5e848ee539184e5\"},\"breadcrumb\":{\"@id\":\"https:\/\/www.revistalogistec.com\/index.php\/2020\/10\/27\/la-bodega-de-fashion-s-park-ya-cuenta-con-el-rack-selectivo-de-ar-racking\/#breadcrumb\"},\"inLanguage\":\"es\",\"potentialAction\":[{\"@type\":\"ReadAction\",\"target\":[\"https:\/\/www.revistalogistec.com\/index.php\/2020\/10\/27\/la-bodega-de-fashion-s-park-ya-cuenta-con-el-rack-selectivo-de-ar-racking\/\"]}]},{\"@type\":\"ImageObject\",\"inLanguage\":\"es\",\"@id\":\"https:\/\/www.revistalogistec.com\/index.php\/2020\/10\/27\/la-bodega-de-fashion-s-park-ya-cuenta-con-el-rack-selectivo-de-ar-racking\/#primaryimage\",\"url\":\"https:\/\/www.revistalogistec.com\/wp-content\/uploads\/2020\/10\/ar_1.jpg\",\"contentUrl\":\"https:\/\/www.revistalogistec.com\/wp-content\/uploads\/2020\/10\/ar_1.jpg\",\"width\":850,\"height\":637},{\"@type\":\"BreadcrumbList\",\"@id\":\"https:\/\/www.revistalogistec.com\/index.php\/2020\/10\/27\/la-bodega-de-fashion-s-park-ya-cuenta-con-el-rack-selectivo-de-ar-racking\/#breadcrumb\",\"itemListElement\":[{\"@type\":\"ListItem\",\"position\":1,\"name\":\"Portada\",\"item\":\"https:\/\/www.revistalogistec.com\/\"},{\"@type\":\"ListItem\",\"position\":2,\"name\":\"LA BODEGA DE FASHION\u2019S PARK YA CUENTA CON EL RACK SELECTIVO DE AR RACKING\"}]},{\"@type\":\"WebSite\",\"@id\":\"https:\/\/www.revistalogistec.com\/#website\",\"url\":\"https:\/\/www.revistalogistec.com\/\",\"name\":\"Revista Logistec\",\"description\":\"\",\"potentialAction\":[{\"@type\":\"SearchAction\",\"target\":{\"@type\":\"EntryPoint\",\"urlTemplate\":\"https:\/\/www.revistalogistec.com\/?s={search_term_string}\"},\"query-input\":{\"@type\":\"PropertyValueSpecification\",\"valueRequired\":true,\"valueName\":\"search_term_string\"}}],\"inLanguage\":\"es\"},{\"@type\":\"Person\",\"@id\":\"https:\/\/www.revistalogistec.com\/#\/schema\/person\/6ebda24bed8ddfc6f5e848ee539184e5\",\"name\":\"Paula Cortes\",\"image\":{\"@type\":\"ImageObject\",\"inLanguage\":\"es\",\"@id\":\"https:\/\/secure.gravatar.com\/avatar\/f9207b46b9e06b63ba9e6f850cbf5de3945e6ce9ba336ad5aa87eee72a5a569c?s=96&d=mm&r=g\",\"url\":\"https:\/\/secure.gravatar.com\/avatar\/f9207b46b9e06b63ba9e6f850cbf5de3945e6ce9ba336ad5aa87eee72a5a569c?s=96&d=mm&r=g\",\"contentUrl\":\"https:\/\/secure.gravatar.com\/avatar\/f9207b46b9e06b63ba9e6f850cbf5de3945e6ce9ba336ad5aa87eee72a5a569c?s=96&d=mm&r=g\",\"caption\":\"Paula Cortes\"},\"url\":\"https:\/\/www.revistalogistec.com\/index.php\/author\/paula-cortes\/\"}]}<\/script>\n<!-- \/ Yoast SEO plugin. -->","yoast_head_json":{"title":"LA BODEGA DE FASHION\u2019S PARK YA CUENTA CON EL RACK SELECTIVO DE AR RACKING - Revista Logistec","robots":{"index":"index","follow":"follow","max-snippet":"max-snippet:-1","max-image-preview":"max-image-preview:large","max-video-preview":"max-video-preview:-1"},"canonical":"https:\/\/www.revistalogistec.com\/index.php\/2020\/10\/27\/la-bodega-de-fashion-s-park-ya-cuenta-con-el-rack-selectivo-de-ar-racking\/","og_locale":"es_ES","og_type":"article","og_title":"LA BODEGA DE FASHION\u2019S PARK YA CUENTA CON EL RACK SELECTIVO DE AR RACKING - Revista Logistec","og_description":"Fashion\u00b4s Park es una cadena de tiendas con cobertura nacional especialista en vestuario y con m\u00e1s de 35 a\u00f1os de trayectoria en el mercado. El rack selectivo de AR Racking permitir\u00e1 a Fashion\u2019s Park dar un paso adelante en competitividad.","og_url":"https:\/\/www.revistalogistec.com\/index.php\/2020\/10\/27\/la-bodega-de-fashion-s-park-ya-cuenta-con-el-rack-selectivo-de-ar-racking\/","og_site_name":"Revista Logistec","article_published_time":"2020-10-27T13:42:17+00:00","article_modified_time":"2025-11-07T17:23:04+00:00","og_image":[{"width":850,"height":637,"url":"https:\/\/www.revistalogistec.com\/wp-content\/uploads\/2020\/10\/ar_1.jpg","type":"image\/jpeg"}],"author":"Paula Cortes","twitter_card":"summary_large_image","twitter_misc":{"Escrito por":"Paula Cortes","Tiempo de lectura":"2 minutos"},"schema":{"@context":"https:\/\/schema.org","@graph":[{"@type":"Article","@id":"https:\/\/www.revistalogistec.com\/index.php\/2020\/10\/27\/la-bodega-de-fashion-s-park-ya-cuenta-con-el-rack-selectivo-de-ar-racking\/#article","isPartOf":{"@id":"https:\/\/www.revistalogistec.com\/index.php\/2020\/10\/27\/la-bodega-de-fashion-s-park-ya-cuenta-con-el-rack-selectivo-de-ar-racking\/"},"author":{"name":"Paula Cortes","@id":"https:\/\/www.revistalogistec.com\/#\/schema\/person\/6ebda24bed8ddfc6f5e848ee539184e5"},"headline":"LA BODEGA DE FASHION\u2019S PARK YA CUENTA CON EL RACK SELECTIVO DE AR RACKING","datePublished":"2020-10-27T13:42:17+00:00","dateModified":"2025-11-07T17:23:04+00:00","mainEntityOfPage":{"@id":"https:\/\/www.revistalogistec.com\/index.php\/2020\/10\/27\/la-bodega-de-fashion-s-park-ya-cuenta-con-el-rack-selectivo-de-ar-racking\/"},"wordCount":357,"commentCount":0,"image":{"@id":"https:\/\/www.revistalogistec.com\/index.php\/2020\/10\/27\/la-bodega-de-fashion-s-park-ya-cuenta-con-el-rack-selectivo-de-ar-racking\/#primaryimage"},"thumbnailUrl":"https:\/\/www.revistalogistec.com\/wp-content\/uploads\/2020\/10\/ar_1.jpg","articleSection":["NOTICIAS CLIENTES"],"inLanguage":"es"},{"@type":"WebPage","@id":"https:\/\/www.revistalogistec.com\/index.php\/2020\/10\/27\/la-bodega-de-fashion-s-park-ya-cuenta-con-el-rack-selectivo-de-ar-racking\/","url":"https:\/\/www.revistalogistec.com\/index.php\/2020\/10\/27\/la-bodega-de-fashion-s-park-ya-cuenta-con-el-rack-selectivo-de-ar-racking\/","name":"LA BODEGA DE FASHION\u2019S PARK YA CUENTA CON EL RACK SELECTIVO DE AR RACKING - Revista Logistec","isPartOf":{"@id":"https:\/\/www.revistalogistec.com\/#website"},"primaryImageOfPage":{"@id":"https:\/\/www.revistalogistec.com\/index.php\/2020\/10\/27\/la-bodega-de-fashion-s-park-ya-cuenta-con-el-rack-selectivo-de-ar-racking\/#primaryimage"},"image":{"@id":"https:\/\/www.revistalogistec.com\/index.php\/2020\/10\/27\/la-bodega-de-fashion-s-park-ya-cuenta-con-el-rack-selectivo-de-ar-racking\/#primaryimage"},"thumbnailUrl":"https:\/\/www.revistalogistec.com\/wp-content\/uploads\/2020\/10\/ar_1.jpg","datePublished":"2020-10-27T13:42:17+00:00","dateModified":"2025-11-07T17:23:04+00:00","author":{"@id":"https:\/\/www.revistalogistec.com\/#\/schema\/person\/6ebda24bed8ddfc6f5e848ee539184e5"},"breadcrumb":{"@id":"https:\/\/www.revistalogistec.com\/index.php\/2020\/10\/27\/la-bodega-de-fashion-s-park-ya-cuenta-con-el-rack-selectivo-de-ar-racking\/#breadcrumb"},"inLanguage":"es","potentialAction":[{"@type":"ReadAction","target":["https:\/\/www.revistalogistec.com\/index.php\/2020\/10\/27\/la-bodega-de-fashion-s-park-ya-cuenta-con-el-rack-selectivo-de-ar-racking\/"]}]},{"@type":"ImageObject","inLanguage":"es","@id":"https:\/\/www.revistalogistec.com\/index.php\/2020\/10\/27\/la-bodega-de-fashion-s-park-ya-cuenta-con-el-rack-selectivo-de-ar-racking\/#primaryimage","url":"https:\/\/www.revistalogistec.com\/wp-content\/uploads\/2020\/10\/ar_1.jpg","contentUrl":"https:\/\/www.revistalogistec.com\/wp-content\/uploads\/2020\/10\/ar_1.jpg","width":850,"height":637},{"@type":"BreadcrumbList","@id":"https:\/\/www.revistalogistec.com\/index.php\/2020\/10\/27\/la-bodega-de-fashion-s-park-ya-cuenta-con-el-rack-selectivo-de-ar-racking\/#breadcrumb","itemListElement":[{"@type":"ListItem","position":1,"name":"Portada","item":"https:\/\/www.revistalogistec.com\/"},{"@type":"ListItem","position":2,"name":"LA BODEGA DE FASHION\u2019S PARK YA CUENTA CON EL RACK SELECTIVO DE AR RACKING"}]},{"@type":"WebSite","@id":"https:\/\/www.revistalogistec.com\/#website","url":"https:\/\/www.revistalogistec.com\/","name":"Revista Logistec","description":"","potentialAction":[{"@type":"SearchAction","target":{"@type":"EntryPoint","urlTemplate":"https:\/\/www.revistalogistec.com\/?s={search_term_string}"},"query-input":{"@type":"PropertyValueSpecification","valueRequired":true,"valueName":"search_term_string"}}],"inLanguage":"es"},{"@type":"Person","@id":"https:\/\/www.revistalogistec.com\/#\/schema\/person\/6ebda24bed8ddfc6f5e848ee539184e5","name":"Paula Cortes","image":{"@type":"ImageObject","inLanguage":"es","@id":"https:\/\/secure.gravatar.com\/avatar\/f9207b46b9e06b63ba9e6f850cbf5de3945e6ce9ba336ad5aa87eee72a5a569c?s=96&d=mm&r=g","url":"https:\/\/secure.gravatar.com\/avatar\/f9207b46b9e06b63ba9e6f850cbf5de3945e6ce9ba336ad5aa87eee72a5a569c?s=96&d=mm&r=g","contentUrl":"https:\/\/secure.gravatar.com\/avatar\/f9207b46b9e06b63ba9e6f850cbf5de3945e6ce9ba336ad5aa87eee72a5a569c?s=96&d=mm&r=g","caption":"Paula Cortes"},"url":"https:\/\/www.revistalogistec.com\/index.php\/author\/paula-cortes\/"}]}},"_links":{"self":[{"href":"https:\/\/www.revistalogistec.com\/index.php\/wp-json\/wp\/v2\/posts\/3261","targetHints":{"allow":["GET"]}}],"collection":[{"href":"https:\/\/www.revistalogistec.com\/index.php\/wp-json\/wp\/v2\/posts"}],"about":[{"href":"https:\/\/www.revistalogistec.com\/index.php\/wp-json\/wp\/v2\/types\/post"}],"author":[{"embeddable":true,"href":"https:\/\/www.revistalogistec.com\/index.php\/wp-json\/wp\/v2\/users\/48296"}],"replies":[{"embeddable":true,"href":"https:\/\/www.revistalogistec.com\/index.php\/wp-json\/wp\/v2\/comments?post=3261"}],"version-history":[{"count":0,"href":"https:\/\/www.revistalogistec.com\/index.php\/wp-json\/wp\/v2\/posts\/3261\/revisions"}],"wp:featuredmedia":[{"embeddable":true,"href":"https:\/\/www.revistalogistec.com\/index.php\/wp-json\/wp\/v2\/media\/3258"}],"wp:attachment":[{"href":"https:\/\/www.revistalogistec.com\/index.php\/wp-json\/wp\/v2\/media?parent=3261"}],"wp:term":[{"taxonomy":"category","embeddable":true,"href":"https:\/\/www.revistalogistec.com\/index.php\/wp-json\/wp\/v2\/categories?post=3261"},{"taxonomy":"post_tag","embeddable":true,"href":"https:\/\/www.revistalogistec.com\/index.php\/wp-json\/wp\/v2\/tags?post=3261"}],"curies":[{"name":"wp","href":"https:\/\/api.w.org\/{rel}","templated":true}]}}