{"id":3485,"date":"2020-11-24T15:58:32","date_gmt":"2020-11-24T15:58:32","guid":{"rendered":"https:\/\/www.revistalogistec.com\/index.php\/2020\/11\/24\/iti-y-medioambiente-impulsan-concurso-de-reciclaje\/"},"modified":"2020-11-24T15:58:32","modified_gmt":"2020-11-24T15:58:32","slug":"iti-y-medioambiente-impulsan-concurso-de-reciclaje","status":"publish","type":"post","link":"https:\/\/www.revistalogistec.com\/index.php\/2020\/11\/24\/iti-y-medioambiente-impulsan-concurso-de-reciclaje\/","title":{"rendered":"ITI Y MEDIOAMBIENTE IMPULSAN CONCURSO DE RECICLAJE"},"content":{"rendered":"<p style=\"text-align: justify;\">Iquique Terminal Internacional (ITI) y la Secretar\u00eda Regional Ministerial de Medioambiente de Tarapac\u00e1 impulsan el concurso \u201cRecicla y Crea una Escultura Portuaria\u201d dirigido a alumnos de colegios b\u00e1sicos, medios e inclusivos.<\/p>\n<p style=\"text-align: justify;\">El gerente de ITI, Ricardo C\u00f3rdova, indic\u00f3 que el certamen busca generar conciencia en la comunidad escolar sobre el cuidado del entorno y acrecentar el conocimiento de la actividad portuaria. \u201cEsperamos contar con una buena participaci\u00f3n de estudiantes, en ITI estamos trabajando fuertemente en tem\u00e1ticas ligadas al reciclaje, cuidado del medioambiente y reutilizaci\u00f3n de nuestros residuos\u201d.<\/p>\n<p style=\"text-align: justify;\">Por su parte, la seremi de Medioambiente, Moyra Rojas, explic\u00f3 que el reciclaje es una de las formas fundamentales que tenemos para cuidar el planeta. \u201cPor eso es importante que los ni\u00f1os desde peque\u00f1os aprendan a tener h\u00e1bitos que ayudan a proteger el medioambiente y a reducir el impacto que los seres humanos tenemos sobre la naturaleza. Este concurso va en la l\u00ednea de generar conciencia entre la comunidad escolar\u201d.<\/p>\n<p style=\"text-align: justify;\">En el concurso pueden participar estudiantes de Iquique y Alto Hospicio, quienes deber\u00e1n construir una gr\u00faa nave, un tracto cami\u00f3n, una nave portacontenedores, un contenedor o una gr\u00faa portacontenedores con materiales de reciclaje que sean residuales. El plazo para enviar im\u00e1genes de los trabajos vence el 27 de noviembre y se entregar\u00e1n dos premios por categor\u00eda consistentes en notebooks y tablets. Las bases se pueden revisar en www.iti.cl secci\u00f3n Noticias.<\/p>\n","protected":false},"excerpt":{"rendered":"<p style=\"text-align: justify;\">Iquique Terminal Internacional (ITI) y la Secretar\u00eda Regional Ministerial de Medioambiente de Tarapac\u00e1 impulsan el concurso \u201cRecicla y Crea una Escultura Portuaria\u201d dirigido a alumnos de colegios b\u00e1sicos, medios e inclusivos.<\/p>\n","protected":false},"author":1,"featured_media":3483,"comment_status":"open","ping_status":"open","sticky":false,"template":"","format":"standard","meta":{"_acf_changed":false,"jnews-multi-image_gallery":[],"jnews_single_post":[],"jnews_primary_category":[],"jnews_social_meta":[],"jnews_override_counter":[],"footnotes":""},"categories":[12],"tags":[],"class_list":["post-3485","post","type-post","status-publish","format-standard","has-post-thumbnail","hentry","category-noticias-industria"],"acf":[],"yoast_head":"<!-- This site is optimized with the Yoast SEO plugin v27.2 - https:\/\/yoast.com\/product\/yoast-seo-wordpress\/ -->\n<title>ITI Y MEDIOAMBIENTE IMPULSAN CONCURSO DE RECICLAJE - Revista Logistec<\/title>\n<meta name=\"robots\" content=\"index, follow, max-snippet:-1, max-image-preview:large, max-video-preview:-1\" \/>\n<link rel=\"canonical\" href=\"https:\/\/www.revistalogistec.com\/index.php\/2020\/11\/24\/iti-y-medioambiente-impulsan-concurso-de-reciclaje\/\" \/>\n<meta property=\"og:locale\" content=\"es_ES\" \/>\n<meta property=\"og:type\" content=\"article\" \/>\n<meta property=\"og:title\" content=\"ITI Y MEDIOAMBIENTE IMPULSAN CONCURSO DE RECICLAJE - Revista Logistec\" \/>\n<meta property=\"og:description\" content=\"Iquique Terminal Internacional (ITI) y la Secretar\u00eda Regional Ministerial de Medioambiente de Tarapac\u00e1 impulsan el concurso \u201cRecicla y Crea una Escultura Portuaria\u201d dirigido a alumnos de colegios b\u00e1sicos, medios e inclusivos.\" \/>\n<meta property=\"og:url\" content=\"https:\/\/www.revistalogistec.com\/index.php\/2020\/11\/24\/iti-y-medioambiente-impulsan-concurso-de-reciclaje\/\" \/>\n<meta property=\"og:site_name\" content=\"Revista Logistec\" \/>\n<meta property=\"article:published_time\" content=\"2020-11-24T15:58:32+00:00\" \/>\n<meta property=\"og:image\" content=\"https:\/\/www.revistalogistec.com\/wp-content\/uploads\/2020\/11\/cargas-1.jpg\" \/>\n\t<meta property=\"og:image:width\" content=\"850\" \/>\n\t<meta property=\"og:image:height\" content=\"567\" \/>\n\t<meta property=\"og:image:type\" content=\"image\/jpeg\" \/>\n<meta name=\"author\" content=\"admin\" \/>\n<meta name=\"twitter:card\" content=\"summary_large_image\" \/>\n<meta name=\"twitter:label1\" content=\"Escrito por\" \/>\n\t<meta name=\"twitter:data1\" content=\"admin\" \/>\n\t<meta name=\"twitter:label2\" content=\"Tiempo de lectura\" \/>\n\t<meta name=\"twitter:data2\" content=\"1 minuto\" \/>\n<script type=\"application\/ld+json\" class=\"yoast-schema-graph\">{\"@context\":\"https:\/\/schema.org\",\"@graph\":[{\"@type\":\"Article\",\"@id\":\"https:\/\/www.revistalogistec.com\/index.php\/2020\/11\/24\/iti-y-medioambiente-impulsan-concurso-de-reciclaje\/#article\",\"isPartOf\":{\"@id\":\"https:\/\/www.revistalogistec.com\/index.php\/2020\/11\/24\/iti-y-medioambiente-impulsan-concurso-de-reciclaje\/\"},\"author\":{\"name\":\"admin\",\"@id\":\"https:\/\/www.revistalogistec.com\/#\/schema\/person\/b25cced65507282f3fc6eb806b1db4f0\"},\"headline\":\"ITI Y MEDIOAMBIENTE IMPULSAN CONCURSO DE RECICLAJE\",\"datePublished\":\"2020-11-24T15:58:32+00:00\",\"mainEntityOfPage\":{\"@id\":\"https:\/\/www.revistalogistec.com\/index.php\/2020\/11\/24\/iti-y-medioambiente-impulsan-concurso-de-reciclaje\/\"},\"wordCount\":253,\"commentCount\":0,\"image\":{\"@id\":\"https:\/\/www.revistalogistec.com\/index.php\/2020\/11\/24\/iti-y-medioambiente-impulsan-concurso-de-reciclaje\/#primaryimage\"},\"thumbnailUrl\":\"https:\/\/www.revistalogistec.com\/wp-content\/uploads\/2020\/11\/cargas-1.jpg\",\"articleSection\":[\"NOTICIAS INDUSTRIA\"],\"inLanguage\":\"es\"},{\"@type\":\"WebPage\",\"@id\":\"https:\/\/www.revistalogistec.com\/index.php\/2020\/11\/24\/iti-y-medioambiente-impulsan-concurso-de-reciclaje\/\",\"url\":\"https:\/\/www.revistalogistec.com\/index.php\/2020\/11\/24\/iti-y-medioambiente-impulsan-concurso-de-reciclaje\/\",\"name\":\"ITI Y MEDIOAMBIENTE IMPULSAN CONCURSO DE RECICLAJE - Revista Logistec\",\"isPartOf\":{\"@id\":\"https:\/\/www.revistalogistec.com\/#website\"},\"primaryImageOfPage\":{\"@id\":\"https:\/\/www.revistalogistec.com\/index.php\/2020\/11\/24\/iti-y-medioambiente-impulsan-concurso-de-reciclaje\/#primaryimage\"},\"image\":{\"@id\":\"https:\/\/www.revistalogistec.com\/index.php\/2020\/11\/24\/iti-y-medioambiente-impulsan-concurso-de-reciclaje\/#primaryimage\"},\"thumbnailUrl\":\"https:\/\/www.revistalogistec.com\/wp-content\/uploads\/2020\/11\/cargas-1.jpg\",\"datePublished\":\"2020-11-24T15:58:32+00:00\",\"author\":{\"@id\":\"https:\/\/www.revistalogistec.com\/#\/schema\/person\/b25cced65507282f3fc6eb806b1db4f0\"},\"breadcrumb\":{\"@id\":\"https:\/\/www.revistalogistec.com\/index.php\/2020\/11\/24\/iti-y-medioambiente-impulsan-concurso-de-reciclaje\/#breadcrumb\"},\"inLanguage\":\"es\",\"potentialAction\":[{\"@type\":\"ReadAction\",\"target\":[\"https:\/\/www.revistalogistec.com\/index.php\/2020\/11\/24\/iti-y-medioambiente-impulsan-concurso-de-reciclaje\/\"]}]},{\"@type\":\"ImageObject\",\"inLanguage\":\"es\",\"@id\":\"https:\/\/www.revistalogistec.com\/index.php\/2020\/11\/24\/iti-y-medioambiente-impulsan-concurso-de-reciclaje\/#primaryimage\",\"url\":\"https:\/\/www.revistalogistec.com\/wp-content\/uploads\/2020\/11\/cargas-1.jpg\",\"contentUrl\":\"https:\/\/www.revistalogistec.com\/wp-content\/uploads\/2020\/11\/cargas-1.jpg\",\"width\":850,\"height\":567},{\"@type\":\"BreadcrumbList\",\"@id\":\"https:\/\/www.revistalogistec.com\/index.php\/2020\/11\/24\/iti-y-medioambiente-impulsan-concurso-de-reciclaje\/#breadcrumb\",\"itemListElement\":[{\"@type\":\"ListItem\",\"position\":1,\"name\":\"Portada\",\"item\":\"https:\/\/www.revistalogistec.com\/\"},{\"@type\":\"ListItem\",\"position\":2,\"name\":\"ITI Y MEDIOAMBIENTE IMPULSAN CONCURSO DE RECICLAJE\"}]},{\"@type\":\"WebSite\",\"@id\":\"https:\/\/www.revistalogistec.com\/#website\",\"url\":\"https:\/\/www.revistalogistec.com\/\",\"name\":\"Revista Logistec\",\"description\":\"\",\"potentialAction\":[{\"@type\":\"SearchAction\",\"target\":{\"@type\":\"EntryPoint\",\"urlTemplate\":\"https:\/\/www.revistalogistec.com\/?s={search_term_string}\"},\"query-input\":{\"@type\":\"PropertyValueSpecification\",\"valueRequired\":true,\"valueName\":\"search_term_string\"}}],\"inLanguage\":\"es\"},{\"@type\":\"Person\",\"@id\":\"https:\/\/www.revistalogistec.com\/#\/schema\/person\/b25cced65507282f3fc6eb806b1db4f0\",\"name\":\"admin\",\"image\":{\"@type\":\"ImageObject\",\"inLanguage\":\"es\",\"@id\":\"https:\/\/secure.gravatar.com\/avatar\/94631f712dee24b50f2f12a7caf62df22b2c346945fcff655ce85b674bebf6fd?s=96&d=mm&r=g\",\"url\":\"https:\/\/secure.gravatar.com\/avatar\/94631f712dee24b50f2f12a7caf62df22b2c346945fcff655ce85b674bebf6fd?s=96&d=mm&r=g\",\"contentUrl\":\"https:\/\/secure.gravatar.com\/avatar\/94631f712dee24b50f2f12a7caf62df22b2c346945fcff655ce85b674bebf6fd?s=96&d=mm&r=g\",\"caption\":\"admin\"},\"sameAs\":[\"https:\/\/www.revistalogistec.com\"],\"url\":\"https:\/\/www.revistalogistec.com\/index.php\/author\/admin_revlog\/\"}]}<\/script>\n<!-- \/ Yoast SEO plugin. -->","yoast_head_json":{"title":"ITI Y MEDIOAMBIENTE IMPULSAN CONCURSO DE RECICLAJE - Revista Logistec","robots":{"index":"index","follow":"follow","max-snippet":"max-snippet:-1","max-image-preview":"max-image-preview:large","max-video-preview":"max-video-preview:-1"},"canonical":"https:\/\/www.revistalogistec.com\/index.php\/2020\/11\/24\/iti-y-medioambiente-impulsan-concurso-de-reciclaje\/","og_locale":"es_ES","og_type":"article","og_title":"ITI Y MEDIOAMBIENTE IMPULSAN CONCURSO DE RECICLAJE - Revista Logistec","og_description":"Iquique Terminal Internacional (ITI) y la Secretar\u00eda Regional Ministerial de Medioambiente de Tarapac\u00e1 impulsan el concurso \u201cRecicla y Crea una Escultura Portuaria\u201d dirigido a alumnos de colegios b\u00e1sicos, medios e inclusivos.","og_url":"https:\/\/www.revistalogistec.com\/index.php\/2020\/11\/24\/iti-y-medioambiente-impulsan-concurso-de-reciclaje\/","og_site_name":"Revista Logistec","article_published_time":"2020-11-24T15:58:32+00:00","og_image":[{"width":850,"height":567,"url":"https:\/\/www.revistalogistec.com\/wp-content\/uploads\/2020\/11\/cargas-1.jpg","type":"image\/jpeg"}],"author":"admin","twitter_card":"summary_large_image","twitter_misc":{"Escrito por":"admin","Tiempo de lectura":"1 minuto"},"schema":{"@context":"https:\/\/schema.org","@graph":[{"@type":"Article","@id":"https:\/\/www.revistalogistec.com\/index.php\/2020\/11\/24\/iti-y-medioambiente-impulsan-concurso-de-reciclaje\/#article","isPartOf":{"@id":"https:\/\/www.revistalogistec.com\/index.php\/2020\/11\/24\/iti-y-medioambiente-impulsan-concurso-de-reciclaje\/"},"author":{"name":"admin","@id":"https:\/\/www.revistalogistec.com\/#\/schema\/person\/b25cced65507282f3fc6eb806b1db4f0"},"headline":"ITI Y MEDIOAMBIENTE IMPULSAN CONCURSO DE RECICLAJE","datePublished":"2020-11-24T15:58:32+00:00","mainEntityOfPage":{"@id":"https:\/\/www.revistalogistec.com\/index.php\/2020\/11\/24\/iti-y-medioambiente-impulsan-concurso-de-reciclaje\/"},"wordCount":253,"commentCount":0,"image":{"@id":"https:\/\/www.revistalogistec.com\/index.php\/2020\/11\/24\/iti-y-medioambiente-impulsan-concurso-de-reciclaje\/#primaryimage"},"thumbnailUrl":"https:\/\/www.revistalogistec.com\/wp-content\/uploads\/2020\/11\/cargas-1.jpg","articleSection":["NOTICIAS INDUSTRIA"],"inLanguage":"es"},{"@type":"WebPage","@id":"https:\/\/www.revistalogistec.com\/index.php\/2020\/11\/24\/iti-y-medioambiente-impulsan-concurso-de-reciclaje\/","url":"https:\/\/www.revistalogistec.com\/index.php\/2020\/11\/24\/iti-y-medioambiente-impulsan-concurso-de-reciclaje\/","name":"ITI Y MEDIOAMBIENTE IMPULSAN CONCURSO DE RECICLAJE - Revista Logistec","isPartOf":{"@id":"https:\/\/www.revistalogistec.com\/#website"},"primaryImageOfPage":{"@id":"https:\/\/www.revistalogistec.com\/index.php\/2020\/11\/24\/iti-y-medioambiente-impulsan-concurso-de-reciclaje\/#primaryimage"},"image":{"@id":"https:\/\/www.revistalogistec.com\/index.php\/2020\/11\/24\/iti-y-medioambiente-impulsan-concurso-de-reciclaje\/#primaryimage"},"thumbnailUrl":"https:\/\/www.revistalogistec.com\/wp-content\/uploads\/2020\/11\/cargas-1.jpg","datePublished":"2020-11-24T15:58:32+00:00","author":{"@id":"https:\/\/www.revistalogistec.com\/#\/schema\/person\/b25cced65507282f3fc6eb806b1db4f0"},"breadcrumb":{"@id":"https:\/\/www.revistalogistec.com\/index.php\/2020\/11\/24\/iti-y-medioambiente-impulsan-concurso-de-reciclaje\/#breadcrumb"},"inLanguage":"es","potentialAction":[{"@type":"ReadAction","target":["https:\/\/www.revistalogistec.com\/index.php\/2020\/11\/24\/iti-y-medioambiente-impulsan-concurso-de-reciclaje\/"]}]},{"@type":"ImageObject","inLanguage":"es","@id":"https:\/\/www.revistalogistec.com\/index.php\/2020\/11\/24\/iti-y-medioambiente-impulsan-concurso-de-reciclaje\/#primaryimage","url":"https:\/\/www.revistalogistec.com\/wp-content\/uploads\/2020\/11\/cargas-1.jpg","contentUrl":"https:\/\/www.revistalogistec.com\/wp-content\/uploads\/2020\/11\/cargas-1.jpg","width":850,"height":567},{"@type":"BreadcrumbList","@id":"https:\/\/www.revistalogistec.com\/index.php\/2020\/11\/24\/iti-y-medioambiente-impulsan-concurso-de-reciclaje\/#breadcrumb","itemListElement":[{"@type":"ListItem","position":1,"name":"Portada","item":"https:\/\/www.revistalogistec.com\/"},{"@type":"ListItem","position":2,"name":"ITI Y MEDIOAMBIENTE IMPULSAN CONCURSO DE RECICLAJE"}]},{"@type":"WebSite","@id":"https:\/\/www.revistalogistec.com\/#website","url":"https:\/\/www.revistalogistec.com\/","name":"Revista Logistec","description":"","potentialAction":[{"@type":"SearchAction","target":{"@type":"EntryPoint","urlTemplate":"https:\/\/www.revistalogistec.com\/?s={search_term_string}"},"query-input":{"@type":"PropertyValueSpecification","valueRequired":true,"valueName":"search_term_string"}}],"inLanguage":"es"},{"@type":"Person","@id":"https:\/\/www.revistalogistec.com\/#\/schema\/person\/b25cced65507282f3fc6eb806b1db4f0","name":"admin","image":{"@type":"ImageObject","inLanguage":"es","@id":"https:\/\/secure.gravatar.com\/avatar\/94631f712dee24b50f2f12a7caf62df22b2c346945fcff655ce85b674bebf6fd?s=96&d=mm&r=g","url":"https:\/\/secure.gravatar.com\/avatar\/94631f712dee24b50f2f12a7caf62df22b2c346945fcff655ce85b674bebf6fd?s=96&d=mm&r=g","contentUrl":"https:\/\/secure.gravatar.com\/avatar\/94631f712dee24b50f2f12a7caf62df22b2c346945fcff655ce85b674bebf6fd?s=96&d=mm&r=g","caption":"admin"},"sameAs":["https:\/\/www.revistalogistec.com"],"url":"https:\/\/www.revistalogistec.com\/index.php\/author\/admin_revlog\/"}]}},"_links":{"self":[{"href":"https:\/\/www.revistalogistec.com\/index.php\/wp-json\/wp\/v2\/posts\/3485","targetHints":{"allow":["GET"]}}],"collection":[{"href":"https:\/\/www.revistalogistec.com\/index.php\/wp-json\/wp\/v2\/posts"}],"about":[{"href":"https:\/\/www.revistalogistec.com\/index.php\/wp-json\/wp\/v2\/types\/post"}],"author":[{"embeddable":true,"href":"https:\/\/www.revistalogistec.com\/index.php\/wp-json\/wp\/v2\/users\/1"}],"replies":[{"embeddable":true,"href":"https:\/\/www.revistalogistec.com\/index.php\/wp-json\/wp\/v2\/comments?post=3485"}],"version-history":[{"count":0,"href":"https:\/\/www.revistalogistec.com\/index.php\/wp-json\/wp\/v2\/posts\/3485\/revisions"}],"wp:featuredmedia":[{"embeddable":true,"href":"https:\/\/www.revistalogistec.com\/index.php\/wp-json\/wp\/v2\/media\/3483"}],"wp:attachment":[{"href":"https:\/\/www.revistalogistec.com\/index.php\/wp-json\/wp\/v2\/media?parent=3485"}],"wp:term":[{"taxonomy":"category","embeddable":true,"href":"https:\/\/www.revistalogistec.com\/index.php\/wp-json\/wp\/v2\/categories?post=3485"},{"taxonomy":"post_tag","embeddable":true,"href":"https:\/\/www.revistalogistec.com\/index.php\/wp-json\/wp\/v2\/tags?post=3485"}],"curies":[{"name":"wp","href":"https:\/\/api.w.org\/{rel}","templated":true}]}}