{"id":3486,"date":"2020-11-24T15:55:14","date_gmt":"2020-11-24T15:55:14","guid":{"rendered":"https:\/\/www.revistalogistec.com\/index.php\/2020\/11\/24\/marco-berdichevsky-vicepresidente-de-recursos-humanos-de-finning-3\/"},"modified":"2020-11-24T15:55:14","modified_gmt":"2020-11-24T15:55:14","slug":"marco-berdichevsky-vicepresidente-de-recursos-humanos-de-finning-3","status":"publish","type":"post","link":"https:\/\/www.revistalogistec.com\/index.php\/2020\/11\/24\/marco-berdichevsky-vicepresidente-de-recursos-humanos-de-finning-3\/","title":{"rendered":"MARCO BERDICHEVSKY, VICEPRESIDENTE DE RECURSOS HUMANOS DE FINNING"},"content":{"rendered":"<p style=\"text-align: justify;\">Estamos terminando el a\u00f1o 2020 y probablemente muchas empresas estar\u00e1n pensando en c\u00f3mo decodificar este a\u00f1o el que sin duda ser\u00e1 inolvidable. A pesar de todos los desaf\u00edos, tales como disturbios sociales, restricciones a la movilidad, confinamiento, p\u00e9rdida de seres queridos, este a\u00f1o deja muchas cosas positivas.<\/p>\n<p style=\"text-align: justify;\">Primero, estoy seguro de que muchas organizaciones han demostrado una agilidad y capacidad de adaptaci\u00f3n que quiz\u00e1s nunca fue puesta a prueba en tal magnitud. Las empresas, que son lo m\u00e1s parecido a una c\u00e9lula, han sido capaces de alimentarse a si mismas, generar sinapsis con otras, es decir, establecer redes de trabajo articuladas, mutar cuando ha sido necesario -y en muchos casos- lamentablemente tambi\u00e9n morir para, en ese proceso, tal vez volver a nacer.<\/p>\n<p style=\"text-align: justify;\">Otra capacidad que hemos visto presente de manera cotidiana es pensar acerca del futuro. Comentarios como la fuerza de trabajo ya cambi\u00f3, cu\u00e1les ser\u00e1n las fuerzas que afectar\u00e1n a la empresa del ma\u00f1ana, qu\u00e9 empresas sobrevivir\u00e1n y\/o cu\u00e1l ser\u00e1 el rumbo que tomar\u00e1 una determinada organizaci\u00f3n est\u00e1n presentes.<\/p>\n<p style=\"text-align: justify;\">Pero si hay algo que me deja este a\u00f1o, es que estos meses ser\u00e1n recordados como aquellos donde todos los paradigmas se han puesto a prueba.<\/p>\n<p style=\"text-align: justify;\">Que el mundo funciona como una red neuronal donde algo que afecta en un lugar ocurre lo mismo en el otro, o que seremos capaces de estar encerrados durante un tiempo sin tener contacto social, o que la experiencia de compra y consumo siempre tiene un gran componente presencial, o que nuestra fuerza laboral s\u00f3lo funciona con otros, etc.<\/p>\n<p style=\"text-align: justify;\">Esta capacidad de romper paradigmas siempre ha estado presente con nosotros y as\u00ed ha quedado demostrado a lo largo de la historia, sea por el instinto de supervivencia, dominio, expansi\u00f3n o cambio; pero en las empresas a\u00fan esta capacidad de romper esquemas es un camino con un ritmo que no var\u00eda a menos que enfrentemos la necesidad de supervivencia. Esta pandemia nos lo ha mostrado y es justamente lo que debemos modificar para no tener que colocar nuestros instintos de supervivencia en marcha para adaptarnos a una nueva realidad.<\/p>\n<p style=\"text-align: justify;\">Estamos ad-portas de cerrar este inolvidable 2020 y es momento de hacer balances, evaluar y procesar lo que hicimos bien para codificarlo y as\u00ed construir -de forma colaborativa en el sector- las bases de las nuevas formas de hacer negocio y de trabajar, que sentar\u00e1n las bases para una industria preparada para el futuro.<\/p>\n<p style=\"text-align: justify;\">En el caso de Finning, hemos avanzado en la adaptaci\u00f3n a la nueva realidad y captura de oportunidades desde diferentes \u00f3pticas: fortalecimiento del compromiso a trav\u00e9s de un potente foco en seguridad, salud y bienestar; mayor agilidad en la toma de decisiones; m\u00e1s eficiencia y productividad en nuestra propuesta de valor a los clientes y por supuesto, un visible compromiso con las comunidades (pr\u00e1cticas online para j\u00f3venes estudiantes, apoyo a iniciativas STEM para la incorporaci\u00f3n de talento femenino a la industria; donaciones por la emergencia, etc.).<\/p>\n<p style=\"text-align: justify;\">Sin embargo y mirando hacia adelante, ninguna industria no puede ni debe confiarse en sus buenos resultados respecto a otros sectores productivos, sino &#8211; y sabiendo que los impactos a largo plazo siguen siendo inciertos- debe aprovechar su actual estabilidad para revisitar sus estrategias ambientales, sociales y de gobernanza que aseguren una rentabilidad sustentable en el tiempo post futuro Covid-19.<\/p>\n","protected":false},"excerpt":{"rendered":"<p style=\"text-align: justify;\">Estamos terminando el a\u00f1o 2020 y probablemente muchas empresas estar\u00e1n pensando en c\u00f3mo decodificar este a\u00f1o el que sin duda ser\u00e1 inolvidable. A pesar de todos los desaf\u00edos, tales como disturbios sociales, restricciones a la movilidad, confinamiento, p\u00e9rdida de seres queridos, este a\u00f1o deja muchas cosas positivas.<\/p>\n","protected":false},"author":1,"featured_media":3480,"comment_status":"open","ping_status":"open","sticky":false,"template":"","format":"standard","meta":{"_acf_changed":false,"jnews-multi-image_gallery":[],"jnews_single_post":[],"jnews_primary_category":[],"jnews_social_meta":[],"jnews_override_counter":[],"footnotes":""},"categories":[12],"tags":[],"class_list":["post-3486","post","type-post","status-publish","format-standard","has-post-thumbnail","hentry","category-noticias-industria"],"acf":[],"yoast_head":"<!-- This site is optimized with the Yoast SEO plugin v27.2 - https:\/\/yoast.com\/product\/yoast-seo-wordpress\/ -->\n<title>MARCO BERDICHEVSKY, VICEPRESIDENTE DE RECURSOS HUMANOS DE FINNING - Revista Logistec<\/title>\n<meta name=\"robots\" content=\"index, follow, max-snippet:-1, max-image-preview:large, max-video-preview:-1\" \/>\n<link rel=\"canonical\" href=\"https:\/\/www.revistalogistec.com\/index.php\/2020\/11\/24\/marco-berdichevsky-vicepresidente-de-recursos-humanos-de-finning-3\/\" \/>\n<meta property=\"og:locale\" content=\"es_ES\" \/>\n<meta property=\"og:type\" content=\"article\" \/>\n<meta property=\"og:title\" content=\"MARCO BERDICHEVSKY, VICEPRESIDENTE DE RECURSOS HUMANOS DE FINNING - Revista Logistec\" \/>\n<meta property=\"og:description\" content=\"Estamos terminando el a\u00f1o 2020 y probablemente muchas empresas estar\u00e1n pensando en c\u00f3mo decodificar este a\u00f1o el que sin duda ser\u00e1 inolvidable. A pesar de todos los desaf\u00edos, tales como disturbios sociales, restricciones a la movilidad, confinamiento, p\u00e9rdida de seres queridos, este a\u00f1o deja muchas cosas positivas.\" \/>\n<meta property=\"og:url\" content=\"https:\/\/www.revistalogistec.com\/index.php\/2020\/11\/24\/marco-berdichevsky-vicepresidente-de-recursos-humanos-de-finning-3\/\" \/>\n<meta property=\"og:site_name\" content=\"Revista Logistec\" \/>\n<meta property=\"article:published_time\" content=\"2020-11-24T15:55:14+00:00\" \/>\n<meta property=\"og:image\" content=\"https:\/\/www.revistalogistec.com\/wp-content\/uploads\/2020\/11\/Marco_Berdichevsky_VP_RRHH_FINSA.jpg\" \/>\n\t<meta property=\"og:image:width\" content=\"850\" \/>\n\t<meta property=\"og:image:height\" content=\"567\" \/>\n\t<meta property=\"og:image:type\" content=\"image\/jpeg\" \/>\n<meta name=\"author\" content=\"admin\" \/>\n<meta name=\"twitter:card\" content=\"summary_large_image\" \/>\n<meta name=\"twitter:label1\" content=\"Escrito por\" \/>\n\t<meta name=\"twitter:data1\" content=\"admin\" \/>\n\t<meta name=\"twitter:label2\" content=\"Tiempo de lectura\" \/>\n\t<meta name=\"twitter:data2\" content=\"3 minutos\" \/>\n<script type=\"application\/ld+json\" class=\"yoast-schema-graph\">{\"@context\":\"https:\/\/schema.org\",\"@graph\":[{\"@type\":\"Article\",\"@id\":\"https:\/\/www.revistalogistec.com\/index.php\/2020\/11\/24\/marco-berdichevsky-vicepresidente-de-recursos-humanos-de-finning-3\/#article\",\"isPartOf\":{\"@id\":\"https:\/\/www.revistalogistec.com\/index.php\/2020\/11\/24\/marco-berdichevsky-vicepresidente-de-recursos-humanos-de-finning-3\/\"},\"author\":{\"name\":\"admin\",\"@id\":\"https:\/\/www.revistalogistec.com\/#\/schema\/person\/b25cced65507282f3fc6eb806b1db4f0\"},\"headline\":\"MARCO BERDICHEVSKY, VICEPRESIDENTE DE RECURSOS HUMANOS DE FINNING\",\"datePublished\":\"2020-11-24T15:55:14+00:00\",\"mainEntityOfPage\":{\"@id\":\"https:\/\/www.revistalogistec.com\/index.php\/2020\/11\/24\/marco-berdichevsky-vicepresidente-de-recursos-humanos-de-finning-3\/\"},\"wordCount\":584,\"commentCount\":0,\"image\":{\"@id\":\"https:\/\/www.revistalogistec.com\/index.php\/2020\/11\/24\/marco-berdichevsky-vicepresidente-de-recursos-humanos-de-finning-3\/#primaryimage\"},\"thumbnailUrl\":\"https:\/\/www.revistalogistec.com\/wp-content\/uploads\/2020\/11\/Marco_Berdichevsky_VP_RRHH_FINSA.jpg\",\"articleSection\":[\"NOTICIAS INDUSTRIA\"],\"inLanguage\":\"es\"},{\"@type\":\"WebPage\",\"@id\":\"https:\/\/www.revistalogistec.com\/index.php\/2020\/11\/24\/marco-berdichevsky-vicepresidente-de-recursos-humanos-de-finning-3\/\",\"url\":\"https:\/\/www.revistalogistec.com\/index.php\/2020\/11\/24\/marco-berdichevsky-vicepresidente-de-recursos-humanos-de-finning-3\/\",\"name\":\"MARCO BERDICHEVSKY, VICEPRESIDENTE DE RECURSOS HUMANOS DE FINNING - Revista Logistec\",\"isPartOf\":{\"@id\":\"https:\/\/www.revistalogistec.com\/#website\"},\"primaryImageOfPage\":{\"@id\":\"https:\/\/www.revistalogistec.com\/index.php\/2020\/11\/24\/marco-berdichevsky-vicepresidente-de-recursos-humanos-de-finning-3\/#primaryimage\"},\"image\":{\"@id\":\"https:\/\/www.revistalogistec.com\/index.php\/2020\/11\/24\/marco-berdichevsky-vicepresidente-de-recursos-humanos-de-finning-3\/#primaryimage\"},\"thumbnailUrl\":\"https:\/\/www.revistalogistec.com\/wp-content\/uploads\/2020\/11\/Marco_Berdichevsky_VP_RRHH_FINSA.jpg\",\"datePublished\":\"2020-11-24T15:55:14+00:00\",\"author\":{\"@id\":\"https:\/\/www.revistalogistec.com\/#\/schema\/person\/b25cced65507282f3fc6eb806b1db4f0\"},\"breadcrumb\":{\"@id\":\"https:\/\/www.revistalogistec.com\/index.php\/2020\/11\/24\/marco-berdichevsky-vicepresidente-de-recursos-humanos-de-finning-3\/#breadcrumb\"},\"inLanguage\":\"es\",\"potentialAction\":[{\"@type\":\"ReadAction\",\"target\":[\"https:\/\/www.revistalogistec.com\/index.php\/2020\/11\/24\/marco-berdichevsky-vicepresidente-de-recursos-humanos-de-finning-3\/\"]}]},{\"@type\":\"ImageObject\",\"inLanguage\":\"es\",\"@id\":\"https:\/\/www.revistalogistec.com\/index.php\/2020\/11\/24\/marco-berdichevsky-vicepresidente-de-recursos-humanos-de-finning-3\/#primaryimage\",\"url\":\"https:\/\/www.revistalogistec.com\/wp-content\/uploads\/2020\/11\/Marco_Berdichevsky_VP_RRHH_FINSA.jpg\",\"contentUrl\":\"https:\/\/www.revistalogistec.com\/wp-content\/uploads\/2020\/11\/Marco_Berdichevsky_VP_RRHH_FINSA.jpg\",\"width\":850,\"height\":567},{\"@type\":\"BreadcrumbList\",\"@id\":\"https:\/\/www.revistalogistec.com\/index.php\/2020\/11\/24\/marco-berdichevsky-vicepresidente-de-recursos-humanos-de-finning-3\/#breadcrumb\",\"itemListElement\":[{\"@type\":\"ListItem\",\"position\":1,\"name\":\"Portada\",\"item\":\"https:\/\/www.revistalogistec.com\/\"},{\"@type\":\"ListItem\",\"position\":2,\"name\":\"MARCO BERDICHEVSKY, VICEPRESIDENTE DE RECURSOS HUMANOS DE FINNING\"}]},{\"@type\":\"WebSite\",\"@id\":\"https:\/\/www.revistalogistec.com\/#website\",\"url\":\"https:\/\/www.revistalogistec.com\/\",\"name\":\"Revista Logistec\",\"description\":\"\",\"potentialAction\":[{\"@type\":\"SearchAction\",\"target\":{\"@type\":\"EntryPoint\",\"urlTemplate\":\"https:\/\/www.revistalogistec.com\/?s={search_term_string}\"},\"query-input\":{\"@type\":\"PropertyValueSpecification\",\"valueRequired\":true,\"valueName\":\"search_term_string\"}}],\"inLanguage\":\"es\"},{\"@type\":\"Person\",\"@id\":\"https:\/\/www.revistalogistec.com\/#\/schema\/person\/b25cced65507282f3fc6eb806b1db4f0\",\"name\":\"admin\",\"image\":{\"@type\":\"ImageObject\",\"inLanguage\":\"es\",\"@id\":\"https:\/\/secure.gravatar.com\/avatar\/94631f712dee24b50f2f12a7caf62df22b2c346945fcff655ce85b674bebf6fd?s=96&d=mm&r=g\",\"url\":\"https:\/\/secure.gravatar.com\/avatar\/94631f712dee24b50f2f12a7caf62df22b2c346945fcff655ce85b674bebf6fd?s=96&d=mm&r=g\",\"contentUrl\":\"https:\/\/secure.gravatar.com\/avatar\/94631f712dee24b50f2f12a7caf62df22b2c346945fcff655ce85b674bebf6fd?s=96&d=mm&r=g\",\"caption\":\"admin\"},\"sameAs\":[\"https:\/\/www.revistalogistec.com\"],\"url\":\"https:\/\/www.revistalogistec.com\/index.php\/author\/admin_revlog\/\"}]}<\/script>\n<!-- \/ Yoast SEO plugin. -->","yoast_head_json":{"title":"MARCO BERDICHEVSKY, VICEPRESIDENTE DE RECURSOS HUMANOS DE FINNING - Revista Logistec","robots":{"index":"index","follow":"follow","max-snippet":"max-snippet:-1","max-image-preview":"max-image-preview:large","max-video-preview":"max-video-preview:-1"},"canonical":"https:\/\/www.revistalogistec.com\/index.php\/2020\/11\/24\/marco-berdichevsky-vicepresidente-de-recursos-humanos-de-finning-3\/","og_locale":"es_ES","og_type":"article","og_title":"MARCO BERDICHEVSKY, VICEPRESIDENTE DE RECURSOS HUMANOS DE FINNING - Revista Logistec","og_description":"Estamos terminando el a\u00f1o 2020 y probablemente muchas empresas estar\u00e1n pensando en c\u00f3mo decodificar este a\u00f1o el que sin duda ser\u00e1 inolvidable. A pesar de todos los desaf\u00edos, tales como disturbios sociales, restricciones a la movilidad, confinamiento, p\u00e9rdida de seres queridos, este a\u00f1o deja muchas cosas positivas.","og_url":"https:\/\/www.revistalogistec.com\/index.php\/2020\/11\/24\/marco-berdichevsky-vicepresidente-de-recursos-humanos-de-finning-3\/","og_site_name":"Revista Logistec","article_published_time":"2020-11-24T15:55:14+00:00","og_image":[{"width":850,"height":567,"url":"https:\/\/www.revistalogistec.com\/wp-content\/uploads\/2020\/11\/Marco_Berdichevsky_VP_RRHH_FINSA.jpg","type":"image\/jpeg"}],"author":"admin","twitter_card":"summary_large_image","twitter_misc":{"Escrito por":"admin","Tiempo de lectura":"3 minutos"},"schema":{"@context":"https:\/\/schema.org","@graph":[{"@type":"Article","@id":"https:\/\/www.revistalogistec.com\/index.php\/2020\/11\/24\/marco-berdichevsky-vicepresidente-de-recursos-humanos-de-finning-3\/#article","isPartOf":{"@id":"https:\/\/www.revistalogistec.com\/index.php\/2020\/11\/24\/marco-berdichevsky-vicepresidente-de-recursos-humanos-de-finning-3\/"},"author":{"name":"admin","@id":"https:\/\/www.revistalogistec.com\/#\/schema\/person\/b25cced65507282f3fc6eb806b1db4f0"},"headline":"MARCO BERDICHEVSKY, VICEPRESIDENTE DE RECURSOS HUMANOS DE FINNING","datePublished":"2020-11-24T15:55:14+00:00","mainEntityOfPage":{"@id":"https:\/\/www.revistalogistec.com\/index.php\/2020\/11\/24\/marco-berdichevsky-vicepresidente-de-recursos-humanos-de-finning-3\/"},"wordCount":584,"commentCount":0,"image":{"@id":"https:\/\/www.revistalogistec.com\/index.php\/2020\/11\/24\/marco-berdichevsky-vicepresidente-de-recursos-humanos-de-finning-3\/#primaryimage"},"thumbnailUrl":"https:\/\/www.revistalogistec.com\/wp-content\/uploads\/2020\/11\/Marco_Berdichevsky_VP_RRHH_FINSA.jpg","articleSection":["NOTICIAS INDUSTRIA"],"inLanguage":"es"},{"@type":"WebPage","@id":"https:\/\/www.revistalogistec.com\/index.php\/2020\/11\/24\/marco-berdichevsky-vicepresidente-de-recursos-humanos-de-finning-3\/","url":"https:\/\/www.revistalogistec.com\/index.php\/2020\/11\/24\/marco-berdichevsky-vicepresidente-de-recursos-humanos-de-finning-3\/","name":"MARCO BERDICHEVSKY, VICEPRESIDENTE DE RECURSOS HUMANOS DE FINNING - Revista Logistec","isPartOf":{"@id":"https:\/\/www.revistalogistec.com\/#website"},"primaryImageOfPage":{"@id":"https:\/\/www.revistalogistec.com\/index.php\/2020\/11\/24\/marco-berdichevsky-vicepresidente-de-recursos-humanos-de-finning-3\/#primaryimage"},"image":{"@id":"https:\/\/www.revistalogistec.com\/index.php\/2020\/11\/24\/marco-berdichevsky-vicepresidente-de-recursos-humanos-de-finning-3\/#primaryimage"},"thumbnailUrl":"https:\/\/www.revistalogistec.com\/wp-content\/uploads\/2020\/11\/Marco_Berdichevsky_VP_RRHH_FINSA.jpg","datePublished":"2020-11-24T15:55:14+00:00","author":{"@id":"https:\/\/www.revistalogistec.com\/#\/schema\/person\/b25cced65507282f3fc6eb806b1db4f0"},"breadcrumb":{"@id":"https:\/\/www.revistalogistec.com\/index.php\/2020\/11\/24\/marco-berdichevsky-vicepresidente-de-recursos-humanos-de-finning-3\/#breadcrumb"},"inLanguage":"es","potentialAction":[{"@type":"ReadAction","target":["https:\/\/www.revistalogistec.com\/index.php\/2020\/11\/24\/marco-berdichevsky-vicepresidente-de-recursos-humanos-de-finning-3\/"]}]},{"@type":"ImageObject","inLanguage":"es","@id":"https:\/\/www.revistalogistec.com\/index.php\/2020\/11\/24\/marco-berdichevsky-vicepresidente-de-recursos-humanos-de-finning-3\/#primaryimage","url":"https:\/\/www.revistalogistec.com\/wp-content\/uploads\/2020\/11\/Marco_Berdichevsky_VP_RRHH_FINSA.jpg","contentUrl":"https:\/\/www.revistalogistec.com\/wp-content\/uploads\/2020\/11\/Marco_Berdichevsky_VP_RRHH_FINSA.jpg","width":850,"height":567},{"@type":"BreadcrumbList","@id":"https:\/\/www.revistalogistec.com\/index.php\/2020\/11\/24\/marco-berdichevsky-vicepresidente-de-recursos-humanos-de-finning-3\/#breadcrumb","itemListElement":[{"@type":"ListItem","position":1,"name":"Portada","item":"https:\/\/www.revistalogistec.com\/"},{"@type":"ListItem","position":2,"name":"MARCO BERDICHEVSKY, VICEPRESIDENTE DE RECURSOS HUMANOS DE FINNING"}]},{"@type":"WebSite","@id":"https:\/\/www.revistalogistec.com\/#website","url":"https:\/\/www.revistalogistec.com\/","name":"Revista Logistec","description":"","potentialAction":[{"@type":"SearchAction","target":{"@type":"EntryPoint","urlTemplate":"https:\/\/www.revistalogistec.com\/?s={search_term_string}"},"query-input":{"@type":"PropertyValueSpecification","valueRequired":true,"valueName":"search_term_string"}}],"inLanguage":"es"},{"@type":"Person","@id":"https:\/\/www.revistalogistec.com\/#\/schema\/person\/b25cced65507282f3fc6eb806b1db4f0","name":"admin","image":{"@type":"ImageObject","inLanguage":"es","@id":"https:\/\/secure.gravatar.com\/avatar\/94631f712dee24b50f2f12a7caf62df22b2c346945fcff655ce85b674bebf6fd?s=96&d=mm&r=g","url":"https:\/\/secure.gravatar.com\/avatar\/94631f712dee24b50f2f12a7caf62df22b2c346945fcff655ce85b674bebf6fd?s=96&d=mm&r=g","contentUrl":"https:\/\/secure.gravatar.com\/avatar\/94631f712dee24b50f2f12a7caf62df22b2c346945fcff655ce85b674bebf6fd?s=96&d=mm&r=g","caption":"admin"},"sameAs":["https:\/\/www.revistalogistec.com"],"url":"https:\/\/www.revistalogistec.com\/index.php\/author\/admin_revlog\/"}]}},"_links":{"self":[{"href":"https:\/\/www.revistalogistec.com\/index.php\/wp-json\/wp\/v2\/posts\/3486","targetHints":{"allow":["GET"]}}],"collection":[{"href":"https:\/\/www.revistalogistec.com\/index.php\/wp-json\/wp\/v2\/posts"}],"about":[{"href":"https:\/\/www.revistalogistec.com\/index.php\/wp-json\/wp\/v2\/types\/post"}],"author":[{"embeddable":true,"href":"https:\/\/www.revistalogistec.com\/index.php\/wp-json\/wp\/v2\/users\/1"}],"replies":[{"embeddable":true,"href":"https:\/\/www.revistalogistec.com\/index.php\/wp-json\/wp\/v2\/comments?post=3486"}],"version-history":[{"count":0,"href":"https:\/\/www.revistalogistec.com\/index.php\/wp-json\/wp\/v2\/posts\/3486\/revisions"}],"wp:featuredmedia":[{"embeddable":true,"href":"https:\/\/www.revistalogistec.com\/index.php\/wp-json\/wp\/v2\/media\/3480"}],"wp:attachment":[{"href":"https:\/\/www.revistalogistec.com\/index.php\/wp-json\/wp\/v2\/media?parent=3486"}],"wp:term":[{"taxonomy":"category","embeddable":true,"href":"https:\/\/www.revistalogistec.com\/index.php\/wp-json\/wp\/v2\/categories?post=3486"},{"taxonomy":"post_tag","embeddable":true,"href":"https:\/\/www.revistalogistec.com\/index.php\/wp-json\/wp\/v2\/tags?post=3486"}],"curies":[{"name":"wp","href":"https:\/\/api.w.org\/{rel}","templated":true}]}}