{"id":3827,"date":"2021-01-11T13:10:05","date_gmt":"2021-01-11T13:10:05","guid":{"rendered":"https:\/\/www.revistalogistec.com\/index.php\/2021\/01\/11\/dachser-inicia-2021-con-un-nuevo-liderazgo-2\/"},"modified":"2021-01-11T13:10:05","modified_gmt":"2021-01-11T13:10:05","slug":"dachser-inicia-2021-con-un-nuevo-liderazgo-2","status":"publish","type":"post","link":"https:\/\/www.revistalogistec.com\/index.php\/2021\/01\/11\/dachser-inicia-2021-con-un-nuevo-liderazgo-2\/","title":{"rendered":"DACHSER INICIA 2021 CON UN NUEVO LIDERAZGO"},"content":{"rendered":"<p style=\"text-align: justify;\">Se ha llevado a cabo el relevo generacional: Burkhard Eling asume el cargo de CEO de la multinacional de log\u00edstica y transporte Dachser.<\/p>\n<p style=\"text-align: justify;\">Desde este 1 de enero, Burkhard Eling es el nuevo Chief Executive Officer (CEO) y portavoz del Consejo de Administraci\u00f3n del proveedor log\u00edstico Dachser. Eling lidera, as\u00ed, la unidad ejecutiva Corporate Strategy, Human Resources, Marketing, a la cual tambi\u00e9n pertenecen el Corporate Key Account Management y la divisi\u00f3n Corporate Governance &amp; Compliance. Eling sucede en el cargo a Bernhard Simon, que, a partir de mediados de 2021, asumir\u00e1 la presidencia del Consejo de Supervisi\u00f3n de la empresa familiar.<\/p>\n<p style=\"text-align: justify;\">Junto con Simon, el hasta ahora Chief Operations Officer (COO) Road Logistics, Michael Schilling, integra tambi\u00e9n el Consejo de Supervisi\u00f3n. Por este motivo, el 1 de enero de 2021 Dachser realiz\u00f3 cambios adicionales en el Consejo de Administraci\u00f3n: Dos directivos con una larga experiencia profesional en Dachser \u2013 Stefan Hohm como Chief Development Officer (CDO) y Alexander Tonn como COO Road Logistics \u2013 entran en la direcci\u00f3n operativa de la multinacional de log\u00edstica y transporte. Se unen as\u00ed a Robert Erni, Chief Financial Officer (CFO), y a Edoardo Podest\u00e0, COO Air &amp; Sea Logistics.<\/p>\n<p style=\"text-align: justify;\">Carrera profesional como CFO centrada en la innovaci\u00f3n en un entorno internacional <\/p>\n<p style=\"text-align: justify;\">Burkhard Eling, de 49 a\u00f1os, se incorpor\u00f3 a Dachser en 2012 como vicedirector de la unidad ejecutiva Finance, Legal and Tax. Al a\u00f1o siguiente integr\u00f3 el Consejo de Administraci\u00f3n como Chief Financial Officer (CFO). Eling dirige tambi\u00e9n el programa estrat\u00e9gico Dachser Idea2net para la gesti\u00f3n de ideas e innovaci\u00f3n, que abarca toda la empresa. Durante su mandato como CFO, Eling tambi\u00e9n se destac\u00f3 por su papel en la introducci\u00f3n mundial del sistema SAP en Dachser, adem\u00e1s de haber planificado las actividades de integraci\u00f3n posteriores a la adquisici\u00f3n en 2012 del proveedor log\u00edstico de la pen\u00ednsula ib\u00e9rica Azkar (actualmente DACHSER Iberia).<\/p>\n<p style=\"text-align: justify;\">Ingeniero industrial de formaci\u00f3n, Eling inici\u00f3 su carrera profesional en la empresa constructora Hochtief AG, traslad\u00e1ndose posteriormente a la empresa Philipp Holzmann AG, tambi\u00e9n perteneciente al sector de la construcci\u00f3n y en la que fue responsable de la operaci\u00f3n internacional. Antes de incorporarse a Dachser, Burkhard Eling integraba el grupo alem\u00e1n Bilfinger SE, que opera en el campo de la ingenier\u00eda y los servicios industriales. Durante su trayectoria en esta multinacional, Eling se centr\u00f3, inicialmente, en la integraci\u00f3n de la actividad de las distintas filiales del grupo, pasando luego por diversas divisiones de la empresa, en distintas regiones del mundo.<\/p>\n<p style=\"text-align: justify;\">\u201cCultura \u00fanica y orientada a las personas\u201d<\/p>\n<p style=\"text-align: justify;\">\u201cMis compa\u00f1eros de la Junta Directiva y yo mismo heredamos una empresa plenamente robusta y en marcado crecimiento, que ni los desaf\u00edos de la crisis del coronavirus pudieron desviar de su curso. Las personas que integran Dachser consiguieron, con gran know-how y compromiso, mantener en marcha las cadenas de suministro de nuestros clientes en todo el mundo, incluso en condiciones adversas\u201d, indica Burkhard Eling, CEO de Dachser. \u201cCon la confianza y respaldo de la familia fundadora mantendremos, como equipo directivo, la cultura \u00fanica y orientada a las personas de la empresa familiar Dachser y, al mismo tiempo, seguiremos haciendo evolucionar la compa\u00f1\u00eda con sentido com\u00fan y agilidad para llegar a ser el proveedor log\u00edstico m\u00e1s integrado del mundo\u201d, contin\u00faa Eling.<\/p>\n<p style=\"text-align: justify;\">Experiencia a raudales en el nuevo equipo de direcci\u00f3n<\/p>\n<p style=\"text-align: justify;\">Desde el 1 de enero de 2021, la Executive Board de Dachser incluye una nueva incorporaci\u00f3n: Alexander Tonn, que asume el cargo de COO Road Logistics, es responsable de la red de transporte terrestre europea para mercanc\u00edas industriales y alimentaci\u00f3n de la compa\u00f1\u00eda. Asimismo, tambi\u00e9n seguir\u00e1 dirigiendo la Unidad de Negocios European Logistics Germany. Tonn, de 47 a\u00f1os, lleva m\u00e1s de 20 en la empresa y ha ocupado diferentes cargos de direcci\u00f3n, entre otros, en el centro log\u00edstico de Dachser en Memmingen, as\u00ed como en la sede de la empresa, donde durante varios a\u00f1os fue responsable del negocio global de log\u00edstica (Contract Logistics) de Dachser.<\/p>\n<p style=\"text-align: justify;\">La nueva unidad ejecutiva IT &amp; Development ser\u00e1 dirigida por Stefan Hohm, 48 a\u00f1os, como Chief Development Officer (CDO). Hohm lleva 27 a\u00f1os en Dachser y en este tiempo ha liderado, entre otras, las delegaciones de Erfurt (Turingia) y de Hof (Alta Franconia). M\u00e1s recientemente, Hohm ha dirigido las unidades de Investigaci\u00f3n y Desarrollo y de Corporate Solutions de Dachser. A parte del desarrollo de las TI, asume ahora la responsabilidad de Contract Logistics a nivel mundial.<\/p>\n<p style=\"text-align: justify;\">El sucesor de Burkhard Eling como CFO, desde el 1 de enero de 2021 y tras una fase de introducci\u00f3n y transici\u00f3n de cuatro meses, es el experimentado directivo financiero Robert Erni. Antes de su llegada a Dachser, este suizo de 54 a\u00f1os fue Group CFO casi siete a\u00f1os y responsable de la unidad ejecutiva financiera del proveedor log\u00edstico Panalpina.<\/p>\n<p style=\"text-align: justify;\">La Unidad de Negocios de carga a\u00e9rea y mar\u00edtima de Dachser no sufrir\u00e1 ninguna modificaci\u00f3n. Desde octubre de 2019 est\u00e1 bajo el mando de Edoardo Podest\u00e0, COO Air &amp; Sea Logistics. Este italiano de 58 a\u00f1os, con base profesional en Hong Kong, se incorpor\u00f3 en Dachser en 2003, asumiendo el cargo de Director General del negocio de carga a\u00e9rea y mar\u00edtima en la regi\u00f3n Asia Pac\u00edfico en 2014.<\/p>\n<p style=\"text-align: justify;\">&nbsp;<\/p>\n","protected":false},"excerpt":{"rendered":"<p style=\"text-align: justify;\">Se ha llevado a cabo el relevo generacional: Burkhard Eling asume el cargo de CEO de la multinacional de log\u00edstica y transporte Dachser.<\/p>\n","protected":false},"author":1,"featured_media":3823,"comment_status":"open","ping_status":"open","sticky":false,"template":"","format":"standard","meta":{"_acf_changed":false,"jnews-multi-image_gallery":[],"jnews_single_post":[],"jnews_primary_category":[],"jnews_social_meta":[],"jnews_override_counter":[],"footnotes":""},"categories":[12],"tags":[],"class_list":["post-3827","post","type-post","status-publish","format-standard","has-post-thumbnail","hentry","category-noticias-industria"],"acf":[],"yoast_head":"<!-- This site is optimized with the Yoast SEO plugin v27.2 - https:\/\/yoast.com\/product\/yoast-seo-wordpress\/ -->\n<title>DACHSER INICIA 2021 CON UN NUEVO LIDERAZGO - Revista Logistec<\/title>\n<meta name=\"robots\" content=\"index, follow, max-snippet:-1, max-image-preview:large, max-video-preview:-1\" \/>\n<link rel=\"canonical\" href=\"https:\/\/www.revistalogistec.com\/index.php\/2021\/01\/11\/dachser-inicia-2021-con-un-nuevo-liderazgo-2\/\" \/>\n<meta property=\"og:locale\" content=\"es_ES\" \/>\n<meta property=\"og:type\" content=\"article\" \/>\n<meta property=\"og:title\" content=\"DACHSER INICIA 2021 CON UN NUEVO LIDERAZGO - Revista Logistec\" \/>\n<meta property=\"og:description\" content=\"Se ha llevado a cabo el relevo generacional: Burkhard Eling asume el cargo de CEO de la multinacional de log\u00edstica y transporte Dachser.\" \/>\n<meta property=\"og:url\" content=\"https:\/\/www.revistalogistec.com\/index.php\/2021\/01\/11\/dachser-inicia-2021-con-un-nuevo-liderazgo-2\/\" \/>\n<meta property=\"og:site_name\" content=\"Revista Logistec\" \/>\n<meta property=\"article:published_time\" content=\"2021-01-11T13:10:05+00:00\" \/>\n<meta property=\"og:image\" content=\"https:\/\/www.revistalogistec.com\/wp-content\/uploads\/2021\/01\/DACHSER-EX-Board_Erni-Tonn-Eling-Podesta-Hohm.jpg\" \/>\n\t<meta property=\"og:image:width\" content=\"850\" \/>\n\t<meta property=\"og:image:height\" content=\"469\" \/>\n\t<meta property=\"og:image:type\" content=\"image\/jpeg\" \/>\n<meta name=\"author\" content=\"admin\" \/>\n<meta name=\"twitter:card\" content=\"summary_large_image\" \/>\n<meta name=\"twitter:label1\" content=\"Escrito por\" \/>\n\t<meta name=\"twitter:data1\" content=\"admin\" \/>\n\t<meta name=\"twitter:label2\" content=\"Tiempo de lectura\" \/>\n\t<meta name=\"twitter:data2\" content=\"5 minutos\" \/>\n<script type=\"application\/ld+json\" class=\"yoast-schema-graph\">{\"@context\":\"https:\/\/schema.org\",\"@graph\":[{\"@type\":\"Article\",\"@id\":\"https:\/\/www.revistalogistec.com\/index.php\/2021\/01\/11\/dachser-inicia-2021-con-un-nuevo-liderazgo-2\/#article\",\"isPartOf\":{\"@id\":\"https:\/\/www.revistalogistec.com\/index.php\/2021\/01\/11\/dachser-inicia-2021-con-un-nuevo-liderazgo-2\/\"},\"author\":{\"name\":\"admin\",\"@id\":\"https:\/\/www.revistalogistec.com\/#\/schema\/person\/b25cced65507282f3fc6eb806b1db4f0\"},\"headline\":\"DACHSER INICIA 2021 CON UN NUEVO LIDERAZGO\",\"datePublished\":\"2021-01-11T13:10:05+00:00\",\"mainEntityOfPage\":{\"@id\":\"https:\/\/www.revistalogistec.com\/index.php\/2021\/01\/11\/dachser-inicia-2021-con-un-nuevo-liderazgo-2\/\"},\"wordCount\":910,\"commentCount\":0,\"image\":{\"@id\":\"https:\/\/www.revistalogistec.com\/index.php\/2021\/01\/11\/dachser-inicia-2021-con-un-nuevo-liderazgo-2\/#primaryimage\"},\"thumbnailUrl\":\"https:\/\/www.revistalogistec.com\/wp-content\/uploads\/2021\/01\/DACHSER-EX-Board_Erni-Tonn-Eling-Podesta-Hohm.jpg\",\"articleSection\":[\"NOTICIAS INDUSTRIA\"],\"inLanguage\":\"es\"},{\"@type\":\"WebPage\",\"@id\":\"https:\/\/www.revistalogistec.com\/index.php\/2021\/01\/11\/dachser-inicia-2021-con-un-nuevo-liderazgo-2\/\",\"url\":\"https:\/\/www.revistalogistec.com\/index.php\/2021\/01\/11\/dachser-inicia-2021-con-un-nuevo-liderazgo-2\/\",\"name\":\"DACHSER INICIA 2021 CON UN NUEVO LIDERAZGO - Revista Logistec\",\"isPartOf\":{\"@id\":\"https:\/\/www.revistalogistec.com\/#website\"},\"primaryImageOfPage\":{\"@id\":\"https:\/\/www.revistalogistec.com\/index.php\/2021\/01\/11\/dachser-inicia-2021-con-un-nuevo-liderazgo-2\/#primaryimage\"},\"image\":{\"@id\":\"https:\/\/www.revistalogistec.com\/index.php\/2021\/01\/11\/dachser-inicia-2021-con-un-nuevo-liderazgo-2\/#primaryimage\"},\"thumbnailUrl\":\"https:\/\/www.revistalogistec.com\/wp-content\/uploads\/2021\/01\/DACHSER-EX-Board_Erni-Tonn-Eling-Podesta-Hohm.jpg\",\"datePublished\":\"2021-01-11T13:10:05+00:00\",\"author\":{\"@id\":\"https:\/\/www.revistalogistec.com\/#\/schema\/person\/b25cced65507282f3fc6eb806b1db4f0\"},\"breadcrumb\":{\"@id\":\"https:\/\/www.revistalogistec.com\/index.php\/2021\/01\/11\/dachser-inicia-2021-con-un-nuevo-liderazgo-2\/#breadcrumb\"},\"inLanguage\":\"es\",\"potentialAction\":[{\"@type\":\"ReadAction\",\"target\":[\"https:\/\/www.revistalogistec.com\/index.php\/2021\/01\/11\/dachser-inicia-2021-con-un-nuevo-liderazgo-2\/\"]}]},{\"@type\":\"ImageObject\",\"inLanguage\":\"es\",\"@id\":\"https:\/\/www.revistalogistec.com\/index.php\/2021\/01\/11\/dachser-inicia-2021-con-un-nuevo-liderazgo-2\/#primaryimage\",\"url\":\"https:\/\/www.revistalogistec.com\/wp-content\/uploads\/2021\/01\/DACHSER-EX-Board_Erni-Tonn-Eling-Podesta-Hohm.jpg\",\"contentUrl\":\"https:\/\/www.revistalogistec.com\/wp-content\/uploads\/2021\/01\/DACHSER-EX-Board_Erni-Tonn-Eling-Podesta-Hohm.jpg\",\"width\":850,\"height\":469},{\"@type\":\"BreadcrumbList\",\"@id\":\"https:\/\/www.revistalogistec.com\/index.php\/2021\/01\/11\/dachser-inicia-2021-con-un-nuevo-liderazgo-2\/#breadcrumb\",\"itemListElement\":[{\"@type\":\"ListItem\",\"position\":1,\"name\":\"Portada\",\"item\":\"https:\/\/www.revistalogistec.com\/\"},{\"@type\":\"ListItem\",\"position\":2,\"name\":\"DACHSER INICIA 2021 CON UN NUEVO LIDERAZGO\"}]},{\"@type\":\"WebSite\",\"@id\":\"https:\/\/www.revistalogistec.com\/#website\",\"url\":\"https:\/\/www.revistalogistec.com\/\",\"name\":\"Revista Logistec\",\"description\":\"\",\"potentialAction\":[{\"@type\":\"SearchAction\",\"target\":{\"@type\":\"EntryPoint\",\"urlTemplate\":\"https:\/\/www.revistalogistec.com\/?s={search_term_string}\"},\"query-input\":{\"@type\":\"PropertyValueSpecification\",\"valueRequired\":true,\"valueName\":\"search_term_string\"}}],\"inLanguage\":\"es\"},{\"@type\":\"Person\",\"@id\":\"https:\/\/www.revistalogistec.com\/#\/schema\/person\/b25cced65507282f3fc6eb806b1db4f0\",\"name\":\"admin\",\"image\":{\"@type\":\"ImageObject\",\"inLanguage\":\"es\",\"@id\":\"https:\/\/secure.gravatar.com\/avatar\/94631f712dee24b50f2f12a7caf62df22b2c346945fcff655ce85b674bebf6fd?s=96&d=mm&r=g\",\"url\":\"https:\/\/secure.gravatar.com\/avatar\/94631f712dee24b50f2f12a7caf62df22b2c346945fcff655ce85b674bebf6fd?s=96&d=mm&r=g\",\"contentUrl\":\"https:\/\/secure.gravatar.com\/avatar\/94631f712dee24b50f2f12a7caf62df22b2c346945fcff655ce85b674bebf6fd?s=96&d=mm&r=g\",\"caption\":\"admin\"},\"sameAs\":[\"https:\/\/www.revistalogistec.com\"],\"url\":\"https:\/\/www.revistalogistec.com\/index.php\/author\/admin_revlog\/\"}]}<\/script>\n<!-- \/ Yoast SEO plugin. -->","yoast_head_json":{"title":"DACHSER INICIA 2021 CON UN NUEVO LIDERAZGO - Revista Logistec","robots":{"index":"index","follow":"follow","max-snippet":"max-snippet:-1","max-image-preview":"max-image-preview:large","max-video-preview":"max-video-preview:-1"},"canonical":"https:\/\/www.revistalogistec.com\/index.php\/2021\/01\/11\/dachser-inicia-2021-con-un-nuevo-liderazgo-2\/","og_locale":"es_ES","og_type":"article","og_title":"DACHSER INICIA 2021 CON UN NUEVO LIDERAZGO - Revista Logistec","og_description":"Se ha llevado a cabo el relevo generacional: Burkhard Eling asume el cargo de CEO de la multinacional de log\u00edstica y transporte Dachser.","og_url":"https:\/\/www.revistalogistec.com\/index.php\/2021\/01\/11\/dachser-inicia-2021-con-un-nuevo-liderazgo-2\/","og_site_name":"Revista Logistec","article_published_time":"2021-01-11T13:10:05+00:00","og_image":[{"width":850,"height":469,"url":"https:\/\/www.revistalogistec.com\/wp-content\/uploads\/2021\/01\/DACHSER-EX-Board_Erni-Tonn-Eling-Podesta-Hohm.jpg","type":"image\/jpeg"}],"author":"admin","twitter_card":"summary_large_image","twitter_misc":{"Escrito por":"admin","Tiempo de lectura":"5 minutos"},"schema":{"@context":"https:\/\/schema.org","@graph":[{"@type":"Article","@id":"https:\/\/www.revistalogistec.com\/index.php\/2021\/01\/11\/dachser-inicia-2021-con-un-nuevo-liderazgo-2\/#article","isPartOf":{"@id":"https:\/\/www.revistalogistec.com\/index.php\/2021\/01\/11\/dachser-inicia-2021-con-un-nuevo-liderazgo-2\/"},"author":{"name":"admin","@id":"https:\/\/www.revistalogistec.com\/#\/schema\/person\/b25cced65507282f3fc6eb806b1db4f0"},"headline":"DACHSER INICIA 2021 CON UN NUEVO LIDERAZGO","datePublished":"2021-01-11T13:10:05+00:00","mainEntityOfPage":{"@id":"https:\/\/www.revistalogistec.com\/index.php\/2021\/01\/11\/dachser-inicia-2021-con-un-nuevo-liderazgo-2\/"},"wordCount":910,"commentCount":0,"image":{"@id":"https:\/\/www.revistalogistec.com\/index.php\/2021\/01\/11\/dachser-inicia-2021-con-un-nuevo-liderazgo-2\/#primaryimage"},"thumbnailUrl":"https:\/\/www.revistalogistec.com\/wp-content\/uploads\/2021\/01\/DACHSER-EX-Board_Erni-Tonn-Eling-Podesta-Hohm.jpg","articleSection":["NOTICIAS INDUSTRIA"],"inLanguage":"es"},{"@type":"WebPage","@id":"https:\/\/www.revistalogistec.com\/index.php\/2021\/01\/11\/dachser-inicia-2021-con-un-nuevo-liderazgo-2\/","url":"https:\/\/www.revistalogistec.com\/index.php\/2021\/01\/11\/dachser-inicia-2021-con-un-nuevo-liderazgo-2\/","name":"DACHSER INICIA 2021 CON UN NUEVO LIDERAZGO - Revista Logistec","isPartOf":{"@id":"https:\/\/www.revistalogistec.com\/#website"},"primaryImageOfPage":{"@id":"https:\/\/www.revistalogistec.com\/index.php\/2021\/01\/11\/dachser-inicia-2021-con-un-nuevo-liderazgo-2\/#primaryimage"},"image":{"@id":"https:\/\/www.revistalogistec.com\/index.php\/2021\/01\/11\/dachser-inicia-2021-con-un-nuevo-liderazgo-2\/#primaryimage"},"thumbnailUrl":"https:\/\/www.revistalogistec.com\/wp-content\/uploads\/2021\/01\/DACHSER-EX-Board_Erni-Tonn-Eling-Podesta-Hohm.jpg","datePublished":"2021-01-11T13:10:05+00:00","author":{"@id":"https:\/\/www.revistalogistec.com\/#\/schema\/person\/b25cced65507282f3fc6eb806b1db4f0"},"breadcrumb":{"@id":"https:\/\/www.revistalogistec.com\/index.php\/2021\/01\/11\/dachser-inicia-2021-con-un-nuevo-liderazgo-2\/#breadcrumb"},"inLanguage":"es","potentialAction":[{"@type":"ReadAction","target":["https:\/\/www.revistalogistec.com\/index.php\/2021\/01\/11\/dachser-inicia-2021-con-un-nuevo-liderazgo-2\/"]}]},{"@type":"ImageObject","inLanguage":"es","@id":"https:\/\/www.revistalogistec.com\/index.php\/2021\/01\/11\/dachser-inicia-2021-con-un-nuevo-liderazgo-2\/#primaryimage","url":"https:\/\/www.revistalogistec.com\/wp-content\/uploads\/2021\/01\/DACHSER-EX-Board_Erni-Tonn-Eling-Podesta-Hohm.jpg","contentUrl":"https:\/\/www.revistalogistec.com\/wp-content\/uploads\/2021\/01\/DACHSER-EX-Board_Erni-Tonn-Eling-Podesta-Hohm.jpg","width":850,"height":469},{"@type":"BreadcrumbList","@id":"https:\/\/www.revistalogistec.com\/index.php\/2021\/01\/11\/dachser-inicia-2021-con-un-nuevo-liderazgo-2\/#breadcrumb","itemListElement":[{"@type":"ListItem","position":1,"name":"Portada","item":"https:\/\/www.revistalogistec.com\/"},{"@type":"ListItem","position":2,"name":"DACHSER INICIA 2021 CON UN NUEVO LIDERAZGO"}]},{"@type":"WebSite","@id":"https:\/\/www.revistalogistec.com\/#website","url":"https:\/\/www.revistalogistec.com\/","name":"Revista Logistec","description":"","potentialAction":[{"@type":"SearchAction","target":{"@type":"EntryPoint","urlTemplate":"https:\/\/www.revistalogistec.com\/?s={search_term_string}"},"query-input":{"@type":"PropertyValueSpecification","valueRequired":true,"valueName":"search_term_string"}}],"inLanguage":"es"},{"@type":"Person","@id":"https:\/\/www.revistalogistec.com\/#\/schema\/person\/b25cced65507282f3fc6eb806b1db4f0","name":"admin","image":{"@type":"ImageObject","inLanguage":"es","@id":"https:\/\/secure.gravatar.com\/avatar\/94631f712dee24b50f2f12a7caf62df22b2c346945fcff655ce85b674bebf6fd?s=96&d=mm&r=g","url":"https:\/\/secure.gravatar.com\/avatar\/94631f712dee24b50f2f12a7caf62df22b2c346945fcff655ce85b674bebf6fd?s=96&d=mm&r=g","contentUrl":"https:\/\/secure.gravatar.com\/avatar\/94631f712dee24b50f2f12a7caf62df22b2c346945fcff655ce85b674bebf6fd?s=96&d=mm&r=g","caption":"admin"},"sameAs":["https:\/\/www.revistalogistec.com"],"url":"https:\/\/www.revistalogistec.com\/index.php\/author\/admin_revlog\/"}]}},"_links":{"self":[{"href":"https:\/\/www.revistalogistec.com\/index.php\/wp-json\/wp\/v2\/posts\/3827","targetHints":{"allow":["GET"]}}],"collection":[{"href":"https:\/\/www.revistalogistec.com\/index.php\/wp-json\/wp\/v2\/posts"}],"about":[{"href":"https:\/\/www.revistalogistec.com\/index.php\/wp-json\/wp\/v2\/types\/post"}],"author":[{"embeddable":true,"href":"https:\/\/www.revistalogistec.com\/index.php\/wp-json\/wp\/v2\/users\/1"}],"replies":[{"embeddable":true,"href":"https:\/\/www.revistalogistec.com\/index.php\/wp-json\/wp\/v2\/comments?post=3827"}],"version-history":[{"count":0,"href":"https:\/\/www.revistalogistec.com\/index.php\/wp-json\/wp\/v2\/posts\/3827\/revisions"}],"wp:featuredmedia":[{"embeddable":true,"href":"https:\/\/www.revistalogistec.com\/index.php\/wp-json\/wp\/v2\/media\/3823"}],"wp:attachment":[{"href":"https:\/\/www.revistalogistec.com\/index.php\/wp-json\/wp\/v2\/media?parent=3827"}],"wp:term":[{"taxonomy":"category","embeddable":true,"href":"https:\/\/www.revistalogistec.com\/index.php\/wp-json\/wp\/v2\/categories?post=3827"},{"taxonomy":"post_tag","embeddable":true,"href":"https:\/\/www.revistalogistec.com\/index.php\/wp-json\/wp\/v2\/tags?post=3827"}],"curies":[{"name":"wp","href":"https:\/\/api.w.org\/{rel}","templated":true}]}}