{"id":3830,"date":"2021-01-11T20:21:44","date_gmt":"2021-01-11T20:21:44","guid":{"rendered":"https:\/\/www.revistalogistec.com\/index.php\/2021\/01\/11\/la-importancia-de-la-ultima-milla-en-tiempos-de-pandemia\/"},"modified":"2021-01-11T20:21:44","modified_gmt":"2021-01-11T20:21:44","slug":"la-importancia-de-la-ultima-milla-en-tiempos-de-pandemia","status":"publish","type":"post","link":"https:\/\/www.revistalogistec.com\/index.php\/2021\/01\/11\/la-importancia-de-la-ultima-milla-en-tiempos-de-pandemia\/","title":{"rendered":"LA IMPORTANCIA DE LA \u00daLTIMA MILLA EN TIEMPOS DE PANDEMIA"},"content":{"rendered":"<p style=\"text-align: justify;\">El 2020 nos demostr\u00f3 que la \u00faltima milla, es decir el proceso final de un producto a su destino, es fundamental. Todos nos mantuvimos en nuestras casas, enfrentando lo mejor posible una pandemia y, para la industria de la log\u00edstica, el desaf\u00edo fue mayor.<\/p>\n<p style=\"text-align: justify;\">Hoy, la gente espera \u2013 m\u00e1s que nunca \u2013 que lo que necesita llegue a sus manos. A principios de a\u00f1o esper\u00e1bamos que aquello que compramos llegara r\u00e1pido, pero hoy, en medio de esta crisis mundial, esperamos tan s\u00f3lo que llegue! Quien lo haga con eficiencia, tecnolog\u00eda y pensando en la experiencia del cliente tendr\u00e1 una gran ventaja. . <br \/>Las empresas que ubican al consumidor en el centro de su estrategia son las que hoy van a captar m\u00e1s valor. Pero esto no es tarea f\u00e1cil porque este consumidor quiere tener el control total. Supone tener el poder de cu\u00e1ndo, c\u00f3mo y d\u00f3nde recibe aquello que espera. \u00bfEn 90 minutos? \u00bfEn tres d\u00edas? \u00bfEl pr\u00f3ximo mes? \u00bfEn su casa? \u00bfEn el auto mientras est\u00e1 atascado en el tr\u00e1fico.<br \/>En este tremendo desaf\u00edo, no ganar\u00e1n necesariamente las compa\u00f1\u00edas m\u00e1s r\u00e1pidas, sino las que le den ese poder de decisi\u00f3n al consumidor y le entreguen la soluci\u00f3n tal como la est\u00e1 esperando de manera eficiente.<br \/>En este escenario, podr\u00edamos pensar que las grandes compa\u00f1\u00edas del mundo, que hasta ahora han liderado el comercio digital, ya lo han hecho todo, pero la buena noticia es que podemos adaptarnos y pelear en este duro mercado. \u00bfY c\u00f3mo? Siguiendo una ruta de tres ejes: primero, <strong>la tecnolog\u00eda<\/strong> debe ser parte de la cultura organizacional y sin darle tregua al tiempo. Las empresas que incorporen la mayor cantidad y calidad de innovaci\u00f3n en forma continua y la incorporen en su visi\u00f3n de negocios, son aquellas que seguir\u00e1n avanzando. Segundo, <strong>establecer formas colaborativas de trabajar.<\/strong><\/p>\n<p style=\"text-align: justify;\"><img decoding=\"async\" class=\" alignleft size-full wp-image-3829\" src=\"https:\/\/www.revistalogistec.com\/wp-content\/uploads\/2021\/01\/altomovup35994.jpg\" alt=\"altomovup35994\" width=\"317\" height=\"396\" style=\"margin: 10px; float: left;\" srcset=\"https:\/\/www.revistalogistec.com\/wp-content\/uploads\/2021\/01\/altomovup35994.jpg 1080w, https:\/\/www.revistalogistec.com\/wp-content\/uploads\/2021\/01\/altomovup35994-240x300.jpg 240w, https:\/\/www.revistalogistec.com\/wp-content\/uploads\/2021\/01\/altomovup35994-819x1024.jpg 819w, https:\/\/www.revistalogistec.com\/wp-content\/uploads\/2021\/01\/altomovup35994-768x960.jpg 768w, https:\/\/www.revistalogistec.com\/wp-content\/uploads\/2021\/01\/altomovup35994-750x938.jpg 750w\" sizes=\"(max-width: 317px) 100vw, 317px\" \/><br \/>No existe mejor manera de hacer negocios que buscar sinergias entre empresas. Ser due\u00f1o de todos los activos dej\u00f3 de ser la \u00fanica alternativa. Tercero, <strong>el valor que le damos a la data.<\/strong> Las empresas que m\u00e1s lejos llegar\u00e1n son aquellas organizaciones que entienden c\u00f3mo usar la informaci\u00f3n, c\u00f3mo analizarla, qu\u00e9 valor le otorgan y qu\u00e9 foco le dan. Es clave aprender a usarla para poder tomar mejores decisiones de negocio<br \/>En&nbsp;<strong>ALTO MovUp<\/strong>&nbsp;hemos decidido mirar la data desde arriba para generar mayor eficiencia operacional y disminuir riesgos. Integramos tecnolog\u00eda para analizar m\u00e1s y mejor, en tiempo real y generar acciones que mejoren los resultados.<br \/>El panorama no se visualiza f\u00e1cil, pero es posible con convicci\u00f3n y, por cierto, inversi\u00f3n. Cuando de tecnolog\u00eda se trata, no hay barreras. En Chile, estamos en los \u00faltimos lugares en innovaci\u00f3n el consumidor ya no tiene raz\u00f3n para esperar. El cliente ya tiene el poder y sabe perfectamente c\u00f3mo usarlo.<br \/>El COVID 19 nos ha dejado muchos aprendizajes y ha generado cambios profundos que jam\u00e1s imaginamos y que seguimos experimentando. Mientras tanto, es necesario ser flexibles y adaptarnos, cada uno desde su lugar, buscando formas creativas de adaptarnos a las diferentes situaciones del mercado.<\/p>\n<p style=\"text-align: justify;\"><strong>Por ALTOMovUp<\/strong><\/p>\n","protected":false},"excerpt":{"rendered":"<p style=\"text-align: justify;\">El 2020 nos demostr\u00f3 que la \u00faltima milla, es decir el proceso final de un producto a su destino, es fundamental. Todos nos mantuvimos en nuestras casas, enfrentando lo mejor posible una pandemia y, para la industria de la log\u00edstica, el desaf\u00edo fue mayor.<\/p>\n","protected":false},"author":48296,"featured_media":3826,"comment_status":"open","ping_status":"open","sticky":false,"template":"","format":"standard","meta":{"_acf_changed":false,"jnews-multi-image_gallery":[],"jnews_single_post":[],"jnews_primary_category":[],"jnews_social_meta":[],"jnews_override_counter":[],"footnotes":""},"categories":[83],"tags":[],"class_list":["post-3830","post","type-post","status-publish","format-standard","has-post-thumbnail","hentry","category-analisis"],"acf":[],"yoast_head":"<!-- This site is optimized with the Yoast SEO plugin v27.2 - https:\/\/yoast.com\/product\/yoast-seo-wordpress\/ -->\n<title>LA IMPORTANCIA DE LA \u00daLTIMA MILLA EN TIEMPOS DE PANDEMIA - Revista Logistec<\/title>\n<meta name=\"robots\" content=\"index, follow, max-snippet:-1, max-image-preview:large, max-video-preview:-1\" \/>\n<link rel=\"canonical\" href=\"https:\/\/www.revistalogistec.com\/index.php\/2021\/01\/11\/la-importancia-de-la-ultima-milla-en-tiempos-de-pandemia\/\" \/>\n<meta property=\"og:locale\" content=\"es_ES\" \/>\n<meta property=\"og:type\" content=\"article\" \/>\n<meta property=\"og:title\" content=\"LA IMPORTANCIA DE LA \u00daLTIMA MILLA EN TIEMPOS DE PANDEMIA - Revista Logistec\" \/>\n<meta property=\"og:description\" content=\"El 2020 nos demostr\u00f3 que la \u00faltima milla, es decir el proceso final de un producto a su destino, es fundamental. Todos nos mantuvimos en nuestras casas, enfrentando lo mejor posible una pandemia y, para la industria de la log\u00edstica, el desaf\u00edo fue mayor.\" \/>\n<meta property=\"og:url\" content=\"https:\/\/www.revistalogistec.com\/index.php\/2021\/01\/11\/la-importancia-de-la-ultima-milla-en-tiempos-de-pandemia\/\" \/>\n<meta property=\"og:site_name\" content=\"Revista Logistec\" \/>\n<meta property=\"article:published_time\" content=\"2021-01-11T20:21:44+00:00\" \/>\n<meta property=\"og:image\" content=\"https:\/\/www.revistalogistec.com\/wp-content\/uploads\/2021\/01\/altomovup17342.jpg\" \/>\n\t<meta property=\"og:image:width\" content=\"850\" \/>\n\t<meta property=\"og:image:height\" content=\"553\" \/>\n\t<meta property=\"og:image:type\" content=\"image\/jpeg\" \/>\n<meta name=\"author\" content=\"Paula Cortes\" \/>\n<meta name=\"twitter:card\" content=\"summary_large_image\" \/>\n<meta name=\"twitter:label1\" content=\"Escrito por\" \/>\n\t<meta name=\"twitter:data1\" content=\"Paula Cortes\" \/>\n\t<meta name=\"twitter:label2\" content=\"Tiempo de lectura\" \/>\n\t<meta name=\"twitter:data2\" content=\"3 minutos\" \/>\n<script type=\"application\/ld+json\" class=\"yoast-schema-graph\">{\"@context\":\"https:\/\/schema.org\",\"@graph\":[{\"@type\":\"Article\",\"@id\":\"https:\/\/www.revistalogistec.com\/index.php\/2021\/01\/11\/la-importancia-de-la-ultima-milla-en-tiempos-de-pandemia\/#article\",\"isPartOf\":{\"@id\":\"https:\/\/www.revistalogistec.com\/index.php\/2021\/01\/11\/la-importancia-de-la-ultima-milla-en-tiempos-de-pandemia\/\"},\"author\":{\"name\":\"Paula Cortes\",\"@id\":\"https:\/\/www.revistalogistec.com\/#\/schema\/person\/6ebda24bed8ddfc6f5e848ee539184e5\"},\"headline\":\"LA IMPORTANCIA DE LA \u00daLTIMA MILLA EN TIEMPOS DE PANDEMIA\",\"datePublished\":\"2021-01-11T20:21:44+00:00\",\"mainEntityOfPage\":{\"@id\":\"https:\/\/www.revistalogistec.com\/index.php\/2021\/01\/11\/la-importancia-de-la-ultima-milla-en-tiempos-de-pandemia\/\"},\"wordCount\":556,\"commentCount\":0,\"image\":{\"@id\":\"https:\/\/www.revistalogistec.com\/index.php\/2021\/01\/11\/la-importancia-de-la-ultima-milla-en-tiempos-de-pandemia\/#primaryimage\"},\"thumbnailUrl\":\"https:\/\/www.revistalogistec.com\/wp-content\/uploads\/2021\/01\/altomovup17342.jpg\",\"articleSection\":[\"AN\u00c1LISIS\"],\"inLanguage\":\"es\"},{\"@type\":\"WebPage\",\"@id\":\"https:\/\/www.revistalogistec.com\/index.php\/2021\/01\/11\/la-importancia-de-la-ultima-milla-en-tiempos-de-pandemia\/\",\"url\":\"https:\/\/www.revistalogistec.com\/index.php\/2021\/01\/11\/la-importancia-de-la-ultima-milla-en-tiempos-de-pandemia\/\",\"name\":\"LA IMPORTANCIA DE LA \u00daLTIMA MILLA EN TIEMPOS DE PANDEMIA - Revista Logistec\",\"isPartOf\":{\"@id\":\"https:\/\/www.revistalogistec.com\/#website\"},\"primaryImageOfPage\":{\"@id\":\"https:\/\/www.revistalogistec.com\/index.php\/2021\/01\/11\/la-importancia-de-la-ultima-milla-en-tiempos-de-pandemia\/#primaryimage\"},\"image\":{\"@id\":\"https:\/\/www.revistalogistec.com\/index.php\/2021\/01\/11\/la-importancia-de-la-ultima-milla-en-tiempos-de-pandemia\/#primaryimage\"},\"thumbnailUrl\":\"https:\/\/www.revistalogistec.com\/wp-content\/uploads\/2021\/01\/altomovup17342.jpg\",\"datePublished\":\"2021-01-11T20:21:44+00:00\",\"author\":{\"@id\":\"https:\/\/www.revistalogistec.com\/#\/schema\/person\/6ebda24bed8ddfc6f5e848ee539184e5\"},\"breadcrumb\":{\"@id\":\"https:\/\/www.revistalogistec.com\/index.php\/2021\/01\/11\/la-importancia-de-la-ultima-milla-en-tiempos-de-pandemia\/#breadcrumb\"},\"inLanguage\":\"es\",\"potentialAction\":[{\"@type\":\"ReadAction\",\"target\":[\"https:\/\/www.revistalogistec.com\/index.php\/2021\/01\/11\/la-importancia-de-la-ultima-milla-en-tiempos-de-pandemia\/\"]}]},{\"@type\":\"ImageObject\",\"inLanguage\":\"es\",\"@id\":\"https:\/\/www.revistalogistec.com\/index.php\/2021\/01\/11\/la-importancia-de-la-ultima-milla-en-tiempos-de-pandemia\/#primaryimage\",\"url\":\"https:\/\/www.revistalogistec.com\/wp-content\/uploads\/2021\/01\/altomovup17342.jpg\",\"contentUrl\":\"https:\/\/www.revistalogistec.com\/wp-content\/uploads\/2021\/01\/altomovup17342.jpg\",\"width\":850,\"height\":553},{\"@type\":\"BreadcrumbList\",\"@id\":\"https:\/\/www.revistalogistec.com\/index.php\/2021\/01\/11\/la-importancia-de-la-ultima-milla-en-tiempos-de-pandemia\/#breadcrumb\",\"itemListElement\":[{\"@type\":\"ListItem\",\"position\":1,\"name\":\"Portada\",\"item\":\"https:\/\/www.revistalogistec.com\/\"},{\"@type\":\"ListItem\",\"position\":2,\"name\":\"LA IMPORTANCIA DE LA \u00daLTIMA MILLA EN TIEMPOS DE PANDEMIA\"}]},{\"@type\":\"WebSite\",\"@id\":\"https:\/\/www.revistalogistec.com\/#website\",\"url\":\"https:\/\/www.revistalogistec.com\/\",\"name\":\"Revista Logistec\",\"description\":\"\",\"potentialAction\":[{\"@type\":\"SearchAction\",\"target\":{\"@type\":\"EntryPoint\",\"urlTemplate\":\"https:\/\/www.revistalogistec.com\/?s={search_term_string}\"},\"query-input\":{\"@type\":\"PropertyValueSpecification\",\"valueRequired\":true,\"valueName\":\"search_term_string\"}}],\"inLanguage\":\"es\"},{\"@type\":\"Person\",\"@id\":\"https:\/\/www.revistalogistec.com\/#\/schema\/person\/6ebda24bed8ddfc6f5e848ee539184e5\",\"name\":\"Paula Cortes\",\"image\":{\"@type\":\"ImageObject\",\"inLanguage\":\"es\",\"@id\":\"https:\/\/secure.gravatar.com\/avatar\/f9207b46b9e06b63ba9e6f850cbf5de3945e6ce9ba336ad5aa87eee72a5a569c?s=96&d=mm&r=g\",\"url\":\"https:\/\/secure.gravatar.com\/avatar\/f9207b46b9e06b63ba9e6f850cbf5de3945e6ce9ba336ad5aa87eee72a5a569c?s=96&d=mm&r=g\",\"contentUrl\":\"https:\/\/secure.gravatar.com\/avatar\/f9207b46b9e06b63ba9e6f850cbf5de3945e6ce9ba336ad5aa87eee72a5a569c?s=96&d=mm&r=g\",\"caption\":\"Paula Cortes\"},\"url\":\"https:\/\/www.revistalogistec.com\/index.php\/author\/paula-cortes\/\"}]}<\/script>\n<!-- \/ Yoast SEO plugin. -->","yoast_head_json":{"title":"LA IMPORTANCIA DE LA \u00daLTIMA MILLA EN TIEMPOS DE PANDEMIA - Revista Logistec","robots":{"index":"index","follow":"follow","max-snippet":"max-snippet:-1","max-image-preview":"max-image-preview:large","max-video-preview":"max-video-preview:-1"},"canonical":"https:\/\/www.revistalogistec.com\/index.php\/2021\/01\/11\/la-importancia-de-la-ultima-milla-en-tiempos-de-pandemia\/","og_locale":"es_ES","og_type":"article","og_title":"LA IMPORTANCIA DE LA \u00daLTIMA MILLA EN TIEMPOS DE PANDEMIA - Revista Logistec","og_description":"El 2020 nos demostr\u00f3 que la \u00faltima milla, es decir el proceso final de un producto a su destino, es fundamental. Todos nos mantuvimos en nuestras casas, enfrentando lo mejor posible una pandemia y, para la industria de la log\u00edstica, el desaf\u00edo fue mayor.","og_url":"https:\/\/www.revistalogistec.com\/index.php\/2021\/01\/11\/la-importancia-de-la-ultima-milla-en-tiempos-de-pandemia\/","og_site_name":"Revista Logistec","article_published_time":"2021-01-11T20:21:44+00:00","og_image":[{"width":850,"height":553,"url":"https:\/\/www.revistalogistec.com\/wp-content\/uploads\/2021\/01\/altomovup17342.jpg","type":"image\/jpeg"}],"author":"Paula Cortes","twitter_card":"summary_large_image","twitter_misc":{"Escrito por":"Paula Cortes","Tiempo de lectura":"3 minutos"},"schema":{"@context":"https:\/\/schema.org","@graph":[{"@type":"Article","@id":"https:\/\/www.revistalogistec.com\/index.php\/2021\/01\/11\/la-importancia-de-la-ultima-milla-en-tiempos-de-pandemia\/#article","isPartOf":{"@id":"https:\/\/www.revistalogistec.com\/index.php\/2021\/01\/11\/la-importancia-de-la-ultima-milla-en-tiempos-de-pandemia\/"},"author":{"name":"Paula Cortes","@id":"https:\/\/www.revistalogistec.com\/#\/schema\/person\/6ebda24bed8ddfc6f5e848ee539184e5"},"headline":"LA IMPORTANCIA DE LA \u00daLTIMA MILLA EN TIEMPOS DE PANDEMIA","datePublished":"2021-01-11T20:21:44+00:00","mainEntityOfPage":{"@id":"https:\/\/www.revistalogistec.com\/index.php\/2021\/01\/11\/la-importancia-de-la-ultima-milla-en-tiempos-de-pandemia\/"},"wordCount":556,"commentCount":0,"image":{"@id":"https:\/\/www.revistalogistec.com\/index.php\/2021\/01\/11\/la-importancia-de-la-ultima-milla-en-tiempos-de-pandemia\/#primaryimage"},"thumbnailUrl":"https:\/\/www.revistalogistec.com\/wp-content\/uploads\/2021\/01\/altomovup17342.jpg","articleSection":["AN\u00c1LISIS"],"inLanguage":"es"},{"@type":"WebPage","@id":"https:\/\/www.revistalogistec.com\/index.php\/2021\/01\/11\/la-importancia-de-la-ultima-milla-en-tiempos-de-pandemia\/","url":"https:\/\/www.revistalogistec.com\/index.php\/2021\/01\/11\/la-importancia-de-la-ultima-milla-en-tiempos-de-pandemia\/","name":"LA IMPORTANCIA DE LA \u00daLTIMA MILLA EN TIEMPOS DE PANDEMIA - Revista Logistec","isPartOf":{"@id":"https:\/\/www.revistalogistec.com\/#website"},"primaryImageOfPage":{"@id":"https:\/\/www.revistalogistec.com\/index.php\/2021\/01\/11\/la-importancia-de-la-ultima-milla-en-tiempos-de-pandemia\/#primaryimage"},"image":{"@id":"https:\/\/www.revistalogistec.com\/index.php\/2021\/01\/11\/la-importancia-de-la-ultima-milla-en-tiempos-de-pandemia\/#primaryimage"},"thumbnailUrl":"https:\/\/www.revistalogistec.com\/wp-content\/uploads\/2021\/01\/altomovup17342.jpg","datePublished":"2021-01-11T20:21:44+00:00","author":{"@id":"https:\/\/www.revistalogistec.com\/#\/schema\/person\/6ebda24bed8ddfc6f5e848ee539184e5"},"breadcrumb":{"@id":"https:\/\/www.revistalogistec.com\/index.php\/2021\/01\/11\/la-importancia-de-la-ultima-milla-en-tiempos-de-pandemia\/#breadcrumb"},"inLanguage":"es","potentialAction":[{"@type":"ReadAction","target":["https:\/\/www.revistalogistec.com\/index.php\/2021\/01\/11\/la-importancia-de-la-ultima-milla-en-tiempos-de-pandemia\/"]}]},{"@type":"ImageObject","inLanguage":"es","@id":"https:\/\/www.revistalogistec.com\/index.php\/2021\/01\/11\/la-importancia-de-la-ultima-milla-en-tiempos-de-pandemia\/#primaryimage","url":"https:\/\/www.revistalogistec.com\/wp-content\/uploads\/2021\/01\/altomovup17342.jpg","contentUrl":"https:\/\/www.revistalogistec.com\/wp-content\/uploads\/2021\/01\/altomovup17342.jpg","width":850,"height":553},{"@type":"BreadcrumbList","@id":"https:\/\/www.revistalogistec.com\/index.php\/2021\/01\/11\/la-importancia-de-la-ultima-milla-en-tiempos-de-pandemia\/#breadcrumb","itemListElement":[{"@type":"ListItem","position":1,"name":"Portada","item":"https:\/\/www.revistalogistec.com\/"},{"@type":"ListItem","position":2,"name":"LA IMPORTANCIA DE LA \u00daLTIMA MILLA EN TIEMPOS DE PANDEMIA"}]},{"@type":"WebSite","@id":"https:\/\/www.revistalogistec.com\/#website","url":"https:\/\/www.revistalogistec.com\/","name":"Revista Logistec","description":"","potentialAction":[{"@type":"SearchAction","target":{"@type":"EntryPoint","urlTemplate":"https:\/\/www.revistalogistec.com\/?s={search_term_string}"},"query-input":{"@type":"PropertyValueSpecification","valueRequired":true,"valueName":"search_term_string"}}],"inLanguage":"es"},{"@type":"Person","@id":"https:\/\/www.revistalogistec.com\/#\/schema\/person\/6ebda24bed8ddfc6f5e848ee539184e5","name":"Paula Cortes","image":{"@type":"ImageObject","inLanguage":"es","@id":"https:\/\/secure.gravatar.com\/avatar\/f9207b46b9e06b63ba9e6f850cbf5de3945e6ce9ba336ad5aa87eee72a5a569c?s=96&d=mm&r=g","url":"https:\/\/secure.gravatar.com\/avatar\/f9207b46b9e06b63ba9e6f850cbf5de3945e6ce9ba336ad5aa87eee72a5a569c?s=96&d=mm&r=g","contentUrl":"https:\/\/secure.gravatar.com\/avatar\/f9207b46b9e06b63ba9e6f850cbf5de3945e6ce9ba336ad5aa87eee72a5a569c?s=96&d=mm&r=g","caption":"Paula Cortes"},"url":"https:\/\/www.revistalogistec.com\/index.php\/author\/paula-cortes\/"}]}},"_links":{"self":[{"href":"https:\/\/www.revistalogistec.com\/index.php\/wp-json\/wp\/v2\/posts\/3830","targetHints":{"allow":["GET"]}}],"collection":[{"href":"https:\/\/www.revistalogistec.com\/index.php\/wp-json\/wp\/v2\/posts"}],"about":[{"href":"https:\/\/www.revistalogistec.com\/index.php\/wp-json\/wp\/v2\/types\/post"}],"author":[{"embeddable":true,"href":"https:\/\/www.revistalogistec.com\/index.php\/wp-json\/wp\/v2\/users\/48296"}],"replies":[{"embeddable":true,"href":"https:\/\/www.revistalogistec.com\/index.php\/wp-json\/wp\/v2\/comments?post=3830"}],"version-history":[{"count":0,"href":"https:\/\/www.revistalogistec.com\/index.php\/wp-json\/wp\/v2\/posts\/3830\/revisions"}],"wp:featuredmedia":[{"embeddable":true,"href":"https:\/\/www.revistalogistec.com\/index.php\/wp-json\/wp\/v2\/media\/3826"}],"wp:attachment":[{"href":"https:\/\/www.revistalogistec.com\/index.php\/wp-json\/wp\/v2\/media?parent=3830"}],"wp:term":[{"taxonomy":"category","embeddable":true,"href":"https:\/\/www.revistalogistec.com\/index.php\/wp-json\/wp\/v2\/categories?post=3830"},{"taxonomy":"post_tag","embeddable":true,"href":"https:\/\/www.revistalogistec.com\/index.php\/wp-json\/wp\/v2\/tags?post=3830"}],"curies":[{"name":"wp","href":"https:\/\/api.w.org\/{rel}","templated":true}]}}