{"id":4014,"date":"2021-02-10T19:43:04","date_gmt":"2021-02-10T19:43:04","guid":{"rendered":"https:\/\/www.revistalogistec.com\/index.php\/2021\/02\/10\/centro-la-vara-ii-central-bodegas-sigue-creciendo-y-aportando-a-la-industria-logistica-2\/"},"modified":"2021-02-10T19:43:04","modified_gmt":"2021-02-10T19:43:04","slug":"centro-la-vara-ii-central-bodegas-sigue-creciendo-y-aportando-a-la-industria-logistica-2","status":"publish","type":"post","link":"https:\/\/www.revistalogistec.com\/index.php\/2021\/02\/10\/centro-la-vara-ii-central-bodegas-sigue-creciendo-y-aportando-a-la-industria-logistica-2\/","title":{"rendered":"CENTRO LA VARA II: CENTRAL BODEGAS SIGUE CRECIENDO Y APORTANDO A LA INDUSTRIA LOG\u00cdSTICA"},"content":{"rendered":"<p style=\"text-align: justify;\">De la mano de instalaciones de primer nivel y nuevos formatos de soluciones, la compa\u00f1\u00eda de bodegaje ha tenido un sorpresivo \u00e9xito con su nuevo Centro, ubicado en la comuna de San Bernardo, a meses de su inauguraci\u00f3n. La Vara II abre un nuevo espacio para el desarrollo de Central Bodegas en mercados como los operadores log\u00edsticos y peque\u00f1as bodegas con oficinas, gracias a sus instalaciones de vanguardia y sus m\u00e1s de 26 mil m2 construidos.<\/p>\n<p style=\"text-align: justify;\"><img decoding=\"async\" class=\" alignleft size-full wp-image-1694\" src=\"https:\/\/www.revistalogistec.com\/wp-content\/uploads\/2020\/03\/Carlos_Figueroa.jpg\" alt=\"Carlos Figueroa\" style=\"margin: 10px; float: left;\" width=\"200\" height=\"200\" srcset=\"https:\/\/www.revistalogistec.com\/wp-content\/uploads\/2020\/03\/Carlos_Figueroa.jpg 200w, https:\/\/www.revistalogistec.com\/wp-content\/uploads\/2020\/03\/Carlos_Figueroa-150x150.jpg 150w, https:\/\/www.revistalogistec.com\/wp-content\/uploads\/2020\/03\/Carlos_Figueroa-75x75.jpg 75w\" sizes=\"(max-width: 200px) 100vw, 200px\" \/>Un 2020 tremendamente trabajado fue el que vivi\u00f3 Central Bodegas. La inauguraci\u00f3n de su nuevo Centro La Vara II se transform\u00f3 en un hito importante para la empresa de bodegaje al abrir espacios para el desarrollo de soluciones, destinadas a nuevos mercados.&nbsp;El a\u00f1o pasado, debido a los efectos que gener\u00f3 la pandemia fue un a\u00f1o particular para la industria log\u00edstica. Un periodo donde el negocio tuvo un crecimiento importante en el e-Commerce y log\u00edstica y \u201cun a\u00f1o donde los log\u00edsticos trabajamos como nunca con mucho crecimiento y aprendizaje\u201d, seg\u00fan coment\u00f3 Carlos Figueroa, gerente general de Central Bodegas.<\/p>\n<p style=\"text-align: justify;\">El ejecutivo recalc\u00f3 que el 2020 fue \u201cun buen a\u00f1o\u201d para la compa\u00f1\u00eda. \u201cColocamos nuevos m2, durante la pandemia. En septiembre adquirimos un Centro de Distribuci\u00f3n nuevo, en la zona sur de Santiago, que es parte de nuestro plan estrat\u00e9gico de seguir creciendo y aportando al mercado\u201d, agreg\u00f3.<\/p>\n<p style=\"text-align: justify;\">Esta estrategia impulsada por Central Bodegas va en l\u00ednea con el desarrollo que se espera de la industria log\u00edstica este a\u00f1o y en respuesta tambi\u00e9n al nuevo y relevante rol que tiene esta \u00e1rea al interior de las empresas.&nbsp;\u201cSeguimos invirtiendo y con ganas de seguir creciendo en el mercado de la log\u00edstica en Chile. Comprar e invertir en medio de la pandemia es una buena noticia para todos. Somos inversionista de largo plazo y tenemos buenas perspectivas para el mundo del bodegaje que nos respaldan para tomar estas decisiones\u201d, coment\u00f3 Figueroa.<\/p>\n<p style=\"text-align: justify;\">A LA CONQUISTA DE NUEVOS MERCADOS<\/p>\n<p style=\"text-align: justify;\">Tras la adquisici\u00f3n del nuevo centro, Central Bodegas desarroll\u00f3 inversiones con el objetivo de adecuar la instalaci\u00f3n \u2013que albergaba anteriormente la operaci\u00f3n de ABCDin- a las necesidades actuales de los clientes y la industria.<\/p>\n<p style=\"text-align: justify;\">As\u00ed, el nuevo Centro La Vara II se transform\u00f3 en un recinto de primer nivel con cualidades y servicios capaces de responder a los desaf\u00edos de los nuevos tiempos. Entre sus caracter\u00edsticas destacan sus dimensiones: 6 hect\u00e1reas de terreno con 26 mil m2 de bodegas arrendables y 25 andenes.<\/p>\n<p style=\"text-align: justify;\">\u201cDentro de las inversiones implementamos bodegas de 300 m2 con oficina en la comuna de San Bernardo que ha tenido muy buena llegada en el mercado. Actualmente, tenemos el 100% de CD arrendado a operadores de clase mundial y las bodegas chicas tambi\u00e9n han tenido buena repercusi\u00f3n en la industria y todas est\u00e1n arrendadas\u201d, detalla el gerente general de la compa\u00f1\u00eda, quien recalca el \u00e9xito que ha tenido el proyecto.<\/p>\n<p style=\"text-align: justify;\">A este respecto, Carlos Figueroa catalog\u00f3 como una muy buena inversi\u00f3n el nuevo CD, principalmente porque abre para la empresa dos nuevos mercados: \u201clos operadores log\u00edsticos, gracias a los grandes patios de maniobras y los andes de carga y descarga, y tambi\u00e9n a aquellas empresas que requieren bodegas de entre 500 a 300 m2 con oficinas\u201d.<\/p>\n<p style=\"text-align: justify;\">Si bien la empresa es una de las compa\u00f1\u00edas m\u00e1s reconocidas en el mundo del bodegaje trabaja para seguir creciendo en tipos de clientes y en formatos de bodega con la finalidad, tal como comenta su gerente general, de abarcar una mayor cantidad de soluciones y de cliente con operaciones de diversas complejidades.<\/p>\n<p style=\"text-align: justify;\">\u201cQueremos tener diferentes formatos en cuanto a m2, altura de las instalaciones y disposici\u00f3n de las bodegas. Queremos seguir avanzando para poder darles a nuestros clientes muchas m\u00e1s herramientas y flexibilidad a la hora de poder llegar a su cliente final. Nosotros somos, y lo entendemos as\u00ed, parte de la cadena log\u00edstica y por lo tanto, somos un eslab\u00f3n relevante, aunque no somos los que llegamos al cliente final\u201d, reconoce Figueroa.<\/p>\n<p style=\"text-align: justify;\">INSTALACIONES Y SERVICIO DE VANGUARDIA<\/p>\n<p style=\"text-align: justify;\">\u201cEl \u00e9xito del CD La Vara II nos confirma que la log\u00edstica es una industria donde hay que estar\u201d, afirma Figueroa, quien valora adem\u00e1s el posicionamiento que ha alcanzado Central Bodegas en el mercado en sus m\u00e1s de 15 a\u00f1os de historia y con el desarrollo de sus cuatro Centros de Distribuci\u00f3n.<\/p>\n<p style=\"text-align: justify;\">El nuevo recinto cuenta con tres naves: una de 13 mil m2, otra de 10 mil 500 m2 y la tercera de mil 800 m2. Adem\u00e1s cuenta con 25 andenes para carga de descarga y un gran patio de maniobras. Los espacios comunes fueron tambi\u00e9n pensados para acoger la operaci\u00f3n de importantes compa\u00f1\u00edas con casino, \u00e1reas verdes, camarines y un quincho para encuentros. La seguridad es otro de los pilares del servicio de Central Bodegas y para lo cual La Vara II cuenta con sistema de Control de Acceso, CCTV y guardias de seguridad 24\/7.<\/p>\n<p><img decoding=\"async\" class=\" size-full wp-image-4012\" src=\"https:\/\/www.revistalogistec.com\/wp-content\/uploads\/2021\/02\/cb_bodega_ed122_2.jpg\" alt=\"cb bodega ed122 2\" width=\"850\" height=\"542\" srcset=\"https:\/\/www.revistalogistec.com\/wp-content\/uploads\/2021\/02\/cb_bodega_ed122_2.jpg 850w, https:\/\/www.revistalogistec.com\/wp-content\/uploads\/2021\/02\/cb_bodega_ed122_2-300x191.jpg 300w, https:\/\/www.revistalogistec.com\/wp-content\/uploads\/2021\/02\/cb_bodega_ed122_2-768x490.jpg 768w, https:\/\/www.revistalogistec.com\/wp-content\/uploads\/2021\/02\/cb_bodega_ed122_2-750x478.jpg 750w\" sizes=\"(max-width: 850px) 100vw, 850px\" \/><\/p>\n<p style=\"text-align: justify;\">\u201cNuestro crecimiento no s\u00f3lo se concentra en la zona sur de la regi\u00f3n Metropolitana. Queremos seguir creciendo a nivel regional. Sin embargo, nosotros vemos en el sector de San Bernardo un potencial bien grande, debido a la cercan\u00eda a las principales comunas de Santiago (m\u00e1s populares y con mayor poblaci\u00f3n), tales como La Florida, Puente Alto y Maip\u00fa y a la zona creciente como Pe\u00f1aflor, Padre Hurtado o Malloco. Lo anterior es fundamental m\u00e1s cuando se sabe que el costo del transporte es el principal costo de la log\u00edstica, por lo que mientras m\u00e1s cerca del cliente mejor es la experiencia de mi cliente y, en ese sentido, la zona sur ser\u00e1 fundamental por su buena conectividad\u201d, declara el ejecutivo.<\/p>\n<p style=\"text-align: justify;\">Ante los movimientos que ha experimentado la industria log\u00edstica en los \u00faltimos meses, donde el desarrollo del e-Commerce asoma como una de sus principales caracter\u00edsticas, Central Bodegas se muestra confiado en el crecimiento que sus soluciones tendr\u00e1n y en \u00e9xito de su estrategia de desarrollo.<\/p>\n<p style=\"text-align: justify;\">Con respecto al \u00e9xito que ha tenido el Centro La Vara II, a meses de su inauguraci\u00f3n, el ejecutivo se mostr\u00f3 sorprendido, considerando las dudas ante el complejo momento que se vive a nivel sanitario. \u201cSorprendentemente hemos visto una alta demanda.<\/p>\n<p style=\"text-align: justify;\">Supimos leer bien el mercado y hacer las inversiones necesarias para poder atender a nuestros nuevos clientes. El \u00e9xito de este CD es un premio al trabajo bien realizado y a una buena lectura que hicimos de las inversiones que ten\u00edamos que hacer para dejar el CD con las caracter\u00edsticas que requer\u00edan los clientes\u201d, agrega.<\/p>\n<p style=\"text-align: justify;\">Finalmente, Carlos Figueroa afirma que en Central Bodegas est\u00e1n seguros que \u201cla industria log\u00edstica tiene mucho crecimiento en los pr\u00f3ximos a\u00f1os. Creemos que es una industria en la que tenemos que estar y como empresa vamos a seguir invirtiendo para asumir un rol importante en el sector de cara al futuro\u201d.<\/p>\n<p><a href=\"http:\/\/www.revistalogistec.com\/logistec_referidos_linkedin_2021.html\" target=\"_blank\" rel=\"noopener\"><img decoding=\"async\" src=\"https:\/\/www.revistalogistec.com\/wp-content\/uploads\/2021\/02\/banner_articulos.jpg\" alt=\"banner articulos\" \/><\/a><\/p>\n","protected":false},"excerpt":{"rendered":"<p style=\"text-align: justify;\">De la mano de instalaciones de primer nivel y nuevos formatos de soluciones, la compa\u00f1\u00eda de bodegaje ha tenido un sorpresivo \u00e9xito con su nuevo Centro, ubicado en la comuna de San Bernardo, a meses de su inauguraci\u00f3n. La Vara II abre un nuevo espacio para el desarrollo de Central Bodegas en mercados como los operadores log\u00edsticos y peque\u00f1as bodegas con oficinas, gracias a sus instalaciones de vanguardia y sus m\u00e1s de 26 mil m2 construidos.<\/p>\n","protected":false},"author":1,"featured_media":4009,"comment_status":"open","ping_status":"open","sticky":false,"template":"","format":"standard","meta":{"_acf_changed":false,"jnews-multi-image_gallery":[],"jnews_single_post":[],"jnews_primary_category":[],"jnews_social_meta":[],"jnews_override_counter":[],"footnotes":""},"categories":[70],"tags":[],"class_list":["post-4014","post","type-post","status-publish","format-standard","has-post-thumbnail","hentry","category-proveedores-estrategicos"],"acf":[],"yoast_head":"<!-- This site is optimized with the Yoast SEO plugin v27.2 - https:\/\/yoast.com\/product\/yoast-seo-wordpress\/ -->\n<title>CENTRO LA VARA II: CENTRAL BODEGAS SIGUE CRECIENDO Y APORTANDO A LA INDUSTRIA LOG\u00cdSTICA - Revista Logistec<\/title>\n<meta name=\"robots\" content=\"index, follow, max-snippet:-1, max-image-preview:large, max-video-preview:-1\" \/>\n<link rel=\"canonical\" href=\"https:\/\/www.revistalogistec.com\/index.php\/2021\/02\/10\/centro-la-vara-ii-central-bodegas-sigue-creciendo-y-aportando-a-la-industria-logistica-2\/\" \/>\n<meta property=\"og:locale\" content=\"es_ES\" \/>\n<meta property=\"og:type\" content=\"article\" \/>\n<meta property=\"og:title\" content=\"CENTRO LA VARA II: CENTRAL BODEGAS SIGUE CRECIENDO Y APORTANDO A LA INDUSTRIA LOG\u00cdSTICA - Revista Logistec\" \/>\n<meta property=\"og:description\" content=\"De la mano de instalaciones de primer nivel y nuevos formatos de soluciones, la compa\u00f1\u00eda de bodegaje ha tenido un sorpresivo \u00e9xito con su nuevo Centro, ubicado en la comuna de San Bernardo, a meses de su inauguraci\u00f3n. La Vara II abre un nuevo espacio para el desarrollo de Central Bodegas en mercados como los operadores log\u00edsticos y peque\u00f1as bodegas con oficinas, gracias a sus instalaciones de vanguardia y sus m\u00e1s de 26 mil m2 construidos.\" \/>\n<meta property=\"og:url\" content=\"https:\/\/www.revistalogistec.com\/index.php\/2021\/02\/10\/centro-la-vara-ii-central-bodegas-sigue-creciendo-y-aportando-a-la-industria-logistica-2\/\" \/>\n<meta property=\"og:site_name\" content=\"Revista Logistec\" \/>\n<meta property=\"article:published_time\" content=\"2021-02-10T19:43:04+00:00\" \/>\n<meta property=\"og:image\" content=\"https:\/\/www.revistalogistec.com\/wp-content\/uploads\/2021\/02\/cb_bodega_ed122.jpg\" \/>\n\t<meta property=\"og:image:width\" content=\"850\" \/>\n\t<meta property=\"og:image:height\" content=\"546\" \/>\n\t<meta property=\"og:image:type\" content=\"image\/jpeg\" \/>\n<meta name=\"author\" content=\"admin\" \/>\n<meta name=\"twitter:card\" content=\"summary_large_image\" \/>\n<meta name=\"twitter:label1\" content=\"Escrito por\" \/>\n\t<meta name=\"twitter:data1\" content=\"admin\" \/>\n\t<meta name=\"twitter:label2\" content=\"Tiempo de lectura\" \/>\n\t<meta name=\"twitter:data2\" content=\"6 minutos\" \/>\n<script type=\"application\/ld+json\" class=\"yoast-schema-graph\">{\"@context\":\"https:\/\/schema.org\",\"@graph\":[{\"@type\":\"Article\",\"@id\":\"https:\/\/www.revistalogistec.com\/index.php\/2021\/02\/10\/centro-la-vara-ii-central-bodegas-sigue-creciendo-y-aportando-a-la-industria-logistica-2\/#article\",\"isPartOf\":{\"@id\":\"https:\/\/www.revistalogistec.com\/index.php\/2021\/02\/10\/centro-la-vara-ii-central-bodegas-sigue-creciendo-y-aportando-a-la-industria-logistica-2\/\"},\"author\":{\"name\":\"admin\",\"@id\":\"https:\/\/www.revistalogistec.com\/#\/schema\/person\/b25cced65507282f3fc6eb806b1db4f0\"},\"headline\":\"CENTRO LA VARA II: CENTRAL BODEGAS SIGUE CRECIENDO Y APORTANDO A LA INDUSTRIA LOG\u00cdSTICA\",\"datePublished\":\"2021-02-10T19:43:04+00:00\",\"mainEntityOfPage\":{\"@id\":\"https:\/\/www.revistalogistec.com\/index.php\/2021\/02\/10\/centro-la-vara-ii-central-bodegas-sigue-creciendo-y-aportando-a-la-industria-logistica-2\/\"},\"wordCount\":1187,\"commentCount\":0,\"image\":{\"@id\":\"https:\/\/www.revistalogistec.com\/index.php\/2021\/02\/10\/centro-la-vara-ii-central-bodegas-sigue-creciendo-y-aportando-a-la-industria-logistica-2\/#primaryimage\"},\"thumbnailUrl\":\"https:\/\/www.revistalogistec.com\/wp-content\/uploads\/2021\/02\/cb_bodega_ed122.jpg\",\"articleSection\":[\"PROVEEDORES ESTRAT\u00c9GICOS\"],\"inLanguage\":\"es\"},{\"@type\":\"WebPage\",\"@id\":\"https:\/\/www.revistalogistec.com\/index.php\/2021\/02\/10\/centro-la-vara-ii-central-bodegas-sigue-creciendo-y-aportando-a-la-industria-logistica-2\/\",\"url\":\"https:\/\/www.revistalogistec.com\/index.php\/2021\/02\/10\/centro-la-vara-ii-central-bodegas-sigue-creciendo-y-aportando-a-la-industria-logistica-2\/\",\"name\":\"CENTRO LA VARA II: CENTRAL BODEGAS SIGUE CRECIENDO Y APORTANDO A LA INDUSTRIA LOG\u00cdSTICA - Revista Logistec\",\"isPartOf\":{\"@id\":\"https:\/\/www.revistalogistec.com\/#website\"},\"primaryImageOfPage\":{\"@id\":\"https:\/\/www.revistalogistec.com\/index.php\/2021\/02\/10\/centro-la-vara-ii-central-bodegas-sigue-creciendo-y-aportando-a-la-industria-logistica-2\/#primaryimage\"},\"image\":{\"@id\":\"https:\/\/www.revistalogistec.com\/index.php\/2021\/02\/10\/centro-la-vara-ii-central-bodegas-sigue-creciendo-y-aportando-a-la-industria-logistica-2\/#primaryimage\"},\"thumbnailUrl\":\"https:\/\/www.revistalogistec.com\/wp-content\/uploads\/2021\/02\/cb_bodega_ed122.jpg\",\"datePublished\":\"2021-02-10T19:43:04+00:00\",\"author\":{\"@id\":\"https:\/\/www.revistalogistec.com\/#\/schema\/person\/b25cced65507282f3fc6eb806b1db4f0\"},\"breadcrumb\":{\"@id\":\"https:\/\/www.revistalogistec.com\/index.php\/2021\/02\/10\/centro-la-vara-ii-central-bodegas-sigue-creciendo-y-aportando-a-la-industria-logistica-2\/#breadcrumb\"},\"inLanguage\":\"es\",\"potentialAction\":[{\"@type\":\"ReadAction\",\"target\":[\"https:\/\/www.revistalogistec.com\/index.php\/2021\/02\/10\/centro-la-vara-ii-central-bodegas-sigue-creciendo-y-aportando-a-la-industria-logistica-2\/\"]}]},{\"@type\":\"ImageObject\",\"inLanguage\":\"es\",\"@id\":\"https:\/\/www.revistalogistec.com\/index.php\/2021\/02\/10\/centro-la-vara-ii-central-bodegas-sigue-creciendo-y-aportando-a-la-industria-logistica-2\/#primaryimage\",\"url\":\"https:\/\/www.revistalogistec.com\/wp-content\/uploads\/2021\/02\/cb_bodega_ed122.jpg\",\"contentUrl\":\"https:\/\/www.revistalogistec.com\/wp-content\/uploads\/2021\/02\/cb_bodega_ed122.jpg\",\"width\":850,\"height\":546},{\"@type\":\"BreadcrumbList\",\"@id\":\"https:\/\/www.revistalogistec.com\/index.php\/2021\/02\/10\/centro-la-vara-ii-central-bodegas-sigue-creciendo-y-aportando-a-la-industria-logistica-2\/#breadcrumb\",\"itemListElement\":[{\"@type\":\"ListItem\",\"position\":1,\"name\":\"Portada\",\"item\":\"https:\/\/www.revistalogistec.com\/\"},{\"@type\":\"ListItem\",\"position\":2,\"name\":\"CENTRO LA VARA II: CENTRAL BODEGAS SIGUE CRECIENDO Y APORTANDO A LA INDUSTRIA LOG\u00cdSTICA\"}]},{\"@type\":\"WebSite\",\"@id\":\"https:\/\/www.revistalogistec.com\/#website\",\"url\":\"https:\/\/www.revistalogistec.com\/\",\"name\":\"Revista Logistec\",\"description\":\"\",\"potentialAction\":[{\"@type\":\"SearchAction\",\"target\":{\"@type\":\"EntryPoint\",\"urlTemplate\":\"https:\/\/www.revistalogistec.com\/?s={search_term_string}\"},\"query-input\":{\"@type\":\"PropertyValueSpecification\",\"valueRequired\":true,\"valueName\":\"search_term_string\"}}],\"inLanguage\":\"es\"},{\"@type\":\"Person\",\"@id\":\"https:\/\/www.revistalogistec.com\/#\/schema\/person\/b25cced65507282f3fc6eb806b1db4f0\",\"name\":\"admin\",\"image\":{\"@type\":\"ImageObject\",\"inLanguage\":\"es\",\"@id\":\"https:\/\/secure.gravatar.com\/avatar\/94631f712dee24b50f2f12a7caf62df22b2c346945fcff655ce85b674bebf6fd?s=96&d=mm&r=g\",\"url\":\"https:\/\/secure.gravatar.com\/avatar\/94631f712dee24b50f2f12a7caf62df22b2c346945fcff655ce85b674bebf6fd?s=96&d=mm&r=g\",\"contentUrl\":\"https:\/\/secure.gravatar.com\/avatar\/94631f712dee24b50f2f12a7caf62df22b2c346945fcff655ce85b674bebf6fd?s=96&d=mm&r=g\",\"caption\":\"admin\"},\"sameAs\":[\"https:\/\/www.revistalogistec.com\"],\"url\":\"https:\/\/www.revistalogistec.com\/index.php\/author\/admin_revlog\/\"}]}<\/script>\n<!-- \/ Yoast SEO plugin. -->","yoast_head_json":{"title":"CENTRO LA VARA II: CENTRAL BODEGAS SIGUE CRECIENDO Y APORTANDO A LA INDUSTRIA LOG\u00cdSTICA - Revista Logistec","robots":{"index":"index","follow":"follow","max-snippet":"max-snippet:-1","max-image-preview":"max-image-preview:large","max-video-preview":"max-video-preview:-1"},"canonical":"https:\/\/www.revistalogistec.com\/index.php\/2021\/02\/10\/centro-la-vara-ii-central-bodegas-sigue-creciendo-y-aportando-a-la-industria-logistica-2\/","og_locale":"es_ES","og_type":"article","og_title":"CENTRO LA VARA II: CENTRAL BODEGAS SIGUE CRECIENDO Y APORTANDO A LA INDUSTRIA LOG\u00cdSTICA - Revista Logistec","og_description":"De la mano de instalaciones de primer nivel y nuevos formatos de soluciones, la compa\u00f1\u00eda de bodegaje ha tenido un sorpresivo \u00e9xito con su nuevo Centro, ubicado en la comuna de San Bernardo, a meses de su inauguraci\u00f3n. La Vara II abre un nuevo espacio para el desarrollo de Central Bodegas en mercados como los operadores log\u00edsticos y peque\u00f1as bodegas con oficinas, gracias a sus instalaciones de vanguardia y sus m\u00e1s de 26 mil m2 construidos.","og_url":"https:\/\/www.revistalogistec.com\/index.php\/2021\/02\/10\/centro-la-vara-ii-central-bodegas-sigue-creciendo-y-aportando-a-la-industria-logistica-2\/","og_site_name":"Revista Logistec","article_published_time":"2021-02-10T19:43:04+00:00","og_image":[{"width":850,"height":546,"url":"https:\/\/www.revistalogistec.com\/wp-content\/uploads\/2021\/02\/cb_bodega_ed122.jpg","type":"image\/jpeg"}],"author":"admin","twitter_card":"summary_large_image","twitter_misc":{"Escrito por":"admin","Tiempo de lectura":"6 minutos"},"schema":{"@context":"https:\/\/schema.org","@graph":[{"@type":"Article","@id":"https:\/\/www.revistalogistec.com\/index.php\/2021\/02\/10\/centro-la-vara-ii-central-bodegas-sigue-creciendo-y-aportando-a-la-industria-logistica-2\/#article","isPartOf":{"@id":"https:\/\/www.revistalogistec.com\/index.php\/2021\/02\/10\/centro-la-vara-ii-central-bodegas-sigue-creciendo-y-aportando-a-la-industria-logistica-2\/"},"author":{"name":"admin","@id":"https:\/\/www.revistalogistec.com\/#\/schema\/person\/b25cced65507282f3fc6eb806b1db4f0"},"headline":"CENTRO LA VARA II: CENTRAL BODEGAS SIGUE CRECIENDO Y APORTANDO A LA INDUSTRIA LOG\u00cdSTICA","datePublished":"2021-02-10T19:43:04+00:00","mainEntityOfPage":{"@id":"https:\/\/www.revistalogistec.com\/index.php\/2021\/02\/10\/centro-la-vara-ii-central-bodegas-sigue-creciendo-y-aportando-a-la-industria-logistica-2\/"},"wordCount":1187,"commentCount":0,"image":{"@id":"https:\/\/www.revistalogistec.com\/index.php\/2021\/02\/10\/centro-la-vara-ii-central-bodegas-sigue-creciendo-y-aportando-a-la-industria-logistica-2\/#primaryimage"},"thumbnailUrl":"https:\/\/www.revistalogistec.com\/wp-content\/uploads\/2021\/02\/cb_bodega_ed122.jpg","articleSection":["PROVEEDORES ESTRAT\u00c9GICOS"],"inLanguage":"es"},{"@type":"WebPage","@id":"https:\/\/www.revistalogistec.com\/index.php\/2021\/02\/10\/centro-la-vara-ii-central-bodegas-sigue-creciendo-y-aportando-a-la-industria-logistica-2\/","url":"https:\/\/www.revistalogistec.com\/index.php\/2021\/02\/10\/centro-la-vara-ii-central-bodegas-sigue-creciendo-y-aportando-a-la-industria-logistica-2\/","name":"CENTRO LA VARA II: CENTRAL BODEGAS SIGUE CRECIENDO Y APORTANDO A LA INDUSTRIA LOG\u00cdSTICA - Revista Logistec","isPartOf":{"@id":"https:\/\/www.revistalogistec.com\/#website"},"primaryImageOfPage":{"@id":"https:\/\/www.revistalogistec.com\/index.php\/2021\/02\/10\/centro-la-vara-ii-central-bodegas-sigue-creciendo-y-aportando-a-la-industria-logistica-2\/#primaryimage"},"image":{"@id":"https:\/\/www.revistalogistec.com\/index.php\/2021\/02\/10\/centro-la-vara-ii-central-bodegas-sigue-creciendo-y-aportando-a-la-industria-logistica-2\/#primaryimage"},"thumbnailUrl":"https:\/\/www.revistalogistec.com\/wp-content\/uploads\/2021\/02\/cb_bodega_ed122.jpg","datePublished":"2021-02-10T19:43:04+00:00","author":{"@id":"https:\/\/www.revistalogistec.com\/#\/schema\/person\/b25cced65507282f3fc6eb806b1db4f0"},"breadcrumb":{"@id":"https:\/\/www.revistalogistec.com\/index.php\/2021\/02\/10\/centro-la-vara-ii-central-bodegas-sigue-creciendo-y-aportando-a-la-industria-logistica-2\/#breadcrumb"},"inLanguage":"es","potentialAction":[{"@type":"ReadAction","target":["https:\/\/www.revistalogistec.com\/index.php\/2021\/02\/10\/centro-la-vara-ii-central-bodegas-sigue-creciendo-y-aportando-a-la-industria-logistica-2\/"]}]},{"@type":"ImageObject","inLanguage":"es","@id":"https:\/\/www.revistalogistec.com\/index.php\/2021\/02\/10\/centro-la-vara-ii-central-bodegas-sigue-creciendo-y-aportando-a-la-industria-logistica-2\/#primaryimage","url":"https:\/\/www.revistalogistec.com\/wp-content\/uploads\/2021\/02\/cb_bodega_ed122.jpg","contentUrl":"https:\/\/www.revistalogistec.com\/wp-content\/uploads\/2021\/02\/cb_bodega_ed122.jpg","width":850,"height":546},{"@type":"BreadcrumbList","@id":"https:\/\/www.revistalogistec.com\/index.php\/2021\/02\/10\/centro-la-vara-ii-central-bodegas-sigue-creciendo-y-aportando-a-la-industria-logistica-2\/#breadcrumb","itemListElement":[{"@type":"ListItem","position":1,"name":"Portada","item":"https:\/\/www.revistalogistec.com\/"},{"@type":"ListItem","position":2,"name":"CENTRO LA VARA II: CENTRAL BODEGAS SIGUE CRECIENDO Y APORTANDO A LA INDUSTRIA LOG\u00cdSTICA"}]},{"@type":"WebSite","@id":"https:\/\/www.revistalogistec.com\/#website","url":"https:\/\/www.revistalogistec.com\/","name":"Revista Logistec","description":"","potentialAction":[{"@type":"SearchAction","target":{"@type":"EntryPoint","urlTemplate":"https:\/\/www.revistalogistec.com\/?s={search_term_string}"},"query-input":{"@type":"PropertyValueSpecification","valueRequired":true,"valueName":"search_term_string"}}],"inLanguage":"es"},{"@type":"Person","@id":"https:\/\/www.revistalogistec.com\/#\/schema\/person\/b25cced65507282f3fc6eb806b1db4f0","name":"admin","image":{"@type":"ImageObject","inLanguage":"es","@id":"https:\/\/secure.gravatar.com\/avatar\/94631f712dee24b50f2f12a7caf62df22b2c346945fcff655ce85b674bebf6fd?s=96&d=mm&r=g","url":"https:\/\/secure.gravatar.com\/avatar\/94631f712dee24b50f2f12a7caf62df22b2c346945fcff655ce85b674bebf6fd?s=96&d=mm&r=g","contentUrl":"https:\/\/secure.gravatar.com\/avatar\/94631f712dee24b50f2f12a7caf62df22b2c346945fcff655ce85b674bebf6fd?s=96&d=mm&r=g","caption":"admin"},"sameAs":["https:\/\/www.revistalogistec.com"],"url":"https:\/\/www.revistalogistec.com\/index.php\/author\/admin_revlog\/"}]}},"_links":{"self":[{"href":"https:\/\/www.revistalogistec.com\/index.php\/wp-json\/wp\/v2\/posts\/4014","targetHints":{"allow":["GET"]}}],"collection":[{"href":"https:\/\/www.revistalogistec.com\/index.php\/wp-json\/wp\/v2\/posts"}],"about":[{"href":"https:\/\/www.revistalogistec.com\/index.php\/wp-json\/wp\/v2\/types\/post"}],"author":[{"embeddable":true,"href":"https:\/\/www.revistalogistec.com\/index.php\/wp-json\/wp\/v2\/users\/1"}],"replies":[{"embeddable":true,"href":"https:\/\/www.revistalogistec.com\/index.php\/wp-json\/wp\/v2\/comments?post=4014"}],"version-history":[{"count":0,"href":"https:\/\/www.revistalogistec.com\/index.php\/wp-json\/wp\/v2\/posts\/4014\/revisions"}],"wp:featuredmedia":[{"embeddable":true,"href":"https:\/\/www.revistalogistec.com\/index.php\/wp-json\/wp\/v2\/media\/4009"}],"wp:attachment":[{"href":"https:\/\/www.revistalogistec.com\/index.php\/wp-json\/wp\/v2\/media?parent=4014"}],"wp:term":[{"taxonomy":"category","embeddable":true,"href":"https:\/\/www.revistalogistec.com\/index.php\/wp-json\/wp\/v2\/categories?post=4014"},{"taxonomy":"post_tag","embeddable":true,"href":"https:\/\/www.revistalogistec.com\/index.php\/wp-json\/wp\/v2\/tags?post=4014"}],"curies":[{"name":"wp","href":"https:\/\/api.w.org\/{rel}","templated":true}]}}