{"id":4293,"date":"2021-03-05T15:13:54","date_gmt":"2021-03-05T15:13:54","guid":{"rendered":"https:\/\/www.revistalogistec.com\/index.php\/2021\/03\/05\/las-mujeres-representan-mas-del-57-por-ciento-de-la-fuerza-laboral\/"},"modified":"2021-03-05T15:13:54","modified_gmt":"2021-03-05T15:13:54","slug":"las-mujeres-representan-mas-del-57-por-ciento-de-la-fuerza-laboral","status":"publish","type":"post","link":"https:\/\/www.revistalogistec.com\/index.php\/2021\/03\/05\/las-mujeres-representan-mas-del-57-por-ciento-de-la-fuerza-laboral\/","title":{"rendered":"LAS MUJERES REPRESENTAN M\u00c1S DEL 57 POR CIENTO DE LA FUERZA LABORAL"},"content":{"rendered":"<p style=\"text-align: justify;\">Dachser Am\u00e9ricas, una filial del proveedor log\u00edstico global Dachser, se enorgullece en anunciar que m\u00e1s del 57 por ciento de su fuerza laboral est\u00e1 compuesta por mujeres, aunque la profesi\u00f3n de la cadena de suministro y log\u00edstica sigue domin\u00e1ndose por hombres. Este anuncio refleja el compromiso de la empresa familiar Dachser con el empoderamiento cultural de su fuerza laboral descartando el g\u00e9nero, la raza o la edad.<\/p>\n<p style=\"text-align: justify;\">Como organizaci\u00f3n impulsada por el servicio, Dachser valora diversas maneras de pensar y trabajar. Diferentes perspectivas alimentan las ideas, las soluciones y el \u00e9xito. Dachser reconoce las contribuciones de sus empleadas alrededor del mundo, premi\u00e1ndolas por su liderazgo, prospectiva y experiencia. Actualmente, Dachser Am\u00e9ricas, el cual incluye los mercados de Argentina, Brasil, Chile, M\u00e9xico, Per\u00fa y los EE. UU., cuenta con 387 mujeres en su plantilla, representando a m\u00e1s de un 57 por ciento de la fuerza laboral en la regi\u00f3n. Las mujeres asumen un papel cada vez m\u00e1s importante y significativo, creando as\u00ed oportunidades para carreras duraderas, robustas y desafiantes dentro de la organizaci\u00f3n.<\/p>\n<p style=\"text-align: justify;\">Dachser Am\u00e9ricas destaca as\u00ed a una serie de colaboradoras ejemplares que contribuyen de manera constante al crecimiento del negocio, apoyan una cultura de inclusi\u00f3n y demuestran los valores de la organizaci\u00f3n con su experiencia, dedicaci\u00f3n e inspiraci\u00f3n: <\/p>\n<p style=\"text-align: justify;\">Gabriele Langenmayr &#8211; Jefa del Departamento de Programas Estrat\u00e9gicos, Dachser Am\u00e9ricas Air &amp; Sea Logistics, Oficina Central Regional Am\u00e9ricas <\/p>\n<p style=\"text-align: justify;\">Ofreci\u00e9ndole patrocinar sus estudios universitarios en 1998, Dachser ya sab\u00eda que ten\u00edan a alguien especial con Gabriele Langenmayr. Despu\u00e9s de graduarse de su licenciatura con doble menci\u00f3n en Business &amp; Logistics, emprendi\u00f3 su distinguida carrera enfocada en la log\u00edstica europea en la sede global de Dachser en Kempten, Alemania. En su primera funci\u00f3n, ella jug\u00f3 un papel decisivo para el crecimiento del departamento de Tender Management en Kempten.<\/p>\n<p style=\"text-align: justify;\">En 2007, se le ofreci\u00f3 la oportunidad para transferirse a la sede de Dachser USA en Atlanta. La Sra. Langenmayr supervis\u00f3 con \u00e9xito el desarrollo del equipo ASL Tender Management en los Estados Unidos as\u00ed como las actividades de PR. y Marketing. En 2014, se traslad\u00f3 a la oficina regional de Dachser Am\u00e9ricas en Miami y fue encargada de dirigir Programas Estrat\u00e9gicos as\u00ed como Recursos Humanos y Comunicaci\u00f3n para la regi\u00f3n. Tambi\u00e9n es responsable del Desaroollo Estrat\u00e9gico del sector de negocio de Ciencias de la Vida y la Salud en las Am\u00e9ricas.<\/p>\n<p style=\"text-align: justify;\">Ella misma lo explica, \u201cla Log\u00edstica es mi pasi\u00f3n, \u00a1y siempre es necesaria!. Cuanto m\u00e1s se conecte el mundo, m\u00e1s vital resulta ser la log\u00edstica. Adem\u00e1s, es una industria din\u00e1mica y altamente internacional, especialmente porque requiere el cambio y la tecnolog\u00eda para seguir desarroll\u00e1ndose, y esto hace que el trabajo siga cambiando y siga siendo interesante.\u201d<\/p>\n<p style=\"text-align: justify;\">La Sra. Langenmayr disfruta trabajando con Dachser por las muchas oportunidades que le ha brindado. Decididamente siente que la industria log\u00edstica est\u00e1 abierta a contratar a mujeres, y aqu\u00e9llas que realmente quieran marcar una diferencia podr\u00e1n tener un gran impacto y una trayectoria profesional exitosa. <br \/>Daniela Valck, Gerente de Desarrollo de Negocios, Dachser Chile<\/p>\n<p style=\"text-align: justify;\">Se podr\u00eda decir que la log\u00edstica y el transporte mar\u00edtimo siempre han estado en el ADN de Daniela Valck, ya que proviene de un linaje de propietarios de buques mar\u00edtimos en Chile. Debido a la historia de su familia, sab\u00eda que siempre quiso formar parte del mundo de la log\u00edstica y del transporte mar\u00edtimo. Durante 9 a\u00f1os la Sra. Valck ha sido un valioso miembro del equipo de la familia de Dachser Chile, enfoc\u00e1ndose en el desarrollo del negocio y las relaciones comerciales.<\/p>\n<p style=\"text-align: justify;\">La Sra. Valck a\u00f1ade, \u201caunque hay menos mujeres en nuestro sector, no tuve dificultades gracias a esta diferencia. De hecho, Dachser Chile me apoy\u00f3 en cada momento. Me han brindado oportunidades de formaci\u00f3n y desarrollo profesional que me ha hecho mejor m\u00e1nager.\u201d<\/p>\n<p style=\"text-align: justify;\">En Dachser Chile, contribuye al equipo con orgullo y cree que ha abierto su perspectiva para pensar de manera global. La Sra. Valck reconoce la importancia de ofrecer soluciones que permiten que los clientes, mercados y cadenas de suministro se muevan de manera fluida tanto en Chile como alrededor del mundo. Su lema siempre ha sido \u201ctratar cada env\u00edo como si fuera uno para t\u00ed o tu familia.\u201d<\/p>\n<p style=\"text-align: justify;\">Sandra Salcedo \u2013 L\u00edder de Equipo de Atenci\u00f3n al Cliente, Dachser M\u00e9xico Air &amp; Sea Logistics<\/p>\n<p style=\"text-align: justify;\">Miembro del equipo de Dachser M\u00e9xico desde el 2008, Sandra Salcedo supervisa y coordina env\u00edos por transporte a\u00e9reo, mar\u00edtimo y terrestre, as\u00ed como el despacho de aduanas como Team Leader en Customer Service. Comprueba que todo se lleve a cabo en el tiempo de acci\u00f3n preciso para cumplir con los objetivos, pero sobre todo es consciente de la satisfacci\u00f3n de los clientes de Dachser.<\/p>\n<p style=\"text-align: justify;\">Durante m\u00e1s de 12 a\u00f1os la Sra. Salcedo ha formado parte \u00edntegral de la expansi\u00f3n del departamento de Customer Service, siendo ahora un equipo de 30 personas. Disfruta conversando con los clientes para cumplir con sus requisitos log\u00edsticos con confiabilidad, que es sin\u00f3nimo de Dachser.<\/p>\n<p style=\"text-align: justify;\">\u201cTodo tiene que hacerse justo a tiempo. Si no operamos con esta mentalidad, no lo estamos ejecutando de la mejor manera para nuestros clientes,\u201d dice la Sra. Salcedo.<\/p>\n<p style=\"text-align: justify;\">Donna Walters \u2013 Especialista en Cuentas Clave, Dachser USA Air &amp; Sea Logistics<\/p>\n<p style=\"text-align: justify;\">Donna Walters es una verdadera pionera en el campo de la log\u00edstica, trabajando para Dachser USA en Nueva York desde hace ya 30 a\u00f1os. Su credo es \u201cla gente est\u00e1 siempre en el coraz\u00f3n de la log\u00edstica.\u201d<\/p>\n<p style=\"text-align: justify;\">En su funci\u00f3n, la Sra. Walters trabaja con los principales clientes de Dachser \u2013 negociando precios, supervisando entregas de principio a fin y respondiendo regularmente a consultas generales de clientes. Tambi\u00e9n disfruta descubriendo las demandas de nuestros clientes, ofreci\u00e9ndoles soluciones apropiadas y aumentando su satisfacci\u00f3n con Dachser.<\/p>\n<p style=\"text-align: justify;\">La Sra. Walters a\u00f1ade, \u201cDachser me ha brindado todo su apoyo a lo largo de estos a\u00f1os. Como doble superviviente de c\u00e1ncer mis compa\u00f1eros en Dachser me animaron en cada paso. Siempre han estado all\u00ed. Para la mujer, es un lugar excepcional para trabajar.\u201d<\/p>\n<p style=\"text-align: justify;\">Cuando empez\u00f3 en la divisi\u00f3n de Carga Mar\u00edtima, la Srta. Walters se encargaba de todo. Sin embargo, hoy por hoy, su equipo consta de seis personas. La expansi\u00f3n de la oficina en Nueva York tambi\u00e9n refleja el crecimiento continuo de Dachser USA, ahora representada en todos los estados clave. Incluso despu\u00e9s de 30 a\u00f1os, la Sra. Walters sigue siendo muy apasionada en su trabajo, a pesar de la adversidad que la vida le ha puesto. \u201cDachser est\u00e1 muy cerca de mi coraz\u00f3n. Somos como una gran familia.\u201d<\/p>\n<p style=\"text-align: justify;\">Ana Sofia Rotondo \u2013 Gerente de Carga Mar\u00edtima, Dachser Per\u00fa<\/p>\n<p style=\"text-align: justify;\">Aprovechando su s\u00f3lida experiencia en comercio internacional y sus experiencias laborales en Espa\u00f1a y Alemania, Ana Sof\u00eda Rotondo siempre supo que quer\u00eda trabajar en la log\u00edstica y el transporte. La Sra. Rotondo ha trabajado en Dachser Per\u00fa como Seafreight Manager, aportando una riqueza de experiencia en la log\u00edstica y el transporte internacionales a la organizaci\u00f3n.&nbsp;Dominando varios idiomas, siempre est\u00e1 dispuesta a hacer todo lo posible para su equipo y considera que formar a la nueva generaci\u00f3n es de suma importancia para asegurar una continuidad en el desarrollo del negocio.<br \/>&nbsp;<br \/>La Sra. Rotondo a\u00f1ade, \u201cA medida que m\u00e1s mujeres se unan a la industria, deber\u00edan buscar mejorarse a s\u00ed mismas todos los d\u00edas. De hecho, Dachser estuvo ah\u00ed para m\u00ed en cada paso del camino comprometi\u00e9ndose y contribuyendo a mi desarrollo profesional continuo.\u201d<\/p>\n<p style=\"text-align: justify;\">Priscilla Tilkian \u2013 Gerente de Desarrollo de Negocios, Dachser Brasil<br \/>&nbsp;<br \/>Formando parte de Dachser Brasil desde que se estableci\u00f3 en el pa\u00eds, Priscilla Tilkian ha estado en la compa\u00f1\u00eda durante la mayor parte de su carrera profesional. Actualmente como Business Development Manager, tiene una s\u00f3lida experiencia laboral en comercio internacional, habiendo trabajado en varios pa\u00edses, adem\u00e1s de dominar varios idiomas extranjeros. La Sra. Tilkian aporta a sus clientes un gran equilibrio entre experiencia global junto con conocimiento log\u00edstico y de transporte de mercanc\u00edas.<br \/>&nbsp;<br \/>Siempre se ha enfocado en entender los requisitos comerciales de los clientes y en asociarse con ellos para que as\u00ed est\u00e9n tanto al frente como en el centro.<br \/>&nbsp;<br \/>La Sra. Tilkian comenta, \u201cEstoy orgullosa de estar con Dachser desde que inauguraron oficinas aqu\u00ed en Brasil. Cada d\u00eda, los clientes comprueban la confianza y experiencia que Dachser brinda. Colaborando con nuestros clientes para asegurar su satisfacci\u00f3n es mi mayor prioridad.\u201d<\/p>\n<p style=\"text-align: justify;\">Un esp\u00edritu multicultural donde las mujeres se sienten comprometidas, respetadas y reconocidas por sus conocimientos, experiencia y capacidades es un principio esencial en Dachser. Al aprovechar este mismo poder de la diferencia humana y construir una comunidad global caracterizada por perspectivas din\u00e1micas junto con profesionalismo, Dachser puede sobresalir en la entrega de soluciones log\u00edsticas transformadoras a sus clientes.<\/p>\n","protected":false},"excerpt":{"rendered":"<p style=\"text-align: justify;\">Dachser Am\u00e9ricas, una filial del proveedor log\u00edstico global Dachser, se enorgullece en anunciar que m\u00e1s del 57 por ciento de su fuerza laboral est\u00e1 compuesta por mujeres, aunque la profesi\u00f3n de la cadena de suministro y log\u00edstica sigue domin\u00e1ndose por hombres. Este anuncio refleja el compromiso de la empresa familiar Dachser con el empoderamiento cultural de su fuerza laboral descartando el g\u00e9nero, la raza o la edad.<\/p>\n","protected":false},"author":1,"featured_media":4290,"comment_status":"open","ping_status":"open","sticky":false,"template":"","format":"standard","meta":{"_acf_changed":false,"jnews-multi-image_gallery":[],"jnews_single_post":[],"jnews_primary_category":[],"jnews_social_meta":[],"jnews_override_counter":[],"footnotes":""},"categories":[12],"tags":[],"class_list":["post-4293","post","type-post","status-publish","format-standard","has-post-thumbnail","hentry","category-noticias-industria"],"acf":[],"yoast_head":"<!-- This site is optimized with the Yoast SEO plugin v27.2 - https:\/\/yoast.com\/product\/yoast-seo-wordpress\/ -->\n<title>LAS MUJERES REPRESENTAN M\u00c1S DEL 57 POR CIENTO DE LA FUERZA LABORAL - Revista Logistec<\/title>\n<meta name=\"robots\" content=\"index, follow, max-snippet:-1, max-image-preview:large, max-video-preview:-1\" \/>\n<link rel=\"canonical\" href=\"https:\/\/www.revistalogistec.com\/index.php\/2021\/03\/05\/las-mujeres-representan-mas-del-57-por-ciento-de-la-fuerza-laboral\/\" \/>\n<meta property=\"og:locale\" content=\"es_ES\" \/>\n<meta property=\"og:type\" content=\"article\" \/>\n<meta property=\"og:title\" content=\"LAS MUJERES REPRESENTAN M\u00c1S DEL 57 POR CIENTO DE LA FUERZA LABORAL - Revista Logistec\" \/>\n<meta property=\"og:description\" content=\"Dachser Am\u00e9ricas, una filial del proveedor log\u00edstico global Dachser, se enorgullece en anunciar que m\u00e1s del 57 por ciento de su fuerza laboral est\u00e1 compuesta por mujeres, aunque la profesi\u00f3n de la cadena de suministro y log\u00edstica sigue domin\u00e1ndose por hombres. Este anuncio refleja el compromiso de la empresa familiar Dachser con el empoderamiento cultural de su fuerza laboral descartando el g\u00e9nero, la raza o la edad.\" \/>\n<meta property=\"og:url\" content=\"https:\/\/www.revistalogistec.com\/index.php\/2021\/03\/05\/las-mujeres-representan-mas-del-57-por-ciento-de-la-fuerza-laboral\/\" \/>\n<meta property=\"og:site_name\" content=\"Revista Logistec\" \/>\n<meta property=\"article:published_time\" content=\"2021-03-05T15:13:54+00:00\" \/>\n<meta property=\"og:image\" content=\"https:\/\/www.revistalogistec.com\/wp-content\/uploads\/2021\/03\/Dachser_Las-Mujeres-en-Logistica.jpg\" \/>\n\t<meta property=\"og:image:width\" content=\"850\" \/>\n\t<meta property=\"og:image:height\" content=\"521\" \/>\n\t<meta property=\"og:image:type\" content=\"image\/jpeg\" \/>\n<meta name=\"author\" content=\"admin\" \/>\n<meta name=\"twitter:card\" content=\"summary_large_image\" \/>\n<meta name=\"twitter:label1\" content=\"Escrito por\" \/>\n\t<meta name=\"twitter:data1\" content=\"admin\" \/>\n\t<meta name=\"twitter:label2\" content=\"Tiempo de lectura\" \/>\n\t<meta name=\"twitter:data2\" content=\"8 minutos\" \/>\n<script type=\"application\/ld+json\" class=\"yoast-schema-graph\">{\"@context\":\"https:\/\/schema.org\",\"@graph\":[{\"@type\":\"Article\",\"@id\":\"https:\/\/www.revistalogistec.com\/index.php\/2021\/03\/05\/las-mujeres-representan-mas-del-57-por-ciento-de-la-fuerza-laboral\/#article\",\"isPartOf\":{\"@id\":\"https:\/\/www.revistalogistec.com\/index.php\/2021\/03\/05\/las-mujeres-representan-mas-del-57-por-ciento-de-la-fuerza-laboral\/\"},\"author\":{\"name\":\"admin\",\"@id\":\"https:\/\/www.revistalogistec.com\/#\/schema\/person\/b25cced65507282f3fc6eb806b1db4f0\"},\"headline\":\"LAS MUJERES REPRESENTAN M\u00c1S DEL 57 POR CIENTO DE LA FUERZA LABORAL\",\"datePublished\":\"2021-03-05T15:13:54+00:00\",\"mainEntityOfPage\":{\"@id\":\"https:\/\/www.revistalogistec.com\/index.php\/2021\/03\/05\/las-mujeres-representan-mas-del-57-por-ciento-de-la-fuerza-laboral\/\"},\"wordCount\":1547,\"commentCount\":0,\"image\":{\"@id\":\"https:\/\/www.revistalogistec.com\/index.php\/2021\/03\/05\/las-mujeres-representan-mas-del-57-por-ciento-de-la-fuerza-laboral\/#primaryimage\"},\"thumbnailUrl\":\"https:\/\/www.revistalogistec.com\/wp-content\/uploads\/2021\/03\/Dachser_Las-Mujeres-en-Logistica.jpg\",\"articleSection\":[\"NOTICIAS INDUSTRIA\"],\"inLanguage\":\"es\"},{\"@type\":\"WebPage\",\"@id\":\"https:\/\/www.revistalogistec.com\/index.php\/2021\/03\/05\/las-mujeres-representan-mas-del-57-por-ciento-de-la-fuerza-laboral\/\",\"url\":\"https:\/\/www.revistalogistec.com\/index.php\/2021\/03\/05\/las-mujeres-representan-mas-del-57-por-ciento-de-la-fuerza-laboral\/\",\"name\":\"LAS MUJERES REPRESENTAN M\u00c1S DEL 57 POR CIENTO DE LA FUERZA LABORAL - Revista Logistec\",\"isPartOf\":{\"@id\":\"https:\/\/www.revistalogistec.com\/#website\"},\"primaryImageOfPage\":{\"@id\":\"https:\/\/www.revistalogistec.com\/index.php\/2021\/03\/05\/las-mujeres-representan-mas-del-57-por-ciento-de-la-fuerza-laboral\/#primaryimage\"},\"image\":{\"@id\":\"https:\/\/www.revistalogistec.com\/index.php\/2021\/03\/05\/las-mujeres-representan-mas-del-57-por-ciento-de-la-fuerza-laboral\/#primaryimage\"},\"thumbnailUrl\":\"https:\/\/www.revistalogistec.com\/wp-content\/uploads\/2021\/03\/Dachser_Las-Mujeres-en-Logistica.jpg\",\"datePublished\":\"2021-03-05T15:13:54+00:00\",\"author\":{\"@id\":\"https:\/\/www.revistalogistec.com\/#\/schema\/person\/b25cced65507282f3fc6eb806b1db4f0\"},\"breadcrumb\":{\"@id\":\"https:\/\/www.revistalogistec.com\/index.php\/2021\/03\/05\/las-mujeres-representan-mas-del-57-por-ciento-de-la-fuerza-laboral\/#breadcrumb\"},\"inLanguage\":\"es\",\"potentialAction\":[{\"@type\":\"ReadAction\",\"target\":[\"https:\/\/www.revistalogistec.com\/index.php\/2021\/03\/05\/las-mujeres-representan-mas-del-57-por-ciento-de-la-fuerza-laboral\/\"]}]},{\"@type\":\"ImageObject\",\"inLanguage\":\"es\",\"@id\":\"https:\/\/www.revistalogistec.com\/index.php\/2021\/03\/05\/las-mujeres-representan-mas-del-57-por-ciento-de-la-fuerza-laboral\/#primaryimage\",\"url\":\"https:\/\/www.revistalogistec.com\/wp-content\/uploads\/2021\/03\/Dachser_Las-Mujeres-en-Logistica.jpg\",\"contentUrl\":\"https:\/\/www.revistalogistec.com\/wp-content\/uploads\/2021\/03\/Dachser_Las-Mujeres-en-Logistica.jpg\",\"width\":850,\"height\":521},{\"@type\":\"BreadcrumbList\",\"@id\":\"https:\/\/www.revistalogistec.com\/index.php\/2021\/03\/05\/las-mujeres-representan-mas-del-57-por-ciento-de-la-fuerza-laboral\/#breadcrumb\",\"itemListElement\":[{\"@type\":\"ListItem\",\"position\":1,\"name\":\"Portada\",\"item\":\"https:\/\/www.revistalogistec.com\/\"},{\"@type\":\"ListItem\",\"position\":2,\"name\":\"LAS MUJERES REPRESENTAN M\u00c1S DEL 57 POR CIENTO DE LA FUERZA LABORAL\"}]},{\"@type\":\"WebSite\",\"@id\":\"https:\/\/www.revistalogistec.com\/#website\",\"url\":\"https:\/\/www.revistalogistec.com\/\",\"name\":\"Revista Logistec\",\"description\":\"\",\"potentialAction\":[{\"@type\":\"SearchAction\",\"target\":{\"@type\":\"EntryPoint\",\"urlTemplate\":\"https:\/\/www.revistalogistec.com\/?s={search_term_string}\"},\"query-input\":{\"@type\":\"PropertyValueSpecification\",\"valueRequired\":true,\"valueName\":\"search_term_string\"}}],\"inLanguage\":\"es\"},{\"@type\":\"Person\",\"@id\":\"https:\/\/www.revistalogistec.com\/#\/schema\/person\/b25cced65507282f3fc6eb806b1db4f0\",\"name\":\"admin\",\"image\":{\"@type\":\"ImageObject\",\"inLanguage\":\"es\",\"@id\":\"https:\/\/secure.gravatar.com\/avatar\/94631f712dee24b50f2f12a7caf62df22b2c346945fcff655ce85b674bebf6fd?s=96&d=mm&r=g\",\"url\":\"https:\/\/secure.gravatar.com\/avatar\/94631f712dee24b50f2f12a7caf62df22b2c346945fcff655ce85b674bebf6fd?s=96&d=mm&r=g\",\"contentUrl\":\"https:\/\/secure.gravatar.com\/avatar\/94631f712dee24b50f2f12a7caf62df22b2c346945fcff655ce85b674bebf6fd?s=96&d=mm&r=g\",\"caption\":\"admin\"},\"sameAs\":[\"https:\/\/www.revistalogistec.com\"],\"url\":\"https:\/\/www.revistalogistec.com\/index.php\/author\/admin_revlog\/\"}]}<\/script>\n<!-- \/ Yoast SEO plugin. -->","yoast_head_json":{"title":"LAS MUJERES REPRESENTAN M\u00c1S DEL 57 POR CIENTO DE LA FUERZA LABORAL - Revista Logistec","robots":{"index":"index","follow":"follow","max-snippet":"max-snippet:-1","max-image-preview":"max-image-preview:large","max-video-preview":"max-video-preview:-1"},"canonical":"https:\/\/www.revistalogistec.com\/index.php\/2021\/03\/05\/las-mujeres-representan-mas-del-57-por-ciento-de-la-fuerza-laboral\/","og_locale":"es_ES","og_type":"article","og_title":"LAS MUJERES REPRESENTAN M\u00c1S DEL 57 POR CIENTO DE LA FUERZA LABORAL - Revista Logistec","og_description":"Dachser Am\u00e9ricas, una filial del proveedor log\u00edstico global Dachser, se enorgullece en anunciar que m\u00e1s del 57 por ciento de su fuerza laboral est\u00e1 compuesta por mujeres, aunque la profesi\u00f3n de la cadena de suministro y log\u00edstica sigue domin\u00e1ndose por hombres. Este anuncio refleja el compromiso de la empresa familiar Dachser con el empoderamiento cultural de su fuerza laboral descartando el g\u00e9nero, la raza o la edad.","og_url":"https:\/\/www.revistalogistec.com\/index.php\/2021\/03\/05\/las-mujeres-representan-mas-del-57-por-ciento-de-la-fuerza-laboral\/","og_site_name":"Revista Logistec","article_published_time":"2021-03-05T15:13:54+00:00","og_image":[{"width":850,"height":521,"url":"https:\/\/www.revistalogistec.com\/wp-content\/uploads\/2021\/03\/Dachser_Las-Mujeres-en-Logistica.jpg","type":"image\/jpeg"}],"author":"admin","twitter_card":"summary_large_image","twitter_misc":{"Escrito por":"admin","Tiempo de lectura":"8 minutos"},"schema":{"@context":"https:\/\/schema.org","@graph":[{"@type":"Article","@id":"https:\/\/www.revistalogistec.com\/index.php\/2021\/03\/05\/las-mujeres-representan-mas-del-57-por-ciento-de-la-fuerza-laboral\/#article","isPartOf":{"@id":"https:\/\/www.revistalogistec.com\/index.php\/2021\/03\/05\/las-mujeres-representan-mas-del-57-por-ciento-de-la-fuerza-laboral\/"},"author":{"name":"admin","@id":"https:\/\/www.revistalogistec.com\/#\/schema\/person\/b25cced65507282f3fc6eb806b1db4f0"},"headline":"LAS MUJERES REPRESENTAN M\u00c1S DEL 57 POR CIENTO DE LA FUERZA LABORAL","datePublished":"2021-03-05T15:13:54+00:00","mainEntityOfPage":{"@id":"https:\/\/www.revistalogistec.com\/index.php\/2021\/03\/05\/las-mujeres-representan-mas-del-57-por-ciento-de-la-fuerza-laboral\/"},"wordCount":1547,"commentCount":0,"image":{"@id":"https:\/\/www.revistalogistec.com\/index.php\/2021\/03\/05\/las-mujeres-representan-mas-del-57-por-ciento-de-la-fuerza-laboral\/#primaryimage"},"thumbnailUrl":"https:\/\/www.revistalogistec.com\/wp-content\/uploads\/2021\/03\/Dachser_Las-Mujeres-en-Logistica.jpg","articleSection":["NOTICIAS INDUSTRIA"],"inLanguage":"es"},{"@type":"WebPage","@id":"https:\/\/www.revistalogistec.com\/index.php\/2021\/03\/05\/las-mujeres-representan-mas-del-57-por-ciento-de-la-fuerza-laboral\/","url":"https:\/\/www.revistalogistec.com\/index.php\/2021\/03\/05\/las-mujeres-representan-mas-del-57-por-ciento-de-la-fuerza-laboral\/","name":"LAS MUJERES REPRESENTAN M\u00c1S DEL 57 POR CIENTO DE LA FUERZA LABORAL - Revista Logistec","isPartOf":{"@id":"https:\/\/www.revistalogistec.com\/#website"},"primaryImageOfPage":{"@id":"https:\/\/www.revistalogistec.com\/index.php\/2021\/03\/05\/las-mujeres-representan-mas-del-57-por-ciento-de-la-fuerza-laboral\/#primaryimage"},"image":{"@id":"https:\/\/www.revistalogistec.com\/index.php\/2021\/03\/05\/las-mujeres-representan-mas-del-57-por-ciento-de-la-fuerza-laboral\/#primaryimage"},"thumbnailUrl":"https:\/\/www.revistalogistec.com\/wp-content\/uploads\/2021\/03\/Dachser_Las-Mujeres-en-Logistica.jpg","datePublished":"2021-03-05T15:13:54+00:00","author":{"@id":"https:\/\/www.revistalogistec.com\/#\/schema\/person\/b25cced65507282f3fc6eb806b1db4f0"},"breadcrumb":{"@id":"https:\/\/www.revistalogistec.com\/index.php\/2021\/03\/05\/las-mujeres-representan-mas-del-57-por-ciento-de-la-fuerza-laboral\/#breadcrumb"},"inLanguage":"es","potentialAction":[{"@type":"ReadAction","target":["https:\/\/www.revistalogistec.com\/index.php\/2021\/03\/05\/las-mujeres-representan-mas-del-57-por-ciento-de-la-fuerza-laboral\/"]}]},{"@type":"ImageObject","inLanguage":"es","@id":"https:\/\/www.revistalogistec.com\/index.php\/2021\/03\/05\/las-mujeres-representan-mas-del-57-por-ciento-de-la-fuerza-laboral\/#primaryimage","url":"https:\/\/www.revistalogistec.com\/wp-content\/uploads\/2021\/03\/Dachser_Las-Mujeres-en-Logistica.jpg","contentUrl":"https:\/\/www.revistalogistec.com\/wp-content\/uploads\/2021\/03\/Dachser_Las-Mujeres-en-Logistica.jpg","width":850,"height":521},{"@type":"BreadcrumbList","@id":"https:\/\/www.revistalogistec.com\/index.php\/2021\/03\/05\/las-mujeres-representan-mas-del-57-por-ciento-de-la-fuerza-laboral\/#breadcrumb","itemListElement":[{"@type":"ListItem","position":1,"name":"Portada","item":"https:\/\/www.revistalogistec.com\/"},{"@type":"ListItem","position":2,"name":"LAS MUJERES REPRESENTAN M\u00c1S DEL 57 POR CIENTO DE LA FUERZA LABORAL"}]},{"@type":"WebSite","@id":"https:\/\/www.revistalogistec.com\/#website","url":"https:\/\/www.revistalogistec.com\/","name":"Revista Logistec","description":"","potentialAction":[{"@type":"SearchAction","target":{"@type":"EntryPoint","urlTemplate":"https:\/\/www.revistalogistec.com\/?s={search_term_string}"},"query-input":{"@type":"PropertyValueSpecification","valueRequired":true,"valueName":"search_term_string"}}],"inLanguage":"es"},{"@type":"Person","@id":"https:\/\/www.revistalogistec.com\/#\/schema\/person\/b25cced65507282f3fc6eb806b1db4f0","name":"admin","image":{"@type":"ImageObject","inLanguage":"es","@id":"https:\/\/secure.gravatar.com\/avatar\/94631f712dee24b50f2f12a7caf62df22b2c346945fcff655ce85b674bebf6fd?s=96&d=mm&r=g","url":"https:\/\/secure.gravatar.com\/avatar\/94631f712dee24b50f2f12a7caf62df22b2c346945fcff655ce85b674bebf6fd?s=96&d=mm&r=g","contentUrl":"https:\/\/secure.gravatar.com\/avatar\/94631f712dee24b50f2f12a7caf62df22b2c346945fcff655ce85b674bebf6fd?s=96&d=mm&r=g","caption":"admin"},"sameAs":["https:\/\/www.revistalogistec.com"],"url":"https:\/\/www.revistalogistec.com\/index.php\/author\/admin_revlog\/"}]}},"_links":{"self":[{"href":"https:\/\/www.revistalogistec.com\/index.php\/wp-json\/wp\/v2\/posts\/4293","targetHints":{"allow":["GET"]}}],"collection":[{"href":"https:\/\/www.revistalogistec.com\/index.php\/wp-json\/wp\/v2\/posts"}],"about":[{"href":"https:\/\/www.revistalogistec.com\/index.php\/wp-json\/wp\/v2\/types\/post"}],"author":[{"embeddable":true,"href":"https:\/\/www.revistalogistec.com\/index.php\/wp-json\/wp\/v2\/users\/1"}],"replies":[{"embeddable":true,"href":"https:\/\/www.revistalogistec.com\/index.php\/wp-json\/wp\/v2\/comments?post=4293"}],"version-history":[{"count":0,"href":"https:\/\/www.revistalogistec.com\/index.php\/wp-json\/wp\/v2\/posts\/4293\/revisions"}],"wp:featuredmedia":[{"embeddable":true,"href":"https:\/\/www.revistalogistec.com\/index.php\/wp-json\/wp\/v2\/media\/4290"}],"wp:attachment":[{"href":"https:\/\/www.revistalogistec.com\/index.php\/wp-json\/wp\/v2\/media?parent=4293"}],"wp:term":[{"taxonomy":"category","embeddable":true,"href":"https:\/\/www.revistalogistec.com\/index.php\/wp-json\/wp\/v2\/categories?post=4293"},{"taxonomy":"post_tag","embeddable":true,"href":"https:\/\/www.revistalogistec.com\/index.php\/wp-json\/wp\/v2\/tags?post=4293"}],"curies":[{"name":"wp","href":"https:\/\/api.w.org\/{rel}","templated":true}]}}