{"id":4631,"date":"2021-03-29T15:55:37","date_gmt":"2021-03-29T15:55:37","guid":{"rendered":"https:\/\/www.revistalogistec.com\/index.php\/2021\/03\/29\/hoja-de-ruta-para-una-transformacion-digital-exitosa-3\/"},"modified":"2021-03-29T15:55:37","modified_gmt":"2021-03-29T15:55:37","slug":"hoja-de-ruta-para-una-transformacion-digital-exitosa-3","status":"publish","type":"post","link":"https:\/\/www.revistalogistec.com\/index.php\/2021\/03\/29\/hoja-de-ruta-para-una-transformacion-digital-exitosa-3\/","title":{"rendered":"HOJA DE RUTA PARA UNA TRANSFORMACI\u00d3N DIGITAL EXITOSA"},"content":{"rendered":"<p style=\"text-align: justify;\">Sorprende el nivel de desconocimiento que a\u00fan genera el alcance del cambio que requiere el tr\u00e1nsito hacia una dimensi\u00f3n organizacional cuyo \u00e1mbito es tambi\u00e9n el digital. Para ampliar el horizonte, cuatro conceptos y un check-list. &nbsp;<\/p>\n<p style=\"text-align: justify;\">Una organizaci\u00f3n con un alto grado de madurez digital tiene una hoja de ruta, un gobierno y un presupuesto establecidos para sus iniciativas digitales. Tiene equipos de trabajo que mutan en el tiempo y que est\u00e1n a cargo de la implementaci\u00f3n de varios proyectos digitales a la vez. Ahora, si adicionalmente la organizaci\u00f3n tiene un&nbsp;mindset&nbsp;de \u201cDigital First\u201d, es decir: todo lo que hacemos se basa en lo digital en la medida de lo posible y la cultura se basa en pilares digitales que componen el coraz\u00f3n de la operaci\u00f3n y no solo una alternativa m\u00e1s, estamos hablando de una verdadera transformaci\u00f3n digital.&nbsp;<\/p>\n<p style=\"text-align: justify;\">&nbsp;Una hoja de ruta para la transformaci\u00f3n digital&nbsp;<\/p>\n<p style=\"text-align: justify;\">Una de las preguntas de partida para iniciar el camino hacia la transformaci\u00f3n digital es saber medir nuestra madurez digital. Para ello, tenemos cuatro grandes \u00e1reas de la organizaci\u00f3n que debemos analizar. En base a ese an\u00e1lisis, sabremos en qu\u00e9 lugar del viaje nos encontramos para, a posteriori, establecer una estrategia digital.&nbsp;<\/p>\n<p style=\"text-align: justify;\">1. Negocio:&nbsp;Aqu\u00ed debemos revisar la visi\u00f3n, los presupuestos y las estrategias digitales. Si la alta direcci\u00f3n no est\u00e1 alineada con esto, el camino se nos har\u00e1 muy cuesta arriba y s\u00f3lo se lograr\u00e1 avanzar en el nivel de digitalizaci\u00f3n; pero no en el proceso de transformaci\u00f3n digital.&nbsp;&nbsp;<\/p>\n<p style=\"text-align: justify;\">2.&nbsp;Productos y servicios: Esta \u00e1rea apuntala y define el \u00e9xito de nuestra oferta en lo digital. Para poder dimensionarlo conviene preguntarse: \u00bfC\u00f3mo es nuestra propuesta de valor a nuestros clientes? \u00bfC\u00f3mo nos relacionamos con ellos?&nbsp;<\/p>\n<p style=\"text-align: justify;\">3.&nbsp;Arquitectura organizacional:&nbsp;Se trata de revisar c\u00f3mo trabajan nuestros equipos; c\u00f3mo est\u00e1n estructurados y operando nuestros procesos. Adem\u00e1s, c\u00f3mo est\u00e1 considerada nuestra infraestructura. \u00bfLogra ser un apoyo en el d\u00eda a d\u00eda?&nbsp;<\/p>\n<p style=\"text-align: justify;\">4.&nbsp;Cultura:&nbsp;Este es uno de los \u00e1mbitos que menos se trabaja, pero que deber\u00eda estar el centro de nuestro accionar.&nbsp;&nbsp;\u00bfPor qu\u00e9? Porque define c\u00f3mo lideramos nuestra organizaci\u00f3n hacia ese nuevo mundo. Entonces: \u00bfTenemos un estilo de liderazgo digital? \u00bfHacemos gesti\u00f3n del talento digital? &nbsp;\u00bfComo son nuestras formas actuales de trabajo?&nbsp;<br \/>&nbsp;<br \/>Lograr ordenar y canalizar estas cuatro \u00e1reas de la organizaci\u00f3n en torno a la digitalizaci\u00f3n nos va a llevar hacia una verdadera transformaci\u00f3n digital. De esta forma, podremos repensar no solo parte de nuestro modelo de negocio sino de c\u00f3mo se hacen las cosas en nuestra organizaci\u00f3n y c\u00f3mo sacar provecho de las herramientas digitales disponibles.&nbsp;<\/p>\n<p style=\"text-align: justify;\">Para facilitar el primer paso, el siguiente&nbsp;check-list&nbsp;nos permitir\u00e1 evaluar siete \u00e1mbitos adicionales que permitir\u00e1n \u201csetear\u201d parte del mindset digital que requiere el proceso:&nbsp;&nbsp;<\/p>\n<p style=\"text-align: justify;\">\u2022 \u00bfCu\u00e1nto me importa que las personas que trabajen conmigo est\u00e9n en m\u00ed misma ciudad, pa\u00eds o zona horaria?&nbsp;<\/p>\n<p style=\"text-align: justify;\">\u2022 \u00bfTengo un presupuesto para investigaci\u00f3n y desarrollo de herramientas digitales para mejorar mi negocio?&nbsp;<\/p>\n<p style=\"text-align: justify;\">\u2022 \u00bfEstoy haciendo an\u00e1lisis de escenarios futuros para ver como se mueven las fuerzas de la tecnolog\u00eda en pos o contra mi negocio?&nbsp;<\/p>\n<p style=\"text-align: justify;\">\u2022 \u00bfEstoy preocupado de la seguridad e infraestructura digital de mi organizaci\u00f3n?&nbsp;<\/p>\n<p style=\"text-align: justify;\">\u2022 \u00bfTengo una propuesta de valor que asume lo digital como la base del proceso?&nbsp;<\/p>\n<p style=\"text-align: justify;\">\u2022 \u00bfTengo consciencia de la \u201cexperiencia\u201d digital de las personas que interact\u00faan con mi organizaci\u00f3n?&nbsp;<\/p>\n<p style=\"text-align: justify;\">\u2022 \u00bfEl trabajo en mi organizaci\u00f3n se desarrolla de forma flexible, colaborativa, y con un liderazgo que apoya lo digital?&nbsp;<\/p>\n<p style=\"text-align: justify;\">Este check-list nos permitir\u00e1 empezar a dimensionar cu\u00e1nto nuestra organizaci\u00f3n est\u00e1 encaminada hacia la transformaci\u00f3n digital. Si nuestra respuesta a varias de sus preguntas es \u201cno\u201d, o \u201cno s\u00e9\u201d, habremos estado implementando hasta ahora \u00fanicamente las herramientas digitales. Y eso no es equiparable a una transformaci\u00f3n digital.&nbsp;<\/p>\n<p style=\"text-align: justify;\">&nbsp;<\/p>\n<p style=\"text-align: justify;\">Marcelo Blechman, socio de OLIVIA, consultora internacional experta en transformaci\u00f3n organizacional.\u2028<\/p>\n","protected":false},"excerpt":{"rendered":"<p style=\"text-align: justify;\">Sorprende el nivel de desconocimiento que a\u00fan genera el alcance del cambio que requiere el tr\u00e1nsito hacia una dimensi\u00f3n organizacional cuyo \u00e1mbito es tambi\u00e9n el digital. Para ampliar el horizonte, cuatro conceptos y un check-list. &nbsp;<\/p>\n","protected":false},"author":1,"featured_media":4622,"comment_status":"open","ping_status":"open","sticky":false,"template":"","format":"standard","meta":{"_acf_changed":false,"jnews-multi-image_gallery":[],"jnews_single_post":[],"jnews_primary_category":[],"jnews_social_meta":[],"jnews_override_counter":[],"footnotes":""},"categories":[83],"tags":[],"class_list":["post-4631","post","type-post","status-publish","format-standard","has-post-thumbnail","hentry","category-analisis"],"acf":[],"yoast_head":"<!-- This site is optimized with the Yoast SEO plugin v27.2 - https:\/\/yoast.com\/product\/yoast-seo-wordpress\/ -->\n<title>HOJA DE RUTA PARA UNA TRANSFORMACI\u00d3N DIGITAL EXITOSA - Revista Logistec<\/title>\n<meta name=\"robots\" content=\"index, follow, max-snippet:-1, max-image-preview:large, max-video-preview:-1\" \/>\n<link rel=\"canonical\" href=\"https:\/\/www.revistalogistec.com\/index.php\/2021\/03\/29\/hoja-de-ruta-para-una-transformacion-digital-exitosa-3\/\" \/>\n<meta property=\"og:locale\" content=\"es_ES\" \/>\n<meta property=\"og:type\" content=\"article\" \/>\n<meta property=\"og:title\" content=\"HOJA DE RUTA PARA UNA TRANSFORMACI\u00d3N DIGITAL EXITOSA - Revista Logistec\" \/>\n<meta property=\"og:description\" content=\"Sorprende el nivel de desconocimiento que a\u00fan genera el alcance del cambio que requiere el tr\u00e1nsito hacia una dimensi\u00f3n organizacional cuyo \u00e1mbito es tambi\u00e9n el digital. Para ampliar el horizonte, cuatro conceptos y un check-list. &nbsp;\" \/>\n<meta property=\"og:url\" content=\"https:\/\/www.revistalogistec.com\/index.php\/2021\/03\/29\/hoja-de-ruta-para-una-transformacion-digital-exitosa-3\/\" \/>\n<meta property=\"og:site_name\" content=\"Revista Logistec\" \/>\n<meta property=\"article:published_time\" content=\"2021-03-29T15:55:37+00:00\" \/>\n<meta property=\"og:image\" content=\"https:\/\/www.revistalogistec.com\/wp-content\/uploads\/2021\/03\/Marcelo-Blechman.gif\" \/>\n\t<meta property=\"og:image:width\" content=\"850\" \/>\n\t<meta property=\"og:image:height\" content=\"547\" \/>\n\t<meta property=\"og:image:type\" content=\"image\/gif\" \/>\n<meta name=\"author\" content=\"admin\" \/>\n<meta name=\"twitter:card\" content=\"summary_large_image\" \/>\n<meta name=\"twitter:label1\" content=\"Escrito por\" \/>\n\t<meta name=\"twitter:data1\" content=\"admin\" \/>\n\t<meta name=\"twitter:label2\" content=\"Tiempo de lectura\" \/>\n\t<meta name=\"twitter:data2\" content=\"4 minutos\" \/>\n<script type=\"application\/ld+json\" class=\"yoast-schema-graph\">{\"@context\":\"https:\/\/schema.org\",\"@graph\":[{\"@type\":\"Article\",\"@id\":\"https:\/\/www.revistalogistec.com\/index.php\/2021\/03\/29\/hoja-de-ruta-para-una-transformacion-digital-exitosa-3\/#article\",\"isPartOf\":{\"@id\":\"https:\/\/www.revistalogistec.com\/index.php\/2021\/03\/29\/hoja-de-ruta-para-una-transformacion-digital-exitosa-3\/\"},\"author\":{\"name\":\"admin\",\"@id\":\"https:\/\/www.revistalogistec.com\/#\/schema\/person\/b25cced65507282f3fc6eb806b1db4f0\"},\"headline\":\"HOJA DE RUTA PARA UNA TRANSFORMACI\u00d3N DIGITAL EXITOSA\",\"datePublished\":\"2021-03-29T15:55:37+00:00\",\"mainEntityOfPage\":{\"@id\":\"https:\/\/www.revistalogistec.com\/index.php\/2021\/03\/29\/hoja-de-ruta-para-una-transformacion-digital-exitosa-3\/\"},\"wordCount\":716,\"commentCount\":0,\"image\":{\"@id\":\"https:\/\/www.revistalogistec.com\/index.php\/2021\/03\/29\/hoja-de-ruta-para-una-transformacion-digital-exitosa-3\/#primaryimage\"},\"thumbnailUrl\":\"https:\/\/www.revistalogistec.com\/wp-content\/uploads\/2021\/03\/Marcelo-Blechman.gif\",\"articleSection\":[\"AN\u00c1LISIS\"],\"inLanguage\":\"es\"},{\"@type\":\"WebPage\",\"@id\":\"https:\/\/www.revistalogistec.com\/index.php\/2021\/03\/29\/hoja-de-ruta-para-una-transformacion-digital-exitosa-3\/\",\"url\":\"https:\/\/www.revistalogistec.com\/index.php\/2021\/03\/29\/hoja-de-ruta-para-una-transformacion-digital-exitosa-3\/\",\"name\":\"HOJA DE RUTA PARA UNA TRANSFORMACI\u00d3N DIGITAL EXITOSA - Revista Logistec\",\"isPartOf\":{\"@id\":\"https:\/\/www.revistalogistec.com\/#website\"},\"primaryImageOfPage\":{\"@id\":\"https:\/\/www.revistalogistec.com\/index.php\/2021\/03\/29\/hoja-de-ruta-para-una-transformacion-digital-exitosa-3\/#primaryimage\"},\"image\":{\"@id\":\"https:\/\/www.revistalogistec.com\/index.php\/2021\/03\/29\/hoja-de-ruta-para-una-transformacion-digital-exitosa-3\/#primaryimage\"},\"thumbnailUrl\":\"https:\/\/www.revistalogistec.com\/wp-content\/uploads\/2021\/03\/Marcelo-Blechman.gif\",\"datePublished\":\"2021-03-29T15:55:37+00:00\",\"author\":{\"@id\":\"https:\/\/www.revistalogistec.com\/#\/schema\/person\/b25cced65507282f3fc6eb806b1db4f0\"},\"breadcrumb\":{\"@id\":\"https:\/\/www.revistalogistec.com\/index.php\/2021\/03\/29\/hoja-de-ruta-para-una-transformacion-digital-exitosa-3\/#breadcrumb\"},\"inLanguage\":\"es\",\"potentialAction\":[{\"@type\":\"ReadAction\",\"target\":[\"https:\/\/www.revistalogistec.com\/index.php\/2021\/03\/29\/hoja-de-ruta-para-una-transformacion-digital-exitosa-3\/\"]}]},{\"@type\":\"ImageObject\",\"inLanguage\":\"es\",\"@id\":\"https:\/\/www.revistalogistec.com\/index.php\/2021\/03\/29\/hoja-de-ruta-para-una-transformacion-digital-exitosa-3\/#primaryimage\",\"url\":\"https:\/\/www.revistalogistec.com\/wp-content\/uploads\/2021\/03\/Marcelo-Blechman.gif\",\"contentUrl\":\"https:\/\/www.revistalogistec.com\/wp-content\/uploads\/2021\/03\/Marcelo-Blechman.gif\",\"width\":850,\"height\":547},{\"@type\":\"BreadcrumbList\",\"@id\":\"https:\/\/www.revistalogistec.com\/index.php\/2021\/03\/29\/hoja-de-ruta-para-una-transformacion-digital-exitosa-3\/#breadcrumb\",\"itemListElement\":[{\"@type\":\"ListItem\",\"position\":1,\"name\":\"Portada\",\"item\":\"https:\/\/www.revistalogistec.com\/\"},{\"@type\":\"ListItem\",\"position\":2,\"name\":\"HOJA DE RUTA PARA UNA TRANSFORMACI\u00d3N DIGITAL EXITOSA\"}]},{\"@type\":\"WebSite\",\"@id\":\"https:\/\/www.revistalogistec.com\/#website\",\"url\":\"https:\/\/www.revistalogistec.com\/\",\"name\":\"Revista Logistec\",\"description\":\"\",\"potentialAction\":[{\"@type\":\"SearchAction\",\"target\":{\"@type\":\"EntryPoint\",\"urlTemplate\":\"https:\/\/www.revistalogistec.com\/?s={search_term_string}\"},\"query-input\":{\"@type\":\"PropertyValueSpecification\",\"valueRequired\":true,\"valueName\":\"search_term_string\"}}],\"inLanguage\":\"es\"},{\"@type\":\"Person\",\"@id\":\"https:\/\/www.revistalogistec.com\/#\/schema\/person\/b25cced65507282f3fc6eb806b1db4f0\",\"name\":\"admin\",\"image\":{\"@type\":\"ImageObject\",\"inLanguage\":\"es\",\"@id\":\"https:\/\/secure.gravatar.com\/avatar\/94631f712dee24b50f2f12a7caf62df22b2c346945fcff655ce85b674bebf6fd?s=96&d=mm&r=g\",\"url\":\"https:\/\/secure.gravatar.com\/avatar\/94631f712dee24b50f2f12a7caf62df22b2c346945fcff655ce85b674bebf6fd?s=96&d=mm&r=g\",\"contentUrl\":\"https:\/\/secure.gravatar.com\/avatar\/94631f712dee24b50f2f12a7caf62df22b2c346945fcff655ce85b674bebf6fd?s=96&d=mm&r=g\",\"caption\":\"admin\"},\"sameAs\":[\"https:\/\/www.revistalogistec.com\"],\"url\":\"https:\/\/www.revistalogistec.com\/index.php\/author\/admin_revlog\/\"}]}<\/script>\n<!-- \/ Yoast SEO plugin. -->","yoast_head_json":{"title":"HOJA DE RUTA PARA UNA TRANSFORMACI\u00d3N DIGITAL EXITOSA - Revista Logistec","robots":{"index":"index","follow":"follow","max-snippet":"max-snippet:-1","max-image-preview":"max-image-preview:large","max-video-preview":"max-video-preview:-1"},"canonical":"https:\/\/www.revistalogistec.com\/index.php\/2021\/03\/29\/hoja-de-ruta-para-una-transformacion-digital-exitosa-3\/","og_locale":"es_ES","og_type":"article","og_title":"HOJA DE RUTA PARA UNA TRANSFORMACI\u00d3N DIGITAL EXITOSA - Revista Logistec","og_description":"Sorprende el nivel de desconocimiento que a\u00fan genera el alcance del cambio que requiere el tr\u00e1nsito hacia una dimensi\u00f3n organizacional cuyo \u00e1mbito es tambi\u00e9n el digital. Para ampliar el horizonte, cuatro conceptos y un check-list. &nbsp;","og_url":"https:\/\/www.revistalogistec.com\/index.php\/2021\/03\/29\/hoja-de-ruta-para-una-transformacion-digital-exitosa-3\/","og_site_name":"Revista Logistec","article_published_time":"2021-03-29T15:55:37+00:00","og_image":[{"width":850,"height":547,"url":"https:\/\/www.revistalogistec.com\/wp-content\/uploads\/2021\/03\/Marcelo-Blechman.gif","type":"image\/gif"}],"author":"admin","twitter_card":"summary_large_image","twitter_misc":{"Escrito por":"admin","Tiempo de lectura":"4 minutos"},"schema":{"@context":"https:\/\/schema.org","@graph":[{"@type":"Article","@id":"https:\/\/www.revistalogistec.com\/index.php\/2021\/03\/29\/hoja-de-ruta-para-una-transformacion-digital-exitosa-3\/#article","isPartOf":{"@id":"https:\/\/www.revistalogistec.com\/index.php\/2021\/03\/29\/hoja-de-ruta-para-una-transformacion-digital-exitosa-3\/"},"author":{"name":"admin","@id":"https:\/\/www.revistalogistec.com\/#\/schema\/person\/b25cced65507282f3fc6eb806b1db4f0"},"headline":"HOJA DE RUTA PARA UNA TRANSFORMACI\u00d3N DIGITAL EXITOSA","datePublished":"2021-03-29T15:55:37+00:00","mainEntityOfPage":{"@id":"https:\/\/www.revistalogistec.com\/index.php\/2021\/03\/29\/hoja-de-ruta-para-una-transformacion-digital-exitosa-3\/"},"wordCount":716,"commentCount":0,"image":{"@id":"https:\/\/www.revistalogistec.com\/index.php\/2021\/03\/29\/hoja-de-ruta-para-una-transformacion-digital-exitosa-3\/#primaryimage"},"thumbnailUrl":"https:\/\/www.revistalogistec.com\/wp-content\/uploads\/2021\/03\/Marcelo-Blechman.gif","articleSection":["AN\u00c1LISIS"],"inLanguage":"es"},{"@type":"WebPage","@id":"https:\/\/www.revistalogistec.com\/index.php\/2021\/03\/29\/hoja-de-ruta-para-una-transformacion-digital-exitosa-3\/","url":"https:\/\/www.revistalogistec.com\/index.php\/2021\/03\/29\/hoja-de-ruta-para-una-transformacion-digital-exitosa-3\/","name":"HOJA DE RUTA PARA UNA TRANSFORMACI\u00d3N DIGITAL EXITOSA - Revista Logistec","isPartOf":{"@id":"https:\/\/www.revistalogistec.com\/#website"},"primaryImageOfPage":{"@id":"https:\/\/www.revistalogistec.com\/index.php\/2021\/03\/29\/hoja-de-ruta-para-una-transformacion-digital-exitosa-3\/#primaryimage"},"image":{"@id":"https:\/\/www.revistalogistec.com\/index.php\/2021\/03\/29\/hoja-de-ruta-para-una-transformacion-digital-exitosa-3\/#primaryimage"},"thumbnailUrl":"https:\/\/www.revistalogistec.com\/wp-content\/uploads\/2021\/03\/Marcelo-Blechman.gif","datePublished":"2021-03-29T15:55:37+00:00","author":{"@id":"https:\/\/www.revistalogistec.com\/#\/schema\/person\/b25cced65507282f3fc6eb806b1db4f0"},"breadcrumb":{"@id":"https:\/\/www.revistalogistec.com\/index.php\/2021\/03\/29\/hoja-de-ruta-para-una-transformacion-digital-exitosa-3\/#breadcrumb"},"inLanguage":"es","potentialAction":[{"@type":"ReadAction","target":["https:\/\/www.revistalogistec.com\/index.php\/2021\/03\/29\/hoja-de-ruta-para-una-transformacion-digital-exitosa-3\/"]}]},{"@type":"ImageObject","inLanguage":"es","@id":"https:\/\/www.revistalogistec.com\/index.php\/2021\/03\/29\/hoja-de-ruta-para-una-transformacion-digital-exitosa-3\/#primaryimage","url":"https:\/\/www.revistalogistec.com\/wp-content\/uploads\/2021\/03\/Marcelo-Blechman.gif","contentUrl":"https:\/\/www.revistalogistec.com\/wp-content\/uploads\/2021\/03\/Marcelo-Blechman.gif","width":850,"height":547},{"@type":"BreadcrumbList","@id":"https:\/\/www.revistalogistec.com\/index.php\/2021\/03\/29\/hoja-de-ruta-para-una-transformacion-digital-exitosa-3\/#breadcrumb","itemListElement":[{"@type":"ListItem","position":1,"name":"Portada","item":"https:\/\/www.revistalogistec.com\/"},{"@type":"ListItem","position":2,"name":"HOJA DE RUTA PARA UNA TRANSFORMACI\u00d3N DIGITAL EXITOSA"}]},{"@type":"WebSite","@id":"https:\/\/www.revistalogistec.com\/#website","url":"https:\/\/www.revistalogistec.com\/","name":"Revista Logistec","description":"","potentialAction":[{"@type":"SearchAction","target":{"@type":"EntryPoint","urlTemplate":"https:\/\/www.revistalogistec.com\/?s={search_term_string}"},"query-input":{"@type":"PropertyValueSpecification","valueRequired":true,"valueName":"search_term_string"}}],"inLanguage":"es"},{"@type":"Person","@id":"https:\/\/www.revistalogistec.com\/#\/schema\/person\/b25cced65507282f3fc6eb806b1db4f0","name":"admin","image":{"@type":"ImageObject","inLanguage":"es","@id":"https:\/\/secure.gravatar.com\/avatar\/94631f712dee24b50f2f12a7caf62df22b2c346945fcff655ce85b674bebf6fd?s=96&d=mm&r=g","url":"https:\/\/secure.gravatar.com\/avatar\/94631f712dee24b50f2f12a7caf62df22b2c346945fcff655ce85b674bebf6fd?s=96&d=mm&r=g","contentUrl":"https:\/\/secure.gravatar.com\/avatar\/94631f712dee24b50f2f12a7caf62df22b2c346945fcff655ce85b674bebf6fd?s=96&d=mm&r=g","caption":"admin"},"sameAs":["https:\/\/www.revistalogistec.com"],"url":"https:\/\/www.revistalogistec.com\/index.php\/author\/admin_revlog\/"}]}},"_links":{"self":[{"href":"https:\/\/www.revistalogistec.com\/index.php\/wp-json\/wp\/v2\/posts\/4631","targetHints":{"allow":["GET"]}}],"collection":[{"href":"https:\/\/www.revistalogistec.com\/index.php\/wp-json\/wp\/v2\/posts"}],"about":[{"href":"https:\/\/www.revistalogistec.com\/index.php\/wp-json\/wp\/v2\/types\/post"}],"author":[{"embeddable":true,"href":"https:\/\/www.revistalogistec.com\/index.php\/wp-json\/wp\/v2\/users\/1"}],"replies":[{"embeddable":true,"href":"https:\/\/www.revistalogistec.com\/index.php\/wp-json\/wp\/v2\/comments?post=4631"}],"version-history":[{"count":0,"href":"https:\/\/www.revistalogistec.com\/index.php\/wp-json\/wp\/v2\/posts\/4631\/revisions"}],"wp:featuredmedia":[{"embeddable":true,"href":"https:\/\/www.revistalogistec.com\/index.php\/wp-json\/wp\/v2\/media\/4622"}],"wp:attachment":[{"href":"https:\/\/www.revistalogistec.com\/index.php\/wp-json\/wp\/v2\/media?parent=4631"}],"wp:term":[{"taxonomy":"category","embeddable":true,"href":"https:\/\/www.revistalogistec.com\/index.php\/wp-json\/wp\/v2\/categories?post=4631"},{"taxonomy":"post_tag","embeddable":true,"href":"https:\/\/www.revistalogistec.com\/index.php\/wp-json\/wp\/v2\/tags?post=4631"}],"curies":[{"name":"wp","href":"https:\/\/api.w.org\/{rel}","templated":true}]}}