{"id":4684,"date":"2021-04-07T15:53:21","date_gmt":"2021-04-07T15:53:21","guid":{"rendered":"https:\/\/www.revistalogistec.com\/index.php\/2021\/04\/07\/atencion-emprendedores-fpd-y-corfo-impartiran-clases-gratuitas-para-micro-y-pequenas-empresas\/"},"modified":"2021-04-07T15:53:21","modified_gmt":"2021-04-07T15:53:21","slug":"atencion-emprendedores-fpd-y-corfo-impartiran-clases-gratuitas-para-micro-y-pequenas-empresas","status":"publish","type":"post","link":"https:\/\/www.revistalogistec.com\/index.php\/2021\/04\/07\/atencion-emprendedores-fpd-y-corfo-impartiran-clases-gratuitas-para-micro-y-pequenas-empresas\/","title":{"rendered":"\u00a1ATENCI\u00d3N EMPRENDEDORES! FPD Y CORFO IMPARTIR\u00c1N CLASES GRATUITAS PARA MICRO Y PEQUE\u00d1AS EMPRESAS"},"content":{"rendered":"<p style=\"text-align: justify;\">\u2022 Fundaci\u00f3n Pa\u00eds Digital, con el apoyo de Corfo, abrieron el Programa \u201cAcelera tu Negocio B2B\u201d que ofrecer\u00e1 cuatro nuevas MasterClass gratuitas entre abril y mayo con el objetivo de entregar herramientas a peque\u00f1os negocios que venden a otras empresas para acelerar sus ventas.<\/p>\n<p style=\"text-align: justify;\">El programa de formaci\u00f3n contempla, adem\u00e1s, mentor\u00edas especializadas para aquellos negocios afectados por la pandemia, en medio de los nuevos anuncios de mayores restricciones que podr\u00eda ser un nuevo golpe al negocio.<\/p>\n<p style=\"text-align: justify;\">Santiago, abril de 2021. Una oportunidad \u00fanica para impulsar las ventas de las micro y peque\u00f1as empresas que se han visto afectadas por la pandemia y que hoy se enfrentan nuevamente a restricciones de movilidad, es la que entrega Fundaci\u00f3n Pa\u00eds Digital (FDP), con el apoyo de Corfo, por medio de un programa que ofrece clases gratuitas a empresas B2B (Segmento B2B &#8211; Business to Business) del pa\u00eds. El objetivo es fomentar la adaptaci\u00f3n de tecnolog\u00edas digitales, incorporando buenas pr\u00e1cticas, metodolog\u00edas y herramientas, junto con estrategias de financiamiento.<\/p>\n<p style=\"text-align: justify;\">Se trata de un plan de formaci\u00f3n gratuito, que abordar\u00e1 diversas tem\u00e1ticas desde el autodiagn\u00f3stico del modelo de negocio, pasando por mejorar las habilidades de ventas, identificar maneras de escalabilidad de venta en pandemia (plataformas e-commerce, medios de pago y sistemas gesti\u00f3n financiera), mejores pr\u00e1cticas para la implementaci\u00f3n de su plan de ventas, entre otros.<\/p>\n<p style=\"text-align: justify;\">Las MasterClass ser\u00e1n transmitidas por el canal de Youtube de Pa\u00eds Digital TV. Este mes, las clases se llevar\u00e1n a cabo los d\u00edas 15 y 27 de abril, mientras que en mayo se realizar\u00e1n los d\u00edas 11 y 25 del mes. La primera clase se realiz\u00f3 el pasado 30 de marzo y est\u00e1 disponible en la plataforma. Las empresas tambi\u00e9n tienen la oportunidad de ser asesorados y acompa\u00f1ados por profesionales voluntarios de diversas compa\u00f1\u00edas socias de FPD en sesiones formato mentor\u00eda o taller. Los interesados deben postular a trav\u00e9s del sitio http:\/\/acelerab2b.paisdigital.org\/ y cumplir con los requisitos para ser seleccionados.<\/p>\n<p style=\"text-align: justify;\">Estos talleres se desarrollar\u00e1n en 11 sesiones, en un per\u00edodo de entre 6 a 8 meses, espacio en que las pymes seleccionadas podr\u00e1n hacer un diagn\u00f3stico de su negocio con un experto de alguno de los voluntarios de Banco de Chile, Movistar, Oracle o Transbank. Ellos ayudar\u00e1n a redise\u00f1ar y adaptar su modelo de negocio, aprender estrategias de venta, estrategias de digitalizaci\u00f3n y adecuaci\u00f3n de canales para reactivaci\u00f3n de ventas, adopci\u00f3n de nuevas herramientas digitales, estrategia de financiamiento, para finalmente elaborar un plan de trabajo.<\/p>\n<p style=\"text-align: justify;\">Marco Ter\u00e1n, director de Desarrollo Digital de Fundaci\u00f3n Pa\u00eds Digital, explica que el programa, \u201cAcelera tu Negocio B2B\u201d, es un proyecto que \u201cbusca un cambio en el trasfondo cultural de las pymes, a trav\u00e9s de los conocimientos t\u00e9cnicos que las grandes empresas, por medio de sus mentores, les puedan entregar. Es una propuesta que no exist\u00eda y creemos que es necesario apoyar a las pymes con herramientas que les permitan crecer y desarrollarse. Contar con mentores de grandes empresas como Banco de Chile, Movistar, Oracle y Transbank es una oportunidad que las pymes no deben desaprovechar\u201d.<\/p>\n<p style=\"text-align: justify;\">Conoce el calendario de las master class y c\u00f3mo postular a mentor\u00edas<br \/>Las MasterClass ser\u00e1n transmitidas por el canal de Youtube de Pa\u00eds Digital TV, bajo el siguiente calendario:<\/p>\n<p style=\"text-align: justify;\">\u2022 15 de abril de 2021 a las 10:00 am<\/p>\n<p style=\"text-align: justify;\">Tema: \u00bfEstoy vendiendo o me est\u00e1n comprando? El mundo de las ventas bajo un modelo B2B<br \/>Relator: Ignacio Godoy, Customer Innovation Leader en Oracle Chile<br \/>Descripci\u00f3n: Esta sesi\u00f3n tiene como objetivo entender a qu\u00e9 nos referimos cuando hablamos de ventas B2B y cu\u00e1les son algunas de sus particularidades a tener en cuenta. Se revisar\u00e1 tambi\u00e9n c\u00f3mo se vive este proceso tanto desde el lado del cliente como de qui\u00e9n est\u00e1 vendiendo, y se descubrir\u00e1n algunas t\u00e1cticas que ayudar\u00e1n a sacarle el mejor provecho y aumentar las posibilidades de \u00e9xito.<\/p>\n<p style=\"text-align: justify;\">\u2022 27 abril 2021 a las 10:00 am <\/p>\n<p style=\"text-align: justify;\">Tema: C\u00f3mo lograr escalabilidad en tu negocio<br \/>Relator: Woldemar Lecaros, Gerente Desarrollo de Productos en Transbank<br \/>Descripci\u00f3n: Esta masterclass est\u00e1 dedicada a aprender la importancia de contar con econom\u00edas colaborativas para lograr la escalabilidad de tu negocio.<\/p>\n<p style=\"text-align: justify;\">\u2022 11 mayo de 2021 a las 10:00 am<\/p>\n<p style=\"text-align: justify;\">Tema: Adopci\u00f3n de herramientas digitales.<br \/>Relator: Abi Boragine, Head of Business Development, Wayra Hispam<br \/>Descripci\u00f3n: Exposici\u00f3n demostrativa con herramientas digitales para comunicaci\u00f3n, colaboraci\u00f3n equipos, gesti\u00f3n de ventas y contactabilidad, otros. Customer Service, CRM, portales e-commerce\/CMS ser\u00e1n mostradas. Se abordar\u00e1 la importancia que es digitalizarse y c\u00f3mo se puede abordar este proceso en forma paulatina, apoyado por herramientas que ofrece el amplio mundo digital.<\/p>\n<p style=\"text-align: justify;\">\u2022 25 mayo de 2021 a las 10:00 am<\/p>\n<p style=\"text-align: justify;\">Tema: Estrategias de financiamiento eficiente para Pymes<br \/>Relator: Winnie Darlic, Subgerente de Producto y Segmento Pyme en Banco de Chile<br \/>Descripci\u00f3n: Se revisar\u00e1 cu\u00e1les son los productos financieros m\u00e1s id\u00f3neos para pymes seg\u00fan su destino y plazos. Explicando las ventajas de financiar con Garant\u00edas Estatales, adem\u00e1s de presentar el nuevo producto Fogape Reactivaci\u00f3n. Se abordar\u00e1n los principales tips a la hora de solicitar financiamiento.<\/p>\n<p style=\"text-align: justify;\">En tanto, los negocios que est\u00e9n interesadas en acceder a mentor\u00edas deben postular y cumplir los siguientes requisitos: <\/p>\n<p style=\"text-align: justify;\">\u2022 Tener un negocio B2B que le venda a al menos a 10 clientes empresas.<br \/> \u2022 Idealmente haber tenido un modelo de negocio estable previo a la pandemia y luego sufrido una ca\u00edda en ventas de al menos en 30%.<br \/> \u2022 Compromiso a participar en 11 sesiones de mentoreo y asistir a 5 Master Class online, adem\u00e1s de estudiar el material educativo a entregar. Importante es el compromiso a participar y trabajar en un plan de trabajo final, luego de las sesiones.<\/p>\n","protected":false},"excerpt":{"rendered":"<p style=\"text-align: justify;\">\u2022 Fundaci\u00f3n Pa\u00eds Digital, con el apoyo de Corfo, abrieron el Programa \u201cAcelera tu Negocio B2B\u201d que ofrecer\u00e1 cuatro nuevas MasterClass gratuitas entre abril y mayo con el objetivo de entregar herramientas a peque\u00f1os negocios que venden a otras empresas para acelerar sus ventas.<\/p>\n","protected":false},"author":1,"featured_media":4681,"comment_status":"open","ping_status":"open","sticky":false,"template":"","format":"standard","meta":{"_acf_changed":false,"jnews-multi-image_gallery":[],"jnews_single_post":[],"jnews_primary_category":[],"jnews_social_meta":[],"jnews_override_counter":[],"footnotes":""},"categories":[12],"tags":[],"class_list":["post-4684","post","type-post","status-publish","format-standard","has-post-thumbnail","hentry","category-noticias-industria"],"acf":[],"yoast_head":"<!-- This site is optimized with the Yoast SEO plugin v27.2 - https:\/\/yoast.com\/product\/yoast-seo-wordpress\/ -->\n<title>\u00a1ATENCI\u00d3N EMPRENDEDORES! FPD Y CORFO IMPARTIR\u00c1N CLASES GRATUITAS PARA MICRO Y PEQUE\u00d1AS EMPRESAS - Revista Logistec<\/title>\n<meta name=\"robots\" content=\"index, follow, max-snippet:-1, max-image-preview:large, max-video-preview:-1\" \/>\n<link rel=\"canonical\" href=\"https:\/\/www.revistalogistec.com\/index.php\/2021\/04\/07\/atencion-emprendedores-fpd-y-corfo-impartiran-clases-gratuitas-para-micro-y-pequenas-empresas\/\" \/>\n<meta property=\"og:locale\" content=\"es_ES\" \/>\n<meta property=\"og:type\" content=\"article\" \/>\n<meta property=\"og:title\" content=\"\u00a1ATENCI\u00d3N EMPRENDEDORES! FPD Y CORFO IMPARTIR\u00c1N CLASES GRATUITAS PARA MICRO Y PEQUE\u00d1AS EMPRESAS - Revista Logistec\" \/>\n<meta property=\"og:description\" content=\"\u2022 Fundaci\u00f3n Pa\u00eds Digital, con el apoyo de Corfo, abrieron el Programa \u201cAcelera tu Negocio B2B\u201d que ofrecer\u00e1 cuatro nuevas MasterClass gratuitas entre abril y mayo con el objetivo de entregar herramientas a peque\u00f1os negocios que venden a otras empresas para acelerar sus ventas.\" \/>\n<meta property=\"og:url\" content=\"https:\/\/www.revistalogistec.com\/index.php\/2021\/04\/07\/atencion-emprendedores-fpd-y-corfo-impartiran-clases-gratuitas-para-micro-y-pequenas-empresas\/\" \/>\n<meta property=\"og:site_name\" content=\"Revista Logistec\" \/>\n<meta property=\"article:published_time\" content=\"2021-04-07T15:53:21+00:00\" \/>\n<meta property=\"og:image\" content=\"https:\/\/www.revistalogistec.com\/wp-content\/uploads\/2021\/04\/FPD-ProgramaB2B.png\" \/>\n\t<meta property=\"og:image:width\" content=\"850\" \/>\n\t<meta property=\"og:image:height\" content=\"502\" \/>\n\t<meta property=\"og:image:type\" content=\"image\/png\" \/>\n<meta name=\"author\" content=\"admin\" \/>\n<meta name=\"twitter:card\" content=\"summary_large_image\" \/>\n<meta name=\"twitter:label1\" content=\"Escrito por\" \/>\n\t<meta name=\"twitter:data1\" content=\"admin\" \/>\n\t<meta name=\"twitter:label2\" content=\"Tiempo de lectura\" \/>\n\t<meta name=\"twitter:data2\" content=\"5 minutos\" \/>\n<script type=\"application\/ld+json\" class=\"yoast-schema-graph\">{\"@context\":\"https:\/\/schema.org\",\"@graph\":[{\"@type\":\"Article\",\"@id\":\"https:\/\/www.revistalogistec.com\/index.php\/2021\/04\/07\/atencion-emprendedores-fpd-y-corfo-impartiran-clases-gratuitas-para-micro-y-pequenas-empresas\/#article\",\"isPartOf\":{\"@id\":\"https:\/\/www.revistalogistec.com\/index.php\/2021\/04\/07\/atencion-emprendedores-fpd-y-corfo-impartiran-clases-gratuitas-para-micro-y-pequenas-empresas\/\"},\"author\":{\"name\":\"admin\",\"@id\":\"https:\/\/www.revistalogistec.com\/#\/schema\/person\/b25cced65507282f3fc6eb806b1db4f0\"},\"headline\":\"\u00a1ATENCI\u00d3N EMPRENDEDORES! FPD Y CORFO IMPARTIR\u00c1N CLASES GRATUITAS PARA MICRO Y PEQUE\u00d1AS EMPRESAS\",\"datePublished\":\"2021-04-07T15:53:21+00:00\",\"mainEntityOfPage\":{\"@id\":\"https:\/\/www.revistalogistec.com\/index.php\/2021\/04\/07\/atencion-emprendedores-fpd-y-corfo-impartiran-clases-gratuitas-para-micro-y-pequenas-empresas\/\"},\"wordCount\":991,\"commentCount\":0,\"image\":{\"@id\":\"https:\/\/www.revistalogistec.com\/index.php\/2021\/04\/07\/atencion-emprendedores-fpd-y-corfo-impartiran-clases-gratuitas-para-micro-y-pequenas-empresas\/#primaryimage\"},\"thumbnailUrl\":\"https:\/\/www.revistalogistec.com\/wp-content\/uploads\/2021\/04\/FPD-ProgramaB2B.png\",\"articleSection\":[\"NOTICIAS INDUSTRIA\"],\"inLanguage\":\"es\"},{\"@type\":\"WebPage\",\"@id\":\"https:\/\/www.revistalogistec.com\/index.php\/2021\/04\/07\/atencion-emprendedores-fpd-y-corfo-impartiran-clases-gratuitas-para-micro-y-pequenas-empresas\/\",\"url\":\"https:\/\/www.revistalogistec.com\/index.php\/2021\/04\/07\/atencion-emprendedores-fpd-y-corfo-impartiran-clases-gratuitas-para-micro-y-pequenas-empresas\/\",\"name\":\"\u00a1ATENCI\u00d3N EMPRENDEDORES! FPD Y CORFO IMPARTIR\u00c1N CLASES GRATUITAS PARA MICRO Y PEQUE\u00d1AS EMPRESAS - Revista Logistec\",\"isPartOf\":{\"@id\":\"https:\/\/www.revistalogistec.com\/#website\"},\"primaryImageOfPage\":{\"@id\":\"https:\/\/www.revistalogistec.com\/index.php\/2021\/04\/07\/atencion-emprendedores-fpd-y-corfo-impartiran-clases-gratuitas-para-micro-y-pequenas-empresas\/#primaryimage\"},\"image\":{\"@id\":\"https:\/\/www.revistalogistec.com\/index.php\/2021\/04\/07\/atencion-emprendedores-fpd-y-corfo-impartiran-clases-gratuitas-para-micro-y-pequenas-empresas\/#primaryimage\"},\"thumbnailUrl\":\"https:\/\/www.revistalogistec.com\/wp-content\/uploads\/2021\/04\/FPD-ProgramaB2B.png\",\"datePublished\":\"2021-04-07T15:53:21+00:00\",\"author\":{\"@id\":\"https:\/\/www.revistalogistec.com\/#\/schema\/person\/b25cced65507282f3fc6eb806b1db4f0\"},\"breadcrumb\":{\"@id\":\"https:\/\/www.revistalogistec.com\/index.php\/2021\/04\/07\/atencion-emprendedores-fpd-y-corfo-impartiran-clases-gratuitas-para-micro-y-pequenas-empresas\/#breadcrumb\"},\"inLanguage\":\"es\",\"potentialAction\":[{\"@type\":\"ReadAction\",\"target\":[\"https:\/\/www.revistalogistec.com\/index.php\/2021\/04\/07\/atencion-emprendedores-fpd-y-corfo-impartiran-clases-gratuitas-para-micro-y-pequenas-empresas\/\"]}]},{\"@type\":\"ImageObject\",\"inLanguage\":\"es\",\"@id\":\"https:\/\/www.revistalogistec.com\/index.php\/2021\/04\/07\/atencion-emprendedores-fpd-y-corfo-impartiran-clases-gratuitas-para-micro-y-pequenas-empresas\/#primaryimage\",\"url\":\"https:\/\/www.revistalogistec.com\/wp-content\/uploads\/2021\/04\/FPD-ProgramaB2B.png\",\"contentUrl\":\"https:\/\/www.revistalogistec.com\/wp-content\/uploads\/2021\/04\/FPD-ProgramaB2B.png\",\"width\":850,\"height\":502},{\"@type\":\"BreadcrumbList\",\"@id\":\"https:\/\/www.revistalogistec.com\/index.php\/2021\/04\/07\/atencion-emprendedores-fpd-y-corfo-impartiran-clases-gratuitas-para-micro-y-pequenas-empresas\/#breadcrumb\",\"itemListElement\":[{\"@type\":\"ListItem\",\"position\":1,\"name\":\"Portada\",\"item\":\"https:\/\/www.revistalogistec.com\/\"},{\"@type\":\"ListItem\",\"position\":2,\"name\":\"\u00a1ATENCI\u00d3N EMPRENDEDORES! FPD Y CORFO IMPARTIR\u00c1N CLASES GRATUITAS PARA MICRO Y PEQUE\u00d1AS EMPRESAS\"}]},{\"@type\":\"WebSite\",\"@id\":\"https:\/\/www.revistalogistec.com\/#website\",\"url\":\"https:\/\/www.revistalogistec.com\/\",\"name\":\"Revista Logistec\",\"description\":\"\",\"potentialAction\":[{\"@type\":\"SearchAction\",\"target\":{\"@type\":\"EntryPoint\",\"urlTemplate\":\"https:\/\/www.revistalogistec.com\/?s={search_term_string}\"},\"query-input\":{\"@type\":\"PropertyValueSpecification\",\"valueRequired\":true,\"valueName\":\"search_term_string\"}}],\"inLanguage\":\"es\"},{\"@type\":\"Person\",\"@id\":\"https:\/\/www.revistalogistec.com\/#\/schema\/person\/b25cced65507282f3fc6eb806b1db4f0\",\"name\":\"admin\",\"image\":{\"@type\":\"ImageObject\",\"inLanguage\":\"es\",\"@id\":\"https:\/\/secure.gravatar.com\/avatar\/94631f712dee24b50f2f12a7caf62df22b2c346945fcff655ce85b674bebf6fd?s=96&d=mm&r=g\",\"url\":\"https:\/\/secure.gravatar.com\/avatar\/94631f712dee24b50f2f12a7caf62df22b2c346945fcff655ce85b674bebf6fd?s=96&d=mm&r=g\",\"contentUrl\":\"https:\/\/secure.gravatar.com\/avatar\/94631f712dee24b50f2f12a7caf62df22b2c346945fcff655ce85b674bebf6fd?s=96&d=mm&r=g\",\"caption\":\"admin\"},\"sameAs\":[\"https:\/\/www.revistalogistec.com\"],\"url\":\"https:\/\/www.revistalogistec.com\/index.php\/author\/admin_revlog\/\"}]}<\/script>\n<!-- \/ Yoast SEO plugin. -->","yoast_head_json":{"title":"\u00a1ATENCI\u00d3N EMPRENDEDORES! FPD Y CORFO IMPARTIR\u00c1N CLASES GRATUITAS PARA MICRO Y PEQUE\u00d1AS EMPRESAS - Revista Logistec","robots":{"index":"index","follow":"follow","max-snippet":"max-snippet:-1","max-image-preview":"max-image-preview:large","max-video-preview":"max-video-preview:-1"},"canonical":"https:\/\/www.revistalogistec.com\/index.php\/2021\/04\/07\/atencion-emprendedores-fpd-y-corfo-impartiran-clases-gratuitas-para-micro-y-pequenas-empresas\/","og_locale":"es_ES","og_type":"article","og_title":"\u00a1ATENCI\u00d3N EMPRENDEDORES! FPD Y CORFO IMPARTIR\u00c1N CLASES GRATUITAS PARA MICRO Y PEQUE\u00d1AS EMPRESAS - Revista Logistec","og_description":"\u2022 Fundaci\u00f3n Pa\u00eds Digital, con el apoyo de Corfo, abrieron el Programa \u201cAcelera tu Negocio B2B\u201d que ofrecer\u00e1 cuatro nuevas MasterClass gratuitas entre abril y mayo con el objetivo de entregar herramientas a peque\u00f1os negocios que venden a otras empresas para acelerar sus ventas.","og_url":"https:\/\/www.revistalogistec.com\/index.php\/2021\/04\/07\/atencion-emprendedores-fpd-y-corfo-impartiran-clases-gratuitas-para-micro-y-pequenas-empresas\/","og_site_name":"Revista Logistec","article_published_time":"2021-04-07T15:53:21+00:00","og_image":[{"width":850,"height":502,"url":"https:\/\/www.revistalogistec.com\/wp-content\/uploads\/2021\/04\/FPD-ProgramaB2B.png","type":"image\/png"}],"author":"admin","twitter_card":"summary_large_image","twitter_misc":{"Escrito por":"admin","Tiempo de lectura":"5 minutos"},"schema":{"@context":"https:\/\/schema.org","@graph":[{"@type":"Article","@id":"https:\/\/www.revistalogistec.com\/index.php\/2021\/04\/07\/atencion-emprendedores-fpd-y-corfo-impartiran-clases-gratuitas-para-micro-y-pequenas-empresas\/#article","isPartOf":{"@id":"https:\/\/www.revistalogistec.com\/index.php\/2021\/04\/07\/atencion-emprendedores-fpd-y-corfo-impartiran-clases-gratuitas-para-micro-y-pequenas-empresas\/"},"author":{"name":"admin","@id":"https:\/\/www.revistalogistec.com\/#\/schema\/person\/b25cced65507282f3fc6eb806b1db4f0"},"headline":"\u00a1ATENCI\u00d3N EMPRENDEDORES! FPD Y CORFO IMPARTIR\u00c1N CLASES GRATUITAS PARA MICRO Y PEQUE\u00d1AS EMPRESAS","datePublished":"2021-04-07T15:53:21+00:00","mainEntityOfPage":{"@id":"https:\/\/www.revistalogistec.com\/index.php\/2021\/04\/07\/atencion-emprendedores-fpd-y-corfo-impartiran-clases-gratuitas-para-micro-y-pequenas-empresas\/"},"wordCount":991,"commentCount":0,"image":{"@id":"https:\/\/www.revistalogistec.com\/index.php\/2021\/04\/07\/atencion-emprendedores-fpd-y-corfo-impartiran-clases-gratuitas-para-micro-y-pequenas-empresas\/#primaryimage"},"thumbnailUrl":"https:\/\/www.revistalogistec.com\/wp-content\/uploads\/2021\/04\/FPD-ProgramaB2B.png","articleSection":["NOTICIAS INDUSTRIA"],"inLanguage":"es"},{"@type":"WebPage","@id":"https:\/\/www.revistalogistec.com\/index.php\/2021\/04\/07\/atencion-emprendedores-fpd-y-corfo-impartiran-clases-gratuitas-para-micro-y-pequenas-empresas\/","url":"https:\/\/www.revistalogistec.com\/index.php\/2021\/04\/07\/atencion-emprendedores-fpd-y-corfo-impartiran-clases-gratuitas-para-micro-y-pequenas-empresas\/","name":"\u00a1ATENCI\u00d3N EMPRENDEDORES! FPD Y CORFO IMPARTIR\u00c1N CLASES GRATUITAS PARA MICRO Y PEQUE\u00d1AS EMPRESAS - Revista Logistec","isPartOf":{"@id":"https:\/\/www.revistalogistec.com\/#website"},"primaryImageOfPage":{"@id":"https:\/\/www.revistalogistec.com\/index.php\/2021\/04\/07\/atencion-emprendedores-fpd-y-corfo-impartiran-clases-gratuitas-para-micro-y-pequenas-empresas\/#primaryimage"},"image":{"@id":"https:\/\/www.revistalogistec.com\/index.php\/2021\/04\/07\/atencion-emprendedores-fpd-y-corfo-impartiran-clases-gratuitas-para-micro-y-pequenas-empresas\/#primaryimage"},"thumbnailUrl":"https:\/\/www.revistalogistec.com\/wp-content\/uploads\/2021\/04\/FPD-ProgramaB2B.png","datePublished":"2021-04-07T15:53:21+00:00","author":{"@id":"https:\/\/www.revistalogistec.com\/#\/schema\/person\/b25cced65507282f3fc6eb806b1db4f0"},"breadcrumb":{"@id":"https:\/\/www.revistalogistec.com\/index.php\/2021\/04\/07\/atencion-emprendedores-fpd-y-corfo-impartiran-clases-gratuitas-para-micro-y-pequenas-empresas\/#breadcrumb"},"inLanguage":"es","potentialAction":[{"@type":"ReadAction","target":["https:\/\/www.revistalogistec.com\/index.php\/2021\/04\/07\/atencion-emprendedores-fpd-y-corfo-impartiran-clases-gratuitas-para-micro-y-pequenas-empresas\/"]}]},{"@type":"ImageObject","inLanguage":"es","@id":"https:\/\/www.revistalogistec.com\/index.php\/2021\/04\/07\/atencion-emprendedores-fpd-y-corfo-impartiran-clases-gratuitas-para-micro-y-pequenas-empresas\/#primaryimage","url":"https:\/\/www.revistalogistec.com\/wp-content\/uploads\/2021\/04\/FPD-ProgramaB2B.png","contentUrl":"https:\/\/www.revistalogistec.com\/wp-content\/uploads\/2021\/04\/FPD-ProgramaB2B.png","width":850,"height":502},{"@type":"BreadcrumbList","@id":"https:\/\/www.revistalogistec.com\/index.php\/2021\/04\/07\/atencion-emprendedores-fpd-y-corfo-impartiran-clases-gratuitas-para-micro-y-pequenas-empresas\/#breadcrumb","itemListElement":[{"@type":"ListItem","position":1,"name":"Portada","item":"https:\/\/www.revistalogistec.com\/"},{"@type":"ListItem","position":2,"name":"\u00a1ATENCI\u00d3N EMPRENDEDORES! FPD Y CORFO IMPARTIR\u00c1N CLASES GRATUITAS PARA MICRO Y PEQUE\u00d1AS EMPRESAS"}]},{"@type":"WebSite","@id":"https:\/\/www.revistalogistec.com\/#website","url":"https:\/\/www.revistalogistec.com\/","name":"Revista Logistec","description":"","potentialAction":[{"@type":"SearchAction","target":{"@type":"EntryPoint","urlTemplate":"https:\/\/www.revistalogistec.com\/?s={search_term_string}"},"query-input":{"@type":"PropertyValueSpecification","valueRequired":true,"valueName":"search_term_string"}}],"inLanguage":"es"},{"@type":"Person","@id":"https:\/\/www.revistalogistec.com\/#\/schema\/person\/b25cced65507282f3fc6eb806b1db4f0","name":"admin","image":{"@type":"ImageObject","inLanguage":"es","@id":"https:\/\/secure.gravatar.com\/avatar\/94631f712dee24b50f2f12a7caf62df22b2c346945fcff655ce85b674bebf6fd?s=96&d=mm&r=g","url":"https:\/\/secure.gravatar.com\/avatar\/94631f712dee24b50f2f12a7caf62df22b2c346945fcff655ce85b674bebf6fd?s=96&d=mm&r=g","contentUrl":"https:\/\/secure.gravatar.com\/avatar\/94631f712dee24b50f2f12a7caf62df22b2c346945fcff655ce85b674bebf6fd?s=96&d=mm&r=g","caption":"admin"},"sameAs":["https:\/\/www.revistalogistec.com"],"url":"https:\/\/www.revistalogistec.com\/index.php\/author\/admin_revlog\/"}]}},"_links":{"self":[{"href":"https:\/\/www.revistalogistec.com\/index.php\/wp-json\/wp\/v2\/posts\/4684","targetHints":{"allow":["GET"]}}],"collection":[{"href":"https:\/\/www.revistalogistec.com\/index.php\/wp-json\/wp\/v2\/posts"}],"about":[{"href":"https:\/\/www.revistalogistec.com\/index.php\/wp-json\/wp\/v2\/types\/post"}],"author":[{"embeddable":true,"href":"https:\/\/www.revistalogistec.com\/index.php\/wp-json\/wp\/v2\/users\/1"}],"replies":[{"embeddable":true,"href":"https:\/\/www.revistalogistec.com\/index.php\/wp-json\/wp\/v2\/comments?post=4684"}],"version-history":[{"count":0,"href":"https:\/\/www.revistalogistec.com\/index.php\/wp-json\/wp\/v2\/posts\/4684\/revisions"}],"wp:featuredmedia":[{"embeddable":true,"href":"https:\/\/www.revistalogistec.com\/index.php\/wp-json\/wp\/v2\/media\/4681"}],"wp:attachment":[{"href":"https:\/\/www.revistalogistec.com\/index.php\/wp-json\/wp\/v2\/media?parent=4684"}],"wp:term":[{"taxonomy":"category","embeddable":true,"href":"https:\/\/www.revistalogistec.com\/index.php\/wp-json\/wp\/v2\/categories?post=4684"},{"taxonomy":"post_tag","embeddable":true,"href":"https:\/\/www.revistalogistec.com\/index.php\/wp-json\/wp\/v2\/tags?post=4684"}],"curies":[{"name":"wp","href":"https:\/\/api.w.org\/{rel}","templated":true}]}}