{"id":4689,"date":"2021-04-07T15:57:52","date_gmt":"2021-04-07T15:57:52","guid":{"rendered":"https:\/\/www.revistalogistec.com\/index.php\/2021\/04\/07\/itau-y-rappi-firman-alianza-que-traera-una-mayor-inclusion-financiera-a-chile\/"},"modified":"2021-04-07T15:57:52","modified_gmt":"2021-04-07T15:57:52","slug":"itau-y-rappi-firman-alianza-que-traera-una-mayor-inclusion-financiera-a-chile","status":"publish","type":"post","link":"https:\/\/www.revistalogistec.com\/index.php\/2021\/04\/07\/itau-y-rappi-firman-alianza-que-traera-una-mayor-inclusion-financiera-a-chile\/","title":{"rendered":"ITA\u00da Y RAPPI FIRMAN ALIANZA QUE TRAER\u00c1 UNA MAYOR INCLUSI\u00d3N FINANCIERA A CHILE"},"content":{"rendered":"<p>Esta iniciativa, pionera en el pa\u00eds, permitir\u00e1 ampliar el acceso financiero de m\u00e1s personas a soluciones digitales con el respaldo y experiencia de Ita\u00fa y Rappi.<\/p>\n<p>Revolucionar el mercado local con productos digitales simples e innovadores, \u00fanicos en la industria nacional, es la apuesta conjunta de Ita\u00fa y Rappi, entidades que sellaron una alianza estrat\u00e9gica que permitir\u00e1 a m\u00e1s personas acceder a nuevas soluciones financieras de manera \u00e1gil y digital.<\/p>\n<p>Con esta iniciativa, Ita\u00fa y Rappi buscan democratizar los servicios financieros, promover una mayor inclusi\u00f3n y propiciar la digitalizaci\u00f3n en forma simple, r\u00e1pida y que traiga amplios beneficios para los usuarios. <\/p>\n<p>\u201cEn Ita\u00fa queremos estar donde nuestros clientes nos necesiten y nos mueve ofrecerles nuevas plataformas, simples, \u00fatiles y cercanas, que permitan hacer m\u00e1s f\u00e1cil su d\u00eda a d\u00eda, acompa\u00f1\u00e1ndolos en sus necesidades financieras. Tanto Ita\u00fa como Rappi somos reconocidos players digitales, y esta alianza nos permitir\u00e1 acercarnos a m\u00e1s personas\u201d, destac\u00f3 el CEO de Ita\u00fa, Gabriel Moura.<\/p>\n<p>\u201cEsta alianza es un gran paso hacia una transformaci\u00f3n del mundo financiero, a trav\u00e9s del trabajo colaborativo entre dos compa\u00f1\u00edas expertas en lo que hacen y que tienen el foco puesto en la digitalizaci\u00f3n de los procesos y servicios. La innovaci\u00f3n es parte de nuestro ADN emprendedor y junto con Ita\u00fa ahora tambi\u00e9n ofreceremos soluciones financieras\u201d, afirm\u00f3 Isaac Ca\u00f1as, gerente General de Rappi Chile. <\/p>\n<p>Seg\u00fan manifestaron en Ita\u00fa y Rappi, se espera que durante el tercer trimestre de este a\u00f1o est\u00e9 disponible la nueva oferta de productos y servicios financieros digitales, a trav\u00e9s de este nuevo modelo de negocios fruto de esta alianza.<\/p>\n","protected":false},"excerpt":{"rendered":"<p>Esta iniciativa, pionera en el pa\u00eds, permitir\u00e1 ampliar el acceso financiero de m\u00e1s personas a soluciones digitales con el respaldo y experiencia de Ita\u00fa y Rappi.<\/p>\n","protected":false},"author":1,"featured_media":4687,"comment_status":"open","ping_status":"open","sticky":false,"template":"","format":"standard","meta":{"_acf_changed":false,"jnews-multi-image_gallery":[],"jnews_single_post":[],"jnews_primary_category":[],"jnews_social_meta":[],"jnews_override_counter":[],"footnotes":""},"categories":[12],"tags":[],"class_list":["post-4689","post","type-post","status-publish","format-standard","has-post-thumbnail","hentry","category-noticias-industria"],"acf":[],"yoast_head":"<!-- This site is optimized with the Yoast SEO plugin v27.2 - https:\/\/yoast.com\/product\/yoast-seo-wordpress\/ -->\n<title>ITA\u00da Y RAPPI FIRMAN ALIANZA QUE TRAER\u00c1 UNA MAYOR INCLUSI\u00d3N FINANCIERA A CHILE - Revista Logistec<\/title>\n<meta name=\"robots\" content=\"index, follow, max-snippet:-1, max-image-preview:large, max-video-preview:-1\" \/>\n<link rel=\"canonical\" href=\"https:\/\/www.revistalogistec.com\/index.php\/2021\/04\/07\/itau-y-rappi-firman-alianza-que-traera-una-mayor-inclusion-financiera-a-chile\/\" \/>\n<meta property=\"og:locale\" content=\"es_ES\" \/>\n<meta property=\"og:type\" content=\"article\" \/>\n<meta property=\"og:title\" content=\"ITA\u00da Y RAPPI FIRMAN ALIANZA QUE TRAER\u00c1 UNA MAYOR INCLUSI\u00d3N FINANCIERA A CHILE - Revista Logistec\" \/>\n<meta property=\"og:description\" content=\"Esta iniciativa, pionera en el pa\u00eds, permitir\u00e1 ampliar el acceso financiero de m\u00e1s personas a soluciones digitales con el respaldo y experiencia de Ita\u00fa y Rappi.\" \/>\n<meta property=\"og:url\" content=\"https:\/\/www.revistalogistec.com\/index.php\/2021\/04\/07\/itau-y-rappi-firman-alianza-que-traera-una-mayor-inclusion-financiera-a-chile\/\" \/>\n<meta property=\"og:site_name\" content=\"Revista Logistec\" \/>\n<meta property=\"article:published_time\" content=\"2021-04-07T15:57:52+00:00\" \/>\n<meta property=\"og:image\" content=\"https:\/\/www.revistalogistec.com\/wp-content\/uploads\/2021\/04\/Rappi.png\" \/>\n\t<meta property=\"og:image:width\" content=\"850\" \/>\n\t<meta property=\"og:image:height\" content=\"639\" \/>\n\t<meta property=\"og:image:type\" content=\"image\/png\" \/>\n<meta name=\"author\" content=\"admin\" \/>\n<meta name=\"twitter:card\" content=\"summary_large_image\" \/>\n<meta name=\"twitter:label1\" content=\"Escrito por\" \/>\n\t<meta name=\"twitter:data1\" content=\"admin\" \/>\n\t<meta name=\"twitter:label2\" content=\"Tiempo de lectura\" \/>\n\t<meta name=\"twitter:data2\" content=\"1 minuto\" \/>\n<script type=\"application\/ld+json\" class=\"yoast-schema-graph\">{\"@context\":\"https:\/\/schema.org\",\"@graph\":[{\"@type\":\"Article\",\"@id\":\"https:\/\/www.revistalogistec.com\/index.php\/2021\/04\/07\/itau-y-rappi-firman-alianza-que-traera-una-mayor-inclusion-financiera-a-chile\/#article\",\"isPartOf\":{\"@id\":\"https:\/\/www.revistalogistec.com\/index.php\/2021\/04\/07\/itau-y-rappi-firman-alianza-que-traera-una-mayor-inclusion-financiera-a-chile\/\"},\"author\":{\"name\":\"admin\",\"@id\":\"https:\/\/www.revistalogistec.com\/#\/schema\/person\/b25cced65507282f3fc6eb806b1db4f0\"},\"headline\":\"ITA\u00da Y RAPPI FIRMAN ALIANZA QUE TRAER\u00c1 UNA MAYOR INCLUSI\u00d3N FINANCIERA A CHILE\",\"datePublished\":\"2021-04-07T15:57:52+00:00\",\"mainEntityOfPage\":{\"@id\":\"https:\/\/www.revistalogistec.com\/index.php\/2021\/04\/07\/itau-y-rappi-firman-alianza-que-traera-una-mayor-inclusion-financiera-a-chile\/\"},\"wordCount\":298,\"commentCount\":0,\"image\":{\"@id\":\"https:\/\/www.revistalogistec.com\/index.php\/2021\/04\/07\/itau-y-rappi-firman-alianza-que-traera-una-mayor-inclusion-financiera-a-chile\/#primaryimage\"},\"thumbnailUrl\":\"https:\/\/www.revistalogistec.com\/wp-content\/uploads\/2021\/04\/Rappi.png\",\"articleSection\":[\"NOTICIAS INDUSTRIA\"],\"inLanguage\":\"es\"},{\"@type\":\"WebPage\",\"@id\":\"https:\/\/www.revistalogistec.com\/index.php\/2021\/04\/07\/itau-y-rappi-firman-alianza-que-traera-una-mayor-inclusion-financiera-a-chile\/\",\"url\":\"https:\/\/www.revistalogistec.com\/index.php\/2021\/04\/07\/itau-y-rappi-firman-alianza-que-traera-una-mayor-inclusion-financiera-a-chile\/\",\"name\":\"ITA\u00da Y RAPPI FIRMAN ALIANZA QUE TRAER\u00c1 UNA MAYOR INCLUSI\u00d3N FINANCIERA A CHILE - Revista Logistec\",\"isPartOf\":{\"@id\":\"https:\/\/www.revistalogistec.com\/#website\"},\"primaryImageOfPage\":{\"@id\":\"https:\/\/www.revistalogistec.com\/index.php\/2021\/04\/07\/itau-y-rappi-firman-alianza-que-traera-una-mayor-inclusion-financiera-a-chile\/#primaryimage\"},\"image\":{\"@id\":\"https:\/\/www.revistalogistec.com\/index.php\/2021\/04\/07\/itau-y-rappi-firman-alianza-que-traera-una-mayor-inclusion-financiera-a-chile\/#primaryimage\"},\"thumbnailUrl\":\"https:\/\/www.revistalogistec.com\/wp-content\/uploads\/2021\/04\/Rappi.png\",\"datePublished\":\"2021-04-07T15:57:52+00:00\",\"author\":{\"@id\":\"https:\/\/www.revistalogistec.com\/#\/schema\/person\/b25cced65507282f3fc6eb806b1db4f0\"},\"breadcrumb\":{\"@id\":\"https:\/\/www.revistalogistec.com\/index.php\/2021\/04\/07\/itau-y-rappi-firman-alianza-que-traera-una-mayor-inclusion-financiera-a-chile\/#breadcrumb\"},\"inLanguage\":\"es\",\"potentialAction\":[{\"@type\":\"ReadAction\",\"target\":[\"https:\/\/www.revistalogistec.com\/index.php\/2021\/04\/07\/itau-y-rappi-firman-alianza-que-traera-una-mayor-inclusion-financiera-a-chile\/\"]}]},{\"@type\":\"ImageObject\",\"inLanguage\":\"es\",\"@id\":\"https:\/\/www.revistalogistec.com\/index.php\/2021\/04\/07\/itau-y-rappi-firman-alianza-que-traera-una-mayor-inclusion-financiera-a-chile\/#primaryimage\",\"url\":\"https:\/\/www.revistalogistec.com\/wp-content\/uploads\/2021\/04\/Rappi.png\",\"contentUrl\":\"https:\/\/www.revistalogistec.com\/wp-content\/uploads\/2021\/04\/Rappi.png\",\"width\":850,\"height\":639},{\"@type\":\"BreadcrumbList\",\"@id\":\"https:\/\/www.revistalogistec.com\/index.php\/2021\/04\/07\/itau-y-rappi-firman-alianza-que-traera-una-mayor-inclusion-financiera-a-chile\/#breadcrumb\",\"itemListElement\":[{\"@type\":\"ListItem\",\"position\":1,\"name\":\"Portada\",\"item\":\"https:\/\/www.revistalogistec.com\/\"},{\"@type\":\"ListItem\",\"position\":2,\"name\":\"ITA\u00da Y RAPPI FIRMAN ALIANZA QUE TRAER\u00c1 UNA MAYOR INCLUSI\u00d3N FINANCIERA A CHILE\"}]},{\"@type\":\"WebSite\",\"@id\":\"https:\/\/www.revistalogistec.com\/#website\",\"url\":\"https:\/\/www.revistalogistec.com\/\",\"name\":\"Revista Logistec\",\"description\":\"\",\"potentialAction\":[{\"@type\":\"SearchAction\",\"target\":{\"@type\":\"EntryPoint\",\"urlTemplate\":\"https:\/\/www.revistalogistec.com\/?s={search_term_string}\"},\"query-input\":{\"@type\":\"PropertyValueSpecification\",\"valueRequired\":true,\"valueName\":\"search_term_string\"}}],\"inLanguage\":\"es\"},{\"@type\":\"Person\",\"@id\":\"https:\/\/www.revistalogistec.com\/#\/schema\/person\/b25cced65507282f3fc6eb806b1db4f0\",\"name\":\"admin\",\"image\":{\"@type\":\"ImageObject\",\"inLanguage\":\"es\",\"@id\":\"https:\/\/secure.gravatar.com\/avatar\/94631f712dee24b50f2f12a7caf62df22b2c346945fcff655ce85b674bebf6fd?s=96&d=mm&r=g\",\"url\":\"https:\/\/secure.gravatar.com\/avatar\/94631f712dee24b50f2f12a7caf62df22b2c346945fcff655ce85b674bebf6fd?s=96&d=mm&r=g\",\"contentUrl\":\"https:\/\/secure.gravatar.com\/avatar\/94631f712dee24b50f2f12a7caf62df22b2c346945fcff655ce85b674bebf6fd?s=96&d=mm&r=g\",\"caption\":\"admin\"},\"sameAs\":[\"https:\/\/www.revistalogistec.com\"],\"url\":\"https:\/\/www.revistalogistec.com\/index.php\/author\/admin_revlog\/\"}]}<\/script>\n<!-- \/ Yoast SEO plugin. -->","yoast_head_json":{"title":"ITA\u00da Y RAPPI FIRMAN ALIANZA QUE TRAER\u00c1 UNA MAYOR INCLUSI\u00d3N FINANCIERA A CHILE - Revista Logistec","robots":{"index":"index","follow":"follow","max-snippet":"max-snippet:-1","max-image-preview":"max-image-preview:large","max-video-preview":"max-video-preview:-1"},"canonical":"https:\/\/www.revistalogistec.com\/index.php\/2021\/04\/07\/itau-y-rappi-firman-alianza-que-traera-una-mayor-inclusion-financiera-a-chile\/","og_locale":"es_ES","og_type":"article","og_title":"ITA\u00da Y RAPPI FIRMAN ALIANZA QUE TRAER\u00c1 UNA MAYOR INCLUSI\u00d3N FINANCIERA A CHILE - Revista Logistec","og_description":"Esta iniciativa, pionera en el pa\u00eds, permitir\u00e1 ampliar el acceso financiero de m\u00e1s personas a soluciones digitales con el respaldo y experiencia de Ita\u00fa y Rappi.","og_url":"https:\/\/www.revistalogistec.com\/index.php\/2021\/04\/07\/itau-y-rappi-firman-alianza-que-traera-una-mayor-inclusion-financiera-a-chile\/","og_site_name":"Revista Logistec","article_published_time":"2021-04-07T15:57:52+00:00","og_image":[{"width":850,"height":639,"url":"https:\/\/www.revistalogistec.com\/wp-content\/uploads\/2021\/04\/Rappi.png","type":"image\/png"}],"author":"admin","twitter_card":"summary_large_image","twitter_misc":{"Escrito por":"admin","Tiempo de lectura":"1 minuto"},"schema":{"@context":"https:\/\/schema.org","@graph":[{"@type":"Article","@id":"https:\/\/www.revistalogistec.com\/index.php\/2021\/04\/07\/itau-y-rappi-firman-alianza-que-traera-una-mayor-inclusion-financiera-a-chile\/#article","isPartOf":{"@id":"https:\/\/www.revistalogistec.com\/index.php\/2021\/04\/07\/itau-y-rappi-firman-alianza-que-traera-una-mayor-inclusion-financiera-a-chile\/"},"author":{"name":"admin","@id":"https:\/\/www.revistalogistec.com\/#\/schema\/person\/b25cced65507282f3fc6eb806b1db4f0"},"headline":"ITA\u00da Y RAPPI FIRMAN ALIANZA QUE TRAER\u00c1 UNA MAYOR INCLUSI\u00d3N FINANCIERA A CHILE","datePublished":"2021-04-07T15:57:52+00:00","mainEntityOfPage":{"@id":"https:\/\/www.revistalogistec.com\/index.php\/2021\/04\/07\/itau-y-rappi-firman-alianza-que-traera-una-mayor-inclusion-financiera-a-chile\/"},"wordCount":298,"commentCount":0,"image":{"@id":"https:\/\/www.revistalogistec.com\/index.php\/2021\/04\/07\/itau-y-rappi-firman-alianza-que-traera-una-mayor-inclusion-financiera-a-chile\/#primaryimage"},"thumbnailUrl":"https:\/\/www.revistalogistec.com\/wp-content\/uploads\/2021\/04\/Rappi.png","articleSection":["NOTICIAS INDUSTRIA"],"inLanguage":"es"},{"@type":"WebPage","@id":"https:\/\/www.revistalogistec.com\/index.php\/2021\/04\/07\/itau-y-rappi-firman-alianza-que-traera-una-mayor-inclusion-financiera-a-chile\/","url":"https:\/\/www.revistalogistec.com\/index.php\/2021\/04\/07\/itau-y-rappi-firman-alianza-que-traera-una-mayor-inclusion-financiera-a-chile\/","name":"ITA\u00da Y RAPPI FIRMAN ALIANZA QUE TRAER\u00c1 UNA MAYOR INCLUSI\u00d3N FINANCIERA A CHILE - Revista Logistec","isPartOf":{"@id":"https:\/\/www.revistalogistec.com\/#website"},"primaryImageOfPage":{"@id":"https:\/\/www.revistalogistec.com\/index.php\/2021\/04\/07\/itau-y-rappi-firman-alianza-que-traera-una-mayor-inclusion-financiera-a-chile\/#primaryimage"},"image":{"@id":"https:\/\/www.revistalogistec.com\/index.php\/2021\/04\/07\/itau-y-rappi-firman-alianza-que-traera-una-mayor-inclusion-financiera-a-chile\/#primaryimage"},"thumbnailUrl":"https:\/\/www.revistalogistec.com\/wp-content\/uploads\/2021\/04\/Rappi.png","datePublished":"2021-04-07T15:57:52+00:00","author":{"@id":"https:\/\/www.revistalogistec.com\/#\/schema\/person\/b25cced65507282f3fc6eb806b1db4f0"},"breadcrumb":{"@id":"https:\/\/www.revistalogistec.com\/index.php\/2021\/04\/07\/itau-y-rappi-firman-alianza-que-traera-una-mayor-inclusion-financiera-a-chile\/#breadcrumb"},"inLanguage":"es","potentialAction":[{"@type":"ReadAction","target":["https:\/\/www.revistalogistec.com\/index.php\/2021\/04\/07\/itau-y-rappi-firman-alianza-que-traera-una-mayor-inclusion-financiera-a-chile\/"]}]},{"@type":"ImageObject","inLanguage":"es","@id":"https:\/\/www.revistalogistec.com\/index.php\/2021\/04\/07\/itau-y-rappi-firman-alianza-que-traera-una-mayor-inclusion-financiera-a-chile\/#primaryimage","url":"https:\/\/www.revistalogistec.com\/wp-content\/uploads\/2021\/04\/Rappi.png","contentUrl":"https:\/\/www.revistalogistec.com\/wp-content\/uploads\/2021\/04\/Rappi.png","width":850,"height":639},{"@type":"BreadcrumbList","@id":"https:\/\/www.revistalogistec.com\/index.php\/2021\/04\/07\/itau-y-rappi-firman-alianza-que-traera-una-mayor-inclusion-financiera-a-chile\/#breadcrumb","itemListElement":[{"@type":"ListItem","position":1,"name":"Portada","item":"https:\/\/www.revistalogistec.com\/"},{"@type":"ListItem","position":2,"name":"ITA\u00da Y RAPPI FIRMAN ALIANZA QUE TRAER\u00c1 UNA MAYOR INCLUSI\u00d3N FINANCIERA A CHILE"}]},{"@type":"WebSite","@id":"https:\/\/www.revistalogistec.com\/#website","url":"https:\/\/www.revistalogistec.com\/","name":"Revista Logistec","description":"","potentialAction":[{"@type":"SearchAction","target":{"@type":"EntryPoint","urlTemplate":"https:\/\/www.revistalogistec.com\/?s={search_term_string}"},"query-input":{"@type":"PropertyValueSpecification","valueRequired":true,"valueName":"search_term_string"}}],"inLanguage":"es"},{"@type":"Person","@id":"https:\/\/www.revistalogistec.com\/#\/schema\/person\/b25cced65507282f3fc6eb806b1db4f0","name":"admin","image":{"@type":"ImageObject","inLanguage":"es","@id":"https:\/\/secure.gravatar.com\/avatar\/94631f712dee24b50f2f12a7caf62df22b2c346945fcff655ce85b674bebf6fd?s=96&d=mm&r=g","url":"https:\/\/secure.gravatar.com\/avatar\/94631f712dee24b50f2f12a7caf62df22b2c346945fcff655ce85b674bebf6fd?s=96&d=mm&r=g","contentUrl":"https:\/\/secure.gravatar.com\/avatar\/94631f712dee24b50f2f12a7caf62df22b2c346945fcff655ce85b674bebf6fd?s=96&d=mm&r=g","caption":"admin"},"sameAs":["https:\/\/www.revistalogistec.com"],"url":"https:\/\/www.revistalogistec.com\/index.php\/author\/admin_revlog\/"}]}},"_links":{"self":[{"href":"https:\/\/www.revistalogistec.com\/index.php\/wp-json\/wp\/v2\/posts\/4689","targetHints":{"allow":["GET"]}}],"collection":[{"href":"https:\/\/www.revistalogistec.com\/index.php\/wp-json\/wp\/v2\/posts"}],"about":[{"href":"https:\/\/www.revistalogistec.com\/index.php\/wp-json\/wp\/v2\/types\/post"}],"author":[{"embeddable":true,"href":"https:\/\/www.revistalogistec.com\/index.php\/wp-json\/wp\/v2\/users\/1"}],"replies":[{"embeddable":true,"href":"https:\/\/www.revistalogistec.com\/index.php\/wp-json\/wp\/v2\/comments?post=4689"}],"version-history":[{"count":0,"href":"https:\/\/www.revistalogistec.com\/index.php\/wp-json\/wp\/v2\/posts\/4689\/revisions"}],"wp:featuredmedia":[{"embeddable":true,"href":"https:\/\/www.revistalogistec.com\/index.php\/wp-json\/wp\/v2\/media\/4687"}],"wp:attachment":[{"href":"https:\/\/www.revistalogistec.com\/index.php\/wp-json\/wp\/v2\/media?parent=4689"}],"wp:term":[{"taxonomy":"category","embeddable":true,"href":"https:\/\/www.revistalogistec.com\/index.php\/wp-json\/wp\/v2\/categories?post=4689"},{"taxonomy":"post_tag","embeddable":true,"href":"https:\/\/www.revistalogistec.com\/index.php\/wp-json\/wp\/v2\/tags?post=4689"}],"curies":[{"name":"wp","href":"https:\/\/api.w.org\/{rel}","templated":true}]}}