{"id":5756,"date":"2021-06-30T16:36:03","date_gmt":"2021-06-30T16:36:03","guid":{"rendered":"https:\/\/www.revistalogistec.com\/index.php\/2021\/06\/30\/volvo-chile-camiones-y-buses-comparte-experiencia-internacional-en-seminario-sobre-electromovilidad-y-anuncia-metas-concretas-del-grupo-al-2040\/"},"modified":"2021-06-30T16:36:03","modified_gmt":"2021-06-30T16:36:03","slug":"volvo-chile-camiones-y-buses-comparte-experiencia-internacional-en-seminario-sobre-electromovilidad-y-anuncia-metas-concretas-del-grupo-al-2040","status":"publish","type":"post","link":"https:\/\/www.revistalogistec.com\/index.php\/2021\/06\/30\/volvo-chile-camiones-y-buses-comparte-experiencia-internacional-en-seminario-sobre-electromovilidad-y-anuncia-metas-concretas-del-grupo-al-2040\/","title":{"rendered":"VOLVO CHILE CAMIONES Y BUSES COMPARTE EXPERIENCIA INTERNACIONAL EN SEMINARIO SOBRE ELECTROMOVILIDAD Y ANUNCIA METAS CONCRETAS DEL GRUPO AL 2040"},"content":{"rendered":"<p style=\"text-align: justify;\">Volvo Chile Camiones y Buses desarroll\u00f3 el seminario \u201cLa electromovilidad en el transporte de carga y de personas: desarrollo y experiencia del Grupo Volvo\u201d.&nbsp;El encuentro virtual, cont\u00f3 con la participaci\u00f3n de ejecutivos de la casa matriz y locales de Volvo Group, los que compartieron la experiencia internacional de la compa\u00f1\u00eda en temas de electromovilidad, reafirmando su compromiso con la transici\u00f3n hacia un transporte m\u00e1s sostenible.<\/p>\n<p style=\"text-align: justify;\">La electromovilidad en el transporte de carga y de personas es uno de los focos principales que tiene el Grupo Volvo en esta d\u00e9cada. Desde la perspectiva de la empresa, la transici\u00f3n hacia un transporte m\u00e1s sostenible consiste \u2500en gran medida\u2500 en hacer que el cambio sea lo m\u00e1s gradual posible para las empresas de transporte, para que puedan comenzar a adaptarse. Las soluciones ofrecidas deben ser libres de combustibles f\u00f3siles y permitir a los transportistas alcanzar los niveles necesarios de rentabilidad y productividad.<\/p>\n<p style=\"text-align: justify;\">Con esto en mente es que Volvo Chile Camiones y Buses desarroll\u00f3 el encuentro online: La electromovilidad en el transporte de carga y personas: desarrollo y experiencia del Grupo Volvo, el que cont\u00f3 con la presencia de Jonas Odermalm, Vice President Electromobility Product Manager Volvo Trucks; y de Marie Carlsson, Director City Mobility Business Solutions Volvo Buses y de Gabriel Prudencio, Jefe Divisi\u00f3n de Energ\u00edas Sostenibles del Ministerio de Energ\u00eda.<\/p>\n<p style=\"text-align: justify;\">Esto como parte del Acuerdo P\u00fablico-Privado por la Electromovilidad 2021, donde Volvo Chile Camiones y Buses se comprometi\u00f3 a poner a disposici\u00f3n del Estado de Chile toda su experiencia y conocimiento en operaciones de camiones pesados y buses el\u00e9ctricos en Europa, y las \u00faltimas innovaciones e impactos relativos a la electromovilidad, para avanzar en la adopci\u00f3n de nuevas tecnolog\u00edas y aportar en el cuidado de de una sociedad sostenible. <br \/>La electrificaci\u00f3n de los veh\u00edculos comerciales desempe\u00f1ar\u00e1 un papel importante en el camino hacia una sociedad neutra en carbono.<\/p>\n<p style=\"text-align: justify;\">El uso de celdas de combustible de hidr\u00f3geno para alimentar la l\u00ednea motriz el\u00e9ctrica parece una alternativa prometedora para el transporte pesado y las aplicaciones m\u00e1s exigentes de larga distancia. La l\u00ednea motriz el\u00e9ctrica es la base, aunque las bater\u00edas como fuente de energ\u00eda son y seguir\u00e1n siendo una tecnolog\u00eda clave, hay otras piezas del rompecabezas electr\u00f3nico.<\/p>\n<p style=\"text-align: justify;\">Los veh\u00edculos el\u00e9ctricos de bater\u00eda son una buena soluci\u00f3n para la distribuci\u00f3n urbana, los buses urbanos, el transporte regional y aplicaciones similares. Para los casos de uso en los que se transportan cargas m\u00e1s pesadas o se recorren distancias m\u00e1s largas, el peso de las propias bater\u00edas y la distancia de conducci\u00f3n hasta que se necesiten recargar, se convierten en factores limitantes. En este caso, las celdas de combustible de hidr\u00f3geno pueden ser una alternativa interesante. Las dos tecnolog\u00edas se complementan y ambas ser\u00e1n necesarias para construir el sistema de transporte sostenible del futuro.<br \/>Es por ello que, en la segunda mitad de esta d\u00e9cada, Volvo Trucks pretende comenzar a vender camiones el\u00e9ctricos impulsados por celdas de combustible de hidr\u00f3geno. El objetivo de largo plazo de la compa\u00f1\u00eda es que toda su gama de productos est\u00e9 libre de combustibles f\u00f3siles para 2040.<\/p>\n<p style=\"text-align: justify;\">Jonas Odermalm argument\u00f3 que \u201cel cambio clim\u00e1tico es uno de los grandes desaf\u00edos de nuestra \u00e9poca. En Volvo Trucks estamos determinados en cumplir nuestro compromiso con los objetivos del Acuerdo de Par\u00eds. Esto es un desaf\u00edo enorme para nosotros, estamos dedicados en nuestro trabajo, y es por eso que nos hemos impuesto una ambiciosa, pero realista meta, esta es que para el 2030 reduciremos las emisiones de CO2 de nuestros camiones en un 50%\u201d.<br \/>El transporte de pasajeros tambi\u00e9n es uno de los desaf\u00edos que enfrenta la electromovilidad. Por ejemplo, durante 2020 se prob\u00f3 el autob\u00fas el\u00e9ctrico Volvo 7900 totalmente el\u00e9ctrico en ciudades espa\u00f1olas, donde la temperatura ambiente durante el per\u00edodo de prueba en ocasiones super\u00f3 los 40\u00b0C. Esto permiti\u00f3 investigar en la pr\u00e1ctica c\u00f3mo se ve\u00eda afectado el uso de energ\u00eda de los autobuses al utilizar el aire acondicionado a plena capacidad.<\/p>\n<p style=\"text-align: justify;\">Adem\u00e1s, el modelo Volvo 7900 Electric tambi\u00e9n se est\u00e1 probando actualmente en el concurrido sistema Metrobus en la Ciudad de M\u00e9xico. Estar\u00e1 en funcionamiento durante seis meses y luego se evaluar\u00e1n las experiencias de este per\u00edodo.&nbsp;Chile tambi\u00e9n est\u00e1 contemplado en estas pruebas mundiales y se espera que un bus demo el\u00e9ctrico comience una demostraci\u00f3n en el pa\u00eds en el \u00faltimo trimestre de este a\u00f1o.<\/p>\n<p style=\"text-align: justify;\">Volvo Buses ya ha suministrado m\u00e1s de 6500 autobuses el\u00e9ctricos a ciudades de todo el mundo. Su gama de productos incluye h\u00edbridos autocargables y autobuses totalmente el\u00e9ctricos. Adem\u00e1s de los propios autobuses, la oferta de movilidad el\u00e9ctrica de Volvo incluye optimizaci\u00f3n de la bater\u00eda, infraestructura de carga, servicio y mantenimiento.<\/p>\n<p style=\"text-align: justify;\">\u201cNuestra misi\u00f3n es permitir un transporte con cero emisiones, con cero ruidos y cero accidentes. La seguridad y la protecci\u00f3n son claves en la sostenibilidad, y esto lo tenemos enraizado en el Grupo Volvo desde hace muchos a\u00f1os, es por eso que nos hemos enfocado tambi\u00e9n en cero ruidos, ya que el ruido producido por los camiones y buses generan un gran impacto que incluso las Naciones Unidas lo ha clasificado como un verdadero problema para las ciudades\u201d, afirm\u00f3 Marie Carlsson.<\/p>\n<p style=\"text-align: justify;\">Gabriel Prudencio, Jefe Divisi\u00f3n de Energ\u00edas Sostenibles del Ministerio de Energ\u00eda, se\u00f1al\u00f3 que \u201cla electromovilidad tiene un rol importante en nuestra agenda, es parte de los factores fundamentales que nos har\u00e1n alcanzar la carbono neutralidad. Tenemos metas de largo plazo, tales como que al 2040 todo el transporte p\u00fablico sea cero emisiones y al 2050 un 40% del transporte privado sea cero emisiones tambi\u00e9n\u201d.<\/p>\n<p style=\"text-align: justify;\">Jorge Mas\u00edas, director general de Volvo Chile, mencion\u00f3 que \u201cChile est\u00e1 dentro de las primeras prioridades del Grupo Volvo para la introducci\u00f3n de camiones y buses el\u00e9ctricos en Latinoam\u00e9rica. Lo anterior, porque como pa\u00eds tenemos un gran potencial para esta tecnolog\u00eda. Esto queda resumido en los planes de gobierno al 2021, como la Ruta Energ\u00e9tica; la Estrategia Nacional de Electromovilidad y la Estrategia Nacional de Hidr\u00f3geno Verde. De hecho, Volvo Camiones y Buses Chile ha reafirmado su compromiso con el medio ambiente firmando el Acuerdo P\u00fablico-Privado por la Electromovilidad 2021, en el cual nos comprometemos a compartir la experiencia internacional adquirida por Volvo Trucks &amp; Buses en el dise\u00f1o, producci\u00f3n e implementaci\u00f3n de soluciones de transporte el\u00e9ctrico para Chile\u201d.<\/p>\n<p style=\"text-align: justify;\">Para revisar todo el contenido del Seminario se puede visitar el siguiente enlace: https:\/\/youtu.be\/YqkgJSMRk6Q<\/p>\n","protected":false},"excerpt":{"rendered":"<p style=\"text-align: justify;\">Volvo Chile Camiones y Buses desarroll\u00f3 el seminario \u201cLa electromovilidad en el transporte de carga y de personas: desarrollo y experiencia del Grupo Volvo\u201d.&nbsp;El encuentro virtual, cont\u00f3 con la participaci\u00f3n de ejecutivos de la casa matriz y locales de Volvo Group, los que compartieron la experiencia internacional de la compa\u00f1\u00eda en temas de electromovilidad, reafirmando su compromiso con la transici\u00f3n hacia un transporte m\u00e1s sostenible.<\/p>\n","protected":false},"author":1,"featured_media":5755,"comment_status":"open","ping_status":"open","sticky":false,"template":"","format":"standard","meta":{"_acf_changed":false,"jnews-multi-image_gallery":[],"jnews_single_post":[],"jnews_primary_category":[],"jnews_social_meta":[],"jnews_override_counter":[],"footnotes":""},"categories":[12],"tags":[],"class_list":["post-5756","post","type-post","status-publish","format-standard","has-post-thumbnail","hentry","category-noticias-industria"],"acf":[],"yoast_head":"<!-- This site is optimized with the Yoast SEO plugin v27.2 - https:\/\/yoast.com\/product\/yoast-seo-wordpress\/ -->\n<title>VOLVO CHILE CAMIONES Y BUSES COMPARTE EXPERIENCIA INTERNACIONAL EN SEMINARIO SOBRE ELECTROMOVILIDAD Y ANUNCIA METAS CONCRETAS DEL GRUPO AL 2040 - Revista Logistec<\/title>\n<meta name=\"robots\" content=\"index, follow, max-snippet:-1, max-image-preview:large, max-video-preview:-1\" \/>\n<link rel=\"canonical\" href=\"https:\/\/www.revistalogistec.com\/index.php\/2021\/06\/30\/volvo-chile-camiones-y-buses-comparte-experiencia-internacional-en-seminario-sobre-electromovilidad-y-anuncia-metas-concretas-del-grupo-al-2040\/\" \/>\n<meta property=\"og:locale\" content=\"es_ES\" \/>\n<meta property=\"og:type\" content=\"article\" \/>\n<meta property=\"og:title\" content=\"VOLVO CHILE CAMIONES Y BUSES COMPARTE EXPERIENCIA INTERNACIONAL EN SEMINARIO SOBRE ELECTROMOVILIDAD Y ANUNCIA METAS CONCRETAS DEL GRUPO AL 2040 - Revista Logistec\" \/>\n<meta property=\"og:description\" content=\"Volvo Chile Camiones y Buses desarroll\u00f3 el seminario \u201cLa electromovilidad en el transporte de carga y de personas: desarrollo y experiencia del Grupo Volvo\u201d.&nbsp;El encuentro virtual, cont\u00f3 con la participaci\u00f3n de ejecutivos de la casa matriz y locales de Volvo Group, los que compartieron la experiencia internacional de la compa\u00f1\u00eda en temas de electromovilidad, reafirmando su compromiso con la transici\u00f3n hacia un transporte m\u00e1s sostenible.\" \/>\n<meta property=\"og:url\" content=\"https:\/\/www.revistalogistec.com\/index.php\/2021\/06\/30\/volvo-chile-camiones-y-buses-comparte-experiencia-internacional-en-seminario-sobre-electromovilidad-y-anuncia-metas-concretas-del-grupo-al-2040\/\" \/>\n<meta property=\"og:site_name\" content=\"Revista Logistec\" \/>\n<meta property=\"article:published_time\" content=\"2021-06-30T16:36:03+00:00\" \/>\n<meta property=\"og:image\" content=\"https:\/\/www.revistalogistec.com\/wp-content\/uploads\/2021\/06\/Seminario-Electromovilidad-Volvo-Camiones-y-Buses-Chile.jpg\" \/>\n\t<meta property=\"og:image:width\" content=\"850\" \/>\n\t<meta property=\"og:image:height\" content=\"530\" \/>\n\t<meta property=\"og:image:type\" content=\"image\/jpeg\" \/>\n<meta name=\"author\" content=\"admin\" \/>\n<meta name=\"twitter:card\" content=\"summary_large_image\" \/>\n<meta name=\"twitter:label1\" content=\"Escrito por\" \/>\n\t<meta name=\"twitter:data1\" content=\"admin\" \/>\n\t<meta name=\"twitter:label2\" content=\"Tiempo de lectura\" \/>\n\t<meta name=\"twitter:data2\" content=\"6 minutos\" \/>\n<script type=\"application\/ld+json\" class=\"yoast-schema-graph\">{\"@context\":\"https:\/\/schema.org\",\"@graph\":[{\"@type\":\"Article\",\"@id\":\"https:\/\/www.revistalogistec.com\/index.php\/2021\/06\/30\/volvo-chile-camiones-y-buses-comparte-experiencia-internacional-en-seminario-sobre-electromovilidad-y-anuncia-metas-concretas-del-grupo-al-2040\/#article\",\"isPartOf\":{\"@id\":\"https:\/\/www.revistalogistec.com\/index.php\/2021\/06\/30\/volvo-chile-camiones-y-buses-comparte-experiencia-internacional-en-seminario-sobre-electromovilidad-y-anuncia-metas-concretas-del-grupo-al-2040\/\"},\"author\":{\"name\":\"admin\",\"@id\":\"https:\/\/www.revistalogistec.com\/#\/schema\/person\/b25cced65507282f3fc6eb806b1db4f0\"},\"headline\":\"VOLVO CHILE CAMIONES Y BUSES COMPARTE EXPERIENCIA INTERNACIONAL EN SEMINARIO SOBRE ELECTROMOVILIDAD Y ANUNCIA METAS CONCRETAS DEL GRUPO AL 2040\",\"datePublished\":\"2021-06-30T16:36:03+00:00\",\"mainEntityOfPage\":{\"@id\":\"https:\/\/www.revistalogistec.com\/index.php\/2021\/06\/30\/volvo-chile-camiones-y-buses-comparte-experiencia-internacional-en-seminario-sobre-electromovilidad-y-anuncia-metas-concretas-del-grupo-al-2040\/\"},\"wordCount\":1160,\"commentCount\":0,\"image\":{\"@id\":\"https:\/\/www.revistalogistec.com\/index.php\/2021\/06\/30\/volvo-chile-camiones-y-buses-comparte-experiencia-internacional-en-seminario-sobre-electromovilidad-y-anuncia-metas-concretas-del-grupo-al-2040\/#primaryimage\"},\"thumbnailUrl\":\"https:\/\/www.revistalogistec.com\/wp-content\/uploads\/2021\/06\/Seminario-Electromovilidad-Volvo-Camiones-y-Buses-Chile.jpg\",\"articleSection\":[\"NOTICIAS INDUSTRIA\"],\"inLanguage\":\"es\"},{\"@type\":\"WebPage\",\"@id\":\"https:\/\/www.revistalogistec.com\/index.php\/2021\/06\/30\/volvo-chile-camiones-y-buses-comparte-experiencia-internacional-en-seminario-sobre-electromovilidad-y-anuncia-metas-concretas-del-grupo-al-2040\/\",\"url\":\"https:\/\/www.revistalogistec.com\/index.php\/2021\/06\/30\/volvo-chile-camiones-y-buses-comparte-experiencia-internacional-en-seminario-sobre-electromovilidad-y-anuncia-metas-concretas-del-grupo-al-2040\/\",\"name\":\"VOLVO CHILE CAMIONES Y BUSES COMPARTE EXPERIENCIA INTERNACIONAL EN SEMINARIO SOBRE ELECTROMOVILIDAD Y ANUNCIA METAS CONCRETAS DEL GRUPO AL 2040 - Revista Logistec\",\"isPartOf\":{\"@id\":\"https:\/\/www.revistalogistec.com\/#website\"},\"primaryImageOfPage\":{\"@id\":\"https:\/\/www.revistalogistec.com\/index.php\/2021\/06\/30\/volvo-chile-camiones-y-buses-comparte-experiencia-internacional-en-seminario-sobre-electromovilidad-y-anuncia-metas-concretas-del-grupo-al-2040\/#primaryimage\"},\"image\":{\"@id\":\"https:\/\/www.revistalogistec.com\/index.php\/2021\/06\/30\/volvo-chile-camiones-y-buses-comparte-experiencia-internacional-en-seminario-sobre-electromovilidad-y-anuncia-metas-concretas-del-grupo-al-2040\/#primaryimage\"},\"thumbnailUrl\":\"https:\/\/www.revistalogistec.com\/wp-content\/uploads\/2021\/06\/Seminario-Electromovilidad-Volvo-Camiones-y-Buses-Chile.jpg\",\"datePublished\":\"2021-06-30T16:36:03+00:00\",\"author\":{\"@id\":\"https:\/\/www.revistalogistec.com\/#\/schema\/person\/b25cced65507282f3fc6eb806b1db4f0\"},\"breadcrumb\":{\"@id\":\"https:\/\/www.revistalogistec.com\/index.php\/2021\/06\/30\/volvo-chile-camiones-y-buses-comparte-experiencia-internacional-en-seminario-sobre-electromovilidad-y-anuncia-metas-concretas-del-grupo-al-2040\/#breadcrumb\"},\"inLanguage\":\"es\",\"potentialAction\":[{\"@type\":\"ReadAction\",\"target\":[\"https:\/\/www.revistalogistec.com\/index.php\/2021\/06\/30\/volvo-chile-camiones-y-buses-comparte-experiencia-internacional-en-seminario-sobre-electromovilidad-y-anuncia-metas-concretas-del-grupo-al-2040\/\"]}]},{\"@type\":\"ImageObject\",\"inLanguage\":\"es\",\"@id\":\"https:\/\/www.revistalogistec.com\/index.php\/2021\/06\/30\/volvo-chile-camiones-y-buses-comparte-experiencia-internacional-en-seminario-sobre-electromovilidad-y-anuncia-metas-concretas-del-grupo-al-2040\/#primaryimage\",\"url\":\"https:\/\/www.revistalogistec.com\/wp-content\/uploads\/2021\/06\/Seminario-Electromovilidad-Volvo-Camiones-y-Buses-Chile.jpg\",\"contentUrl\":\"https:\/\/www.revistalogistec.com\/wp-content\/uploads\/2021\/06\/Seminario-Electromovilidad-Volvo-Camiones-y-Buses-Chile.jpg\",\"width\":850,\"height\":530},{\"@type\":\"BreadcrumbList\",\"@id\":\"https:\/\/www.revistalogistec.com\/index.php\/2021\/06\/30\/volvo-chile-camiones-y-buses-comparte-experiencia-internacional-en-seminario-sobre-electromovilidad-y-anuncia-metas-concretas-del-grupo-al-2040\/#breadcrumb\",\"itemListElement\":[{\"@type\":\"ListItem\",\"position\":1,\"name\":\"Portada\",\"item\":\"https:\/\/www.revistalogistec.com\/\"},{\"@type\":\"ListItem\",\"position\":2,\"name\":\"VOLVO CHILE CAMIONES Y BUSES COMPARTE EXPERIENCIA INTERNACIONAL EN SEMINARIO SOBRE ELECTROMOVILIDAD Y ANUNCIA METAS CONCRETAS DEL GRUPO AL 2040\"}]},{\"@type\":\"WebSite\",\"@id\":\"https:\/\/www.revistalogistec.com\/#website\",\"url\":\"https:\/\/www.revistalogistec.com\/\",\"name\":\"Revista Logistec\",\"description\":\"\",\"potentialAction\":[{\"@type\":\"SearchAction\",\"target\":{\"@type\":\"EntryPoint\",\"urlTemplate\":\"https:\/\/www.revistalogistec.com\/?s={search_term_string}\"},\"query-input\":{\"@type\":\"PropertyValueSpecification\",\"valueRequired\":true,\"valueName\":\"search_term_string\"}}],\"inLanguage\":\"es\"},{\"@type\":\"Person\",\"@id\":\"https:\/\/www.revistalogistec.com\/#\/schema\/person\/b25cced65507282f3fc6eb806b1db4f0\",\"name\":\"admin\",\"image\":{\"@type\":\"ImageObject\",\"inLanguage\":\"es\",\"@id\":\"https:\/\/secure.gravatar.com\/avatar\/94631f712dee24b50f2f12a7caf62df22b2c346945fcff655ce85b674bebf6fd?s=96&d=mm&r=g\",\"url\":\"https:\/\/secure.gravatar.com\/avatar\/94631f712dee24b50f2f12a7caf62df22b2c346945fcff655ce85b674bebf6fd?s=96&d=mm&r=g\",\"contentUrl\":\"https:\/\/secure.gravatar.com\/avatar\/94631f712dee24b50f2f12a7caf62df22b2c346945fcff655ce85b674bebf6fd?s=96&d=mm&r=g\",\"caption\":\"admin\"},\"sameAs\":[\"https:\/\/www.revistalogistec.com\"],\"url\":\"https:\/\/www.revistalogistec.com\/index.php\/author\/admin_revlog\/\"}]}<\/script>\n<!-- \/ Yoast SEO plugin. -->","yoast_head_json":{"title":"VOLVO CHILE CAMIONES Y BUSES COMPARTE EXPERIENCIA INTERNACIONAL EN SEMINARIO SOBRE ELECTROMOVILIDAD Y ANUNCIA METAS CONCRETAS DEL GRUPO AL 2040 - Revista Logistec","robots":{"index":"index","follow":"follow","max-snippet":"max-snippet:-1","max-image-preview":"max-image-preview:large","max-video-preview":"max-video-preview:-1"},"canonical":"https:\/\/www.revistalogistec.com\/index.php\/2021\/06\/30\/volvo-chile-camiones-y-buses-comparte-experiencia-internacional-en-seminario-sobre-electromovilidad-y-anuncia-metas-concretas-del-grupo-al-2040\/","og_locale":"es_ES","og_type":"article","og_title":"VOLVO CHILE CAMIONES Y BUSES COMPARTE EXPERIENCIA INTERNACIONAL EN SEMINARIO SOBRE ELECTROMOVILIDAD Y ANUNCIA METAS CONCRETAS DEL GRUPO AL 2040 - Revista Logistec","og_description":"Volvo Chile Camiones y Buses desarroll\u00f3 el seminario \u201cLa electromovilidad en el transporte de carga y de personas: desarrollo y experiencia del Grupo Volvo\u201d.&nbsp;El encuentro virtual, cont\u00f3 con la participaci\u00f3n de ejecutivos de la casa matriz y locales de Volvo Group, los que compartieron la experiencia internacional de la compa\u00f1\u00eda en temas de electromovilidad, reafirmando su compromiso con la transici\u00f3n hacia un transporte m\u00e1s sostenible.","og_url":"https:\/\/www.revistalogistec.com\/index.php\/2021\/06\/30\/volvo-chile-camiones-y-buses-comparte-experiencia-internacional-en-seminario-sobre-electromovilidad-y-anuncia-metas-concretas-del-grupo-al-2040\/","og_site_name":"Revista Logistec","article_published_time":"2021-06-30T16:36:03+00:00","og_image":[{"width":850,"height":530,"url":"https:\/\/www.revistalogistec.com\/wp-content\/uploads\/2021\/06\/Seminario-Electromovilidad-Volvo-Camiones-y-Buses-Chile.jpg","type":"image\/jpeg"}],"author":"admin","twitter_card":"summary_large_image","twitter_misc":{"Escrito por":"admin","Tiempo de lectura":"6 minutos"},"schema":{"@context":"https:\/\/schema.org","@graph":[{"@type":"Article","@id":"https:\/\/www.revistalogistec.com\/index.php\/2021\/06\/30\/volvo-chile-camiones-y-buses-comparte-experiencia-internacional-en-seminario-sobre-electromovilidad-y-anuncia-metas-concretas-del-grupo-al-2040\/#article","isPartOf":{"@id":"https:\/\/www.revistalogistec.com\/index.php\/2021\/06\/30\/volvo-chile-camiones-y-buses-comparte-experiencia-internacional-en-seminario-sobre-electromovilidad-y-anuncia-metas-concretas-del-grupo-al-2040\/"},"author":{"name":"admin","@id":"https:\/\/www.revistalogistec.com\/#\/schema\/person\/b25cced65507282f3fc6eb806b1db4f0"},"headline":"VOLVO CHILE CAMIONES Y BUSES COMPARTE EXPERIENCIA INTERNACIONAL EN SEMINARIO SOBRE ELECTROMOVILIDAD Y ANUNCIA METAS CONCRETAS DEL GRUPO AL 2040","datePublished":"2021-06-30T16:36:03+00:00","mainEntityOfPage":{"@id":"https:\/\/www.revistalogistec.com\/index.php\/2021\/06\/30\/volvo-chile-camiones-y-buses-comparte-experiencia-internacional-en-seminario-sobre-electromovilidad-y-anuncia-metas-concretas-del-grupo-al-2040\/"},"wordCount":1160,"commentCount":0,"image":{"@id":"https:\/\/www.revistalogistec.com\/index.php\/2021\/06\/30\/volvo-chile-camiones-y-buses-comparte-experiencia-internacional-en-seminario-sobre-electromovilidad-y-anuncia-metas-concretas-del-grupo-al-2040\/#primaryimage"},"thumbnailUrl":"https:\/\/www.revistalogistec.com\/wp-content\/uploads\/2021\/06\/Seminario-Electromovilidad-Volvo-Camiones-y-Buses-Chile.jpg","articleSection":["NOTICIAS INDUSTRIA"],"inLanguage":"es"},{"@type":"WebPage","@id":"https:\/\/www.revistalogistec.com\/index.php\/2021\/06\/30\/volvo-chile-camiones-y-buses-comparte-experiencia-internacional-en-seminario-sobre-electromovilidad-y-anuncia-metas-concretas-del-grupo-al-2040\/","url":"https:\/\/www.revistalogistec.com\/index.php\/2021\/06\/30\/volvo-chile-camiones-y-buses-comparte-experiencia-internacional-en-seminario-sobre-electromovilidad-y-anuncia-metas-concretas-del-grupo-al-2040\/","name":"VOLVO CHILE CAMIONES Y BUSES COMPARTE EXPERIENCIA INTERNACIONAL EN SEMINARIO SOBRE ELECTROMOVILIDAD Y ANUNCIA METAS CONCRETAS DEL GRUPO AL 2040 - Revista Logistec","isPartOf":{"@id":"https:\/\/www.revistalogistec.com\/#website"},"primaryImageOfPage":{"@id":"https:\/\/www.revistalogistec.com\/index.php\/2021\/06\/30\/volvo-chile-camiones-y-buses-comparte-experiencia-internacional-en-seminario-sobre-electromovilidad-y-anuncia-metas-concretas-del-grupo-al-2040\/#primaryimage"},"image":{"@id":"https:\/\/www.revistalogistec.com\/index.php\/2021\/06\/30\/volvo-chile-camiones-y-buses-comparte-experiencia-internacional-en-seminario-sobre-electromovilidad-y-anuncia-metas-concretas-del-grupo-al-2040\/#primaryimage"},"thumbnailUrl":"https:\/\/www.revistalogistec.com\/wp-content\/uploads\/2021\/06\/Seminario-Electromovilidad-Volvo-Camiones-y-Buses-Chile.jpg","datePublished":"2021-06-30T16:36:03+00:00","author":{"@id":"https:\/\/www.revistalogistec.com\/#\/schema\/person\/b25cced65507282f3fc6eb806b1db4f0"},"breadcrumb":{"@id":"https:\/\/www.revistalogistec.com\/index.php\/2021\/06\/30\/volvo-chile-camiones-y-buses-comparte-experiencia-internacional-en-seminario-sobre-electromovilidad-y-anuncia-metas-concretas-del-grupo-al-2040\/#breadcrumb"},"inLanguage":"es","potentialAction":[{"@type":"ReadAction","target":["https:\/\/www.revistalogistec.com\/index.php\/2021\/06\/30\/volvo-chile-camiones-y-buses-comparte-experiencia-internacional-en-seminario-sobre-electromovilidad-y-anuncia-metas-concretas-del-grupo-al-2040\/"]}]},{"@type":"ImageObject","inLanguage":"es","@id":"https:\/\/www.revistalogistec.com\/index.php\/2021\/06\/30\/volvo-chile-camiones-y-buses-comparte-experiencia-internacional-en-seminario-sobre-electromovilidad-y-anuncia-metas-concretas-del-grupo-al-2040\/#primaryimage","url":"https:\/\/www.revistalogistec.com\/wp-content\/uploads\/2021\/06\/Seminario-Electromovilidad-Volvo-Camiones-y-Buses-Chile.jpg","contentUrl":"https:\/\/www.revistalogistec.com\/wp-content\/uploads\/2021\/06\/Seminario-Electromovilidad-Volvo-Camiones-y-Buses-Chile.jpg","width":850,"height":530},{"@type":"BreadcrumbList","@id":"https:\/\/www.revistalogistec.com\/index.php\/2021\/06\/30\/volvo-chile-camiones-y-buses-comparte-experiencia-internacional-en-seminario-sobre-electromovilidad-y-anuncia-metas-concretas-del-grupo-al-2040\/#breadcrumb","itemListElement":[{"@type":"ListItem","position":1,"name":"Portada","item":"https:\/\/www.revistalogistec.com\/"},{"@type":"ListItem","position":2,"name":"VOLVO CHILE CAMIONES Y BUSES COMPARTE EXPERIENCIA INTERNACIONAL EN SEMINARIO SOBRE ELECTROMOVILIDAD Y ANUNCIA METAS CONCRETAS DEL GRUPO AL 2040"}]},{"@type":"WebSite","@id":"https:\/\/www.revistalogistec.com\/#website","url":"https:\/\/www.revistalogistec.com\/","name":"Revista Logistec","description":"","potentialAction":[{"@type":"SearchAction","target":{"@type":"EntryPoint","urlTemplate":"https:\/\/www.revistalogistec.com\/?s={search_term_string}"},"query-input":{"@type":"PropertyValueSpecification","valueRequired":true,"valueName":"search_term_string"}}],"inLanguage":"es"},{"@type":"Person","@id":"https:\/\/www.revistalogistec.com\/#\/schema\/person\/b25cced65507282f3fc6eb806b1db4f0","name":"admin","image":{"@type":"ImageObject","inLanguage":"es","@id":"https:\/\/secure.gravatar.com\/avatar\/94631f712dee24b50f2f12a7caf62df22b2c346945fcff655ce85b674bebf6fd?s=96&d=mm&r=g","url":"https:\/\/secure.gravatar.com\/avatar\/94631f712dee24b50f2f12a7caf62df22b2c346945fcff655ce85b674bebf6fd?s=96&d=mm&r=g","contentUrl":"https:\/\/secure.gravatar.com\/avatar\/94631f712dee24b50f2f12a7caf62df22b2c346945fcff655ce85b674bebf6fd?s=96&d=mm&r=g","caption":"admin"},"sameAs":["https:\/\/www.revistalogistec.com"],"url":"https:\/\/www.revistalogistec.com\/index.php\/author\/admin_revlog\/"}]}},"_links":{"self":[{"href":"https:\/\/www.revistalogistec.com\/index.php\/wp-json\/wp\/v2\/posts\/5756","targetHints":{"allow":["GET"]}}],"collection":[{"href":"https:\/\/www.revistalogistec.com\/index.php\/wp-json\/wp\/v2\/posts"}],"about":[{"href":"https:\/\/www.revistalogistec.com\/index.php\/wp-json\/wp\/v2\/types\/post"}],"author":[{"embeddable":true,"href":"https:\/\/www.revistalogistec.com\/index.php\/wp-json\/wp\/v2\/users\/1"}],"replies":[{"embeddable":true,"href":"https:\/\/www.revistalogistec.com\/index.php\/wp-json\/wp\/v2\/comments?post=5756"}],"version-history":[{"count":0,"href":"https:\/\/www.revistalogistec.com\/index.php\/wp-json\/wp\/v2\/posts\/5756\/revisions"}],"wp:featuredmedia":[{"embeddable":true,"href":"https:\/\/www.revistalogistec.com\/index.php\/wp-json\/wp\/v2\/media\/5755"}],"wp:attachment":[{"href":"https:\/\/www.revistalogistec.com\/index.php\/wp-json\/wp\/v2\/media?parent=5756"}],"wp:term":[{"taxonomy":"category","embeddable":true,"href":"https:\/\/www.revistalogistec.com\/index.php\/wp-json\/wp\/v2\/categories?post=5756"},{"taxonomy":"post_tag","embeddable":true,"href":"https:\/\/www.revistalogistec.com\/index.php\/wp-json\/wp\/v2\/tags?post=5756"}],"curies":[{"name":"wp","href":"https:\/\/api.w.org\/{rel}","templated":true}]}}