{"id":5775,"date":"2021-06-30T17:02:33","date_gmt":"2021-06-30T17:02:33","guid":{"rendered":"https:\/\/www.revistalogistec.com\/index.php\/2021\/06\/30\/conclusiones-de-proyecto-sobre-corredor-bioceanico-seran-entregadas-en-seminario-virtual-este-miercoles-30\/"},"modified":"2021-06-30T17:02:33","modified_gmt":"2021-06-30T17:02:33","slug":"conclusiones-de-proyecto-sobre-corredor-bioceanico-seran-entregadas-en-seminario-virtual-este-miercoles-30","status":"publish","type":"post","link":"https:\/\/www.revistalogistec.com\/index.php\/2021\/06\/30\/conclusiones-de-proyecto-sobre-corredor-bioceanico-seran-entregadas-en-seminario-virtual-este-miercoles-30\/","title":{"rendered":"CONCLUSIONES DE PROYECTO SOBRE CORREDOR BIOCE\u00c1NICO SER\u00c1N ENTREGADAS EN SEMINARIO VIRTUAL ESTE MI\u00c9RCOLES 30"},"content":{"rendered":"<p style=\"text-align: justify;\">Autoridades nacionales de Brasil, Paraguay, Argentina y Chile comentar\u00e1n resultados del Proyecto FIC-R que ejecut\u00f3 el IDEAR de la UCN.<\/p>\n<p style=\"text-align: justify;\">El evento de cierre del Proyecto FIC-R \u201cConstrucci\u00f3n de capacidades para el Corredor Bioce\u00e1nico en la Regi\u00f3n de Antofagasta\u201d se realizar\u00e1 este mi\u00e9rcoles 30 de junio, \u00faltimo d\u00eda del proyecto que ejecut\u00f3 el Instituto de Econom\u00eda Aplicada Regional (IDEAR), de la Universidad Cat\u00f3lica del Norte, con el financiamiento del Fondo de<\/p>\n<p style=\"text-align: justify;\">Innovaci\u00f3n para la Competitividad (FIC), aprobado por el Gobierno Regional. <\/p>\n<p style=\"text-align: justify;\">Por las restricciones sanitarias se har\u00e1 mediante un Seminario Virtual, v\u00eda Zoom, lo que permitir\u00e1 contar con panelistas invitados de alto nivel de los cuatro pa\u00edses que est\u00e1n comprometidos en la construcci\u00f3n y operaci\u00f3n del Corredor Bioce\u00e1nico Vial (CBV) desde el Estado de Mato Grosso do Sul, pasando por el Chaco Paraguayo, el Noroeste Argentino hasta los puertos del norte de Chile. Est\u00e1n invitados los Coordinadores Nacionales del CBV de Brasil, Paraguay, Argentina y Chile, as\u00ed como autoridades regionales por donde pasa el trazado de esta obra cuatrinacional, junto a empresarios, funcionarios, acad\u00e9micos e interesados, en general, para conocer las conclusiones de los estudios e investigaciones realizadas durante 18 meses por el equipo de IDEAR, cuyo desarrollo se puede conocer en el Sitio Web <a href=\"http:\/\/www.corredorbioceanico.org\">www.corredorbioceanico.org<\/a>.<\/p>\n<p><img decoding=\"async\" class=\" size-full wp-image-5772\" src=\"https:\/\/www.revistalogistec.com\/wp-content\/uploads\/2021\/06\/corredor_01.jpg\" alt=\"corredor 01\" width=\"850\" height=\"509\" srcset=\"https:\/\/www.revistalogistec.com\/wp-content\/uploads\/2021\/06\/corredor_01.jpg 850w, https:\/\/www.revistalogistec.com\/wp-content\/uploads\/2021\/06\/corredor_01-300x180.jpg 300w, https:\/\/www.revistalogistec.com\/wp-content\/uploads\/2021\/06\/corredor_01-768x460.jpg 768w, https:\/\/www.revistalogistec.com\/wp-content\/uploads\/2021\/06\/corredor_01-750x449.jpg 750w\" sizes=\"(max-width: 850px) 100vw, 850px\" \/><\/p>\n<p style=\"text-align: justify;\">All\u00ed, en la Secci\u00f3n Recursos, se puede leer el Informe \u201cEntender el Corredor Bioce\u00e1nico Vial: los relatos de los expertos y de la Regi\u00f3n de Antofagasta\u201d, en el cual queda clara la falta de informaci\u00f3n que \u2013en general- se encontr\u00f3 en la comunidad antofagastina sobre qu\u00e9 es y los beneficios que puede reportar a la regi\u00f3n esta obra.<\/p>\n<p style=\"text-align: justify;\">Tambi\u00e9n figura all\u00ed el segundo informe de este proyecto, \u201cImpactos Econ\u00f3micos y Sociales del Corredor Bioce\u00e1nico Vial en la Regi\u00f3n de Antofagasta: una evaluaci\u00f3n preliminar\u201d. Una vez que sea presentado al Gobierno Regional el Informe Final de este Proyecto FIC-R tambi\u00e9n ser\u00e1 posible leerlo en el subt\u00edtulo \u201cInformes\u201d de esta Secci\u00f3n Recursos.<\/p>\n<p style=\"text-align: justify;\">\u201cEl proyecto del Corredor Bioce\u00e1nico Vial es una oportunidad para que la Regi\u00f3n de Antofagasta pueda lograr en las pr\u00f3ximas dos d\u00e9cadas un desarrollo m\u00e1s sostenible, ya que podr\u00eda permitir una mayor diversificaci\u00f3n productiva y de servicios: a\u00f1adiendo valor a los productos de Brasil, Paraguay y Argentina, mediante la formaci\u00f3n de cadenas globales y regionales de valor y convirtiendo a la Regi\u00f3n en un nodo log\u00edstico global de conexi\u00f3n con el Asia Pac\u00edfico.<\/p>\n<p style=\"text-align: justify;\">Estos resultados no est\u00e1n asegurados y ser\u00e1n, sin duda, dif\u00edciles de alcanzar a corto plazo. Para que estas aspiraciones se materialicen es fundamental la participaci\u00f3n de la poblaci\u00f3n regional en el desarrollo de esta iniciativa cuatrinacional, desde las autoridades p\u00fablicas a la sociedad civil, empezando por los empresarios y las universidades\u201d. Esta es parte de la introducci\u00f3n de ese Informe Final, que ser\u00e1 presentado en el Seminario del mi\u00e9rcoles 30, a partir de las 11 hs. Quienes se interesen en participar del mismo pueden inscribirse usando el siguiente enlace: zoom.us\/webinar\/register\/WN_8RMZf8HRRTmtNRV-MH4sZA.<\/p>\n","protected":false},"excerpt":{"rendered":"<p style=\"text-align: justify;\">Autoridades nacionales de Brasil, Paraguay, Argentina y Chile comentar\u00e1n resultados del Proyecto FIC-R que ejecut\u00f3 el IDEAR de la UCN.<\/p>\n","protected":false},"author":1,"featured_media":5768,"comment_status":"open","ping_status":"open","sticky":false,"template":"","format":"standard","meta":{"_acf_changed":false,"jnews-multi-image_gallery":[],"jnews_single_post":[],"jnews_primary_category":[],"jnews_social_meta":[],"jnews_override_counter":[],"footnotes":""},"categories":[12],"tags":[],"class_list":["post-5775","post","type-post","status-publish","format-standard","has-post-thumbnail","hentry","category-noticias-industria"],"acf":[],"yoast_head":"<!-- This site is optimized with the Yoast SEO plugin v27.2 - https:\/\/yoast.com\/product\/yoast-seo-wordpress\/ -->\n<title>CONCLUSIONES DE PROYECTO SOBRE CORREDOR BIOCE\u00c1NICO SER\u00c1N ENTREGADAS EN SEMINARIO VIRTUAL ESTE MI\u00c9RCOLES 30 - Revista Logistec<\/title>\n<meta name=\"robots\" content=\"index, follow, max-snippet:-1, max-image-preview:large, max-video-preview:-1\" \/>\n<link rel=\"canonical\" href=\"https:\/\/www.revistalogistec.com\/index.php\/2021\/06\/30\/conclusiones-de-proyecto-sobre-corredor-bioceanico-seran-entregadas-en-seminario-virtual-este-miercoles-30\/\" \/>\n<meta property=\"og:locale\" content=\"es_ES\" \/>\n<meta property=\"og:type\" content=\"article\" \/>\n<meta property=\"og:title\" content=\"CONCLUSIONES DE PROYECTO SOBRE CORREDOR BIOCE\u00c1NICO SER\u00c1N ENTREGADAS EN SEMINARIO VIRTUAL ESTE MI\u00c9RCOLES 30 - Revista Logistec\" \/>\n<meta property=\"og:description\" content=\"Autoridades nacionales de Brasil, Paraguay, Argentina y Chile comentar\u00e1n resultados del Proyecto FIC-R que ejecut\u00f3 el IDEAR de la UCN.\" \/>\n<meta property=\"og:url\" content=\"https:\/\/www.revistalogistec.com\/index.php\/2021\/06\/30\/conclusiones-de-proyecto-sobre-corredor-bioceanico-seran-entregadas-en-seminario-virtual-este-miercoles-30\/\" \/>\n<meta property=\"og:site_name\" content=\"Revista Logistec\" \/>\n<meta property=\"article:published_time\" content=\"2021-06-30T17:02:33+00:00\" \/>\n<meta property=\"og:image\" content=\"https:\/\/www.revistalogistec.com\/wp-content\/uploads\/2021\/06\/corredor_02.jpg\" \/>\n\t<meta property=\"og:image:width\" content=\"850\" \/>\n\t<meta property=\"og:image:height\" content=\"567\" \/>\n\t<meta property=\"og:image:type\" content=\"image\/jpeg\" \/>\n<meta name=\"author\" content=\"admin\" \/>\n<meta name=\"twitter:card\" content=\"summary_large_image\" \/>\n<meta name=\"twitter:label1\" content=\"Escrito por\" \/>\n\t<meta name=\"twitter:data1\" content=\"admin\" \/>\n\t<meta name=\"twitter:label2\" content=\"Tiempo de lectura\" \/>\n\t<meta name=\"twitter:data2\" content=\"3 minutos\" \/>\n<script type=\"application\/ld+json\" class=\"yoast-schema-graph\">{\"@context\":\"https:\/\/schema.org\",\"@graph\":[{\"@type\":\"Article\",\"@id\":\"https:\/\/www.revistalogistec.com\/index.php\/2021\/06\/30\/conclusiones-de-proyecto-sobre-corredor-bioceanico-seran-entregadas-en-seminario-virtual-este-miercoles-30\/#article\",\"isPartOf\":{\"@id\":\"https:\/\/www.revistalogistec.com\/index.php\/2021\/06\/30\/conclusiones-de-proyecto-sobre-corredor-bioceanico-seran-entregadas-en-seminario-virtual-este-miercoles-30\/\"},\"author\":{\"name\":\"admin\",\"@id\":\"https:\/\/www.revistalogistec.com\/#\/schema\/person\/b25cced65507282f3fc6eb806b1db4f0\"},\"headline\":\"CONCLUSIONES DE PROYECTO SOBRE CORREDOR BIOCE\u00c1NICO SER\u00c1N ENTREGADAS EN SEMINARIO VIRTUAL ESTE MI\u00c9RCOLES 30\",\"datePublished\":\"2021-06-30T17:02:33+00:00\",\"mainEntityOfPage\":{\"@id\":\"https:\/\/www.revistalogistec.com\/index.php\/2021\/06\/30\/conclusiones-de-proyecto-sobre-corredor-bioceanico-seran-entregadas-en-seminario-virtual-este-miercoles-30\/\"},\"wordCount\":551,\"commentCount\":0,\"image\":{\"@id\":\"https:\/\/www.revistalogistec.com\/index.php\/2021\/06\/30\/conclusiones-de-proyecto-sobre-corredor-bioceanico-seran-entregadas-en-seminario-virtual-este-miercoles-30\/#primaryimage\"},\"thumbnailUrl\":\"https:\/\/www.revistalogistec.com\/wp-content\/uploads\/2021\/06\/corredor_02.jpg\",\"articleSection\":[\"NOTICIAS INDUSTRIA\"],\"inLanguage\":\"es\"},{\"@type\":\"WebPage\",\"@id\":\"https:\/\/www.revistalogistec.com\/index.php\/2021\/06\/30\/conclusiones-de-proyecto-sobre-corredor-bioceanico-seran-entregadas-en-seminario-virtual-este-miercoles-30\/\",\"url\":\"https:\/\/www.revistalogistec.com\/index.php\/2021\/06\/30\/conclusiones-de-proyecto-sobre-corredor-bioceanico-seran-entregadas-en-seminario-virtual-este-miercoles-30\/\",\"name\":\"CONCLUSIONES DE PROYECTO SOBRE CORREDOR BIOCE\u00c1NICO SER\u00c1N ENTREGADAS EN SEMINARIO VIRTUAL ESTE MI\u00c9RCOLES 30 - Revista Logistec\",\"isPartOf\":{\"@id\":\"https:\/\/www.revistalogistec.com\/#website\"},\"primaryImageOfPage\":{\"@id\":\"https:\/\/www.revistalogistec.com\/index.php\/2021\/06\/30\/conclusiones-de-proyecto-sobre-corredor-bioceanico-seran-entregadas-en-seminario-virtual-este-miercoles-30\/#primaryimage\"},\"image\":{\"@id\":\"https:\/\/www.revistalogistec.com\/index.php\/2021\/06\/30\/conclusiones-de-proyecto-sobre-corredor-bioceanico-seran-entregadas-en-seminario-virtual-este-miercoles-30\/#primaryimage\"},\"thumbnailUrl\":\"https:\/\/www.revistalogistec.com\/wp-content\/uploads\/2021\/06\/corredor_02.jpg\",\"datePublished\":\"2021-06-30T17:02:33+00:00\",\"author\":{\"@id\":\"https:\/\/www.revistalogistec.com\/#\/schema\/person\/b25cced65507282f3fc6eb806b1db4f0\"},\"breadcrumb\":{\"@id\":\"https:\/\/www.revistalogistec.com\/index.php\/2021\/06\/30\/conclusiones-de-proyecto-sobre-corredor-bioceanico-seran-entregadas-en-seminario-virtual-este-miercoles-30\/#breadcrumb\"},\"inLanguage\":\"es\",\"potentialAction\":[{\"@type\":\"ReadAction\",\"target\":[\"https:\/\/www.revistalogistec.com\/index.php\/2021\/06\/30\/conclusiones-de-proyecto-sobre-corredor-bioceanico-seran-entregadas-en-seminario-virtual-este-miercoles-30\/\"]}]},{\"@type\":\"ImageObject\",\"inLanguage\":\"es\",\"@id\":\"https:\/\/www.revistalogistec.com\/index.php\/2021\/06\/30\/conclusiones-de-proyecto-sobre-corredor-bioceanico-seran-entregadas-en-seminario-virtual-este-miercoles-30\/#primaryimage\",\"url\":\"https:\/\/www.revistalogistec.com\/wp-content\/uploads\/2021\/06\/corredor_02.jpg\",\"contentUrl\":\"https:\/\/www.revistalogistec.com\/wp-content\/uploads\/2021\/06\/corredor_02.jpg\",\"width\":850,\"height\":567},{\"@type\":\"BreadcrumbList\",\"@id\":\"https:\/\/www.revistalogistec.com\/index.php\/2021\/06\/30\/conclusiones-de-proyecto-sobre-corredor-bioceanico-seran-entregadas-en-seminario-virtual-este-miercoles-30\/#breadcrumb\",\"itemListElement\":[{\"@type\":\"ListItem\",\"position\":1,\"name\":\"Portada\",\"item\":\"https:\/\/www.revistalogistec.com\/\"},{\"@type\":\"ListItem\",\"position\":2,\"name\":\"CONCLUSIONES DE PROYECTO SOBRE CORREDOR BIOCE\u00c1NICO SER\u00c1N ENTREGADAS EN SEMINARIO VIRTUAL ESTE MI\u00c9RCOLES 30\"}]},{\"@type\":\"WebSite\",\"@id\":\"https:\/\/www.revistalogistec.com\/#website\",\"url\":\"https:\/\/www.revistalogistec.com\/\",\"name\":\"Revista Logistec\",\"description\":\"\",\"potentialAction\":[{\"@type\":\"SearchAction\",\"target\":{\"@type\":\"EntryPoint\",\"urlTemplate\":\"https:\/\/www.revistalogistec.com\/?s={search_term_string}\"},\"query-input\":{\"@type\":\"PropertyValueSpecification\",\"valueRequired\":true,\"valueName\":\"search_term_string\"}}],\"inLanguage\":\"es\"},{\"@type\":\"Person\",\"@id\":\"https:\/\/www.revistalogistec.com\/#\/schema\/person\/b25cced65507282f3fc6eb806b1db4f0\",\"name\":\"admin\",\"image\":{\"@type\":\"ImageObject\",\"inLanguage\":\"es\",\"@id\":\"https:\/\/secure.gravatar.com\/avatar\/94631f712dee24b50f2f12a7caf62df22b2c346945fcff655ce85b674bebf6fd?s=96&d=mm&r=g\",\"url\":\"https:\/\/secure.gravatar.com\/avatar\/94631f712dee24b50f2f12a7caf62df22b2c346945fcff655ce85b674bebf6fd?s=96&d=mm&r=g\",\"contentUrl\":\"https:\/\/secure.gravatar.com\/avatar\/94631f712dee24b50f2f12a7caf62df22b2c346945fcff655ce85b674bebf6fd?s=96&d=mm&r=g\",\"caption\":\"admin\"},\"sameAs\":[\"https:\/\/www.revistalogistec.com\"],\"url\":\"https:\/\/www.revistalogistec.com\/index.php\/author\/admin_revlog\/\"}]}<\/script>\n<!-- \/ Yoast SEO plugin. -->","yoast_head_json":{"title":"CONCLUSIONES DE PROYECTO SOBRE CORREDOR BIOCE\u00c1NICO SER\u00c1N ENTREGADAS EN SEMINARIO VIRTUAL ESTE MI\u00c9RCOLES 30 - Revista Logistec","robots":{"index":"index","follow":"follow","max-snippet":"max-snippet:-1","max-image-preview":"max-image-preview:large","max-video-preview":"max-video-preview:-1"},"canonical":"https:\/\/www.revistalogistec.com\/index.php\/2021\/06\/30\/conclusiones-de-proyecto-sobre-corredor-bioceanico-seran-entregadas-en-seminario-virtual-este-miercoles-30\/","og_locale":"es_ES","og_type":"article","og_title":"CONCLUSIONES DE PROYECTO SOBRE CORREDOR BIOCE\u00c1NICO SER\u00c1N ENTREGADAS EN SEMINARIO VIRTUAL ESTE MI\u00c9RCOLES 30 - Revista Logistec","og_description":"Autoridades nacionales de Brasil, Paraguay, Argentina y Chile comentar\u00e1n resultados del Proyecto FIC-R que ejecut\u00f3 el IDEAR de la UCN.","og_url":"https:\/\/www.revistalogistec.com\/index.php\/2021\/06\/30\/conclusiones-de-proyecto-sobre-corredor-bioceanico-seran-entregadas-en-seminario-virtual-este-miercoles-30\/","og_site_name":"Revista Logistec","article_published_time":"2021-06-30T17:02:33+00:00","og_image":[{"width":850,"height":567,"url":"https:\/\/www.revistalogistec.com\/wp-content\/uploads\/2021\/06\/corredor_02.jpg","type":"image\/jpeg"}],"author":"admin","twitter_card":"summary_large_image","twitter_misc":{"Escrito por":"admin","Tiempo de lectura":"3 minutos"},"schema":{"@context":"https:\/\/schema.org","@graph":[{"@type":"Article","@id":"https:\/\/www.revistalogistec.com\/index.php\/2021\/06\/30\/conclusiones-de-proyecto-sobre-corredor-bioceanico-seran-entregadas-en-seminario-virtual-este-miercoles-30\/#article","isPartOf":{"@id":"https:\/\/www.revistalogistec.com\/index.php\/2021\/06\/30\/conclusiones-de-proyecto-sobre-corredor-bioceanico-seran-entregadas-en-seminario-virtual-este-miercoles-30\/"},"author":{"name":"admin","@id":"https:\/\/www.revistalogistec.com\/#\/schema\/person\/b25cced65507282f3fc6eb806b1db4f0"},"headline":"CONCLUSIONES DE PROYECTO SOBRE CORREDOR BIOCE\u00c1NICO SER\u00c1N ENTREGADAS EN SEMINARIO VIRTUAL ESTE MI\u00c9RCOLES 30","datePublished":"2021-06-30T17:02:33+00:00","mainEntityOfPage":{"@id":"https:\/\/www.revistalogistec.com\/index.php\/2021\/06\/30\/conclusiones-de-proyecto-sobre-corredor-bioceanico-seran-entregadas-en-seminario-virtual-este-miercoles-30\/"},"wordCount":551,"commentCount":0,"image":{"@id":"https:\/\/www.revistalogistec.com\/index.php\/2021\/06\/30\/conclusiones-de-proyecto-sobre-corredor-bioceanico-seran-entregadas-en-seminario-virtual-este-miercoles-30\/#primaryimage"},"thumbnailUrl":"https:\/\/www.revistalogistec.com\/wp-content\/uploads\/2021\/06\/corredor_02.jpg","articleSection":["NOTICIAS INDUSTRIA"],"inLanguage":"es"},{"@type":"WebPage","@id":"https:\/\/www.revistalogistec.com\/index.php\/2021\/06\/30\/conclusiones-de-proyecto-sobre-corredor-bioceanico-seran-entregadas-en-seminario-virtual-este-miercoles-30\/","url":"https:\/\/www.revistalogistec.com\/index.php\/2021\/06\/30\/conclusiones-de-proyecto-sobre-corredor-bioceanico-seran-entregadas-en-seminario-virtual-este-miercoles-30\/","name":"CONCLUSIONES DE PROYECTO SOBRE CORREDOR BIOCE\u00c1NICO SER\u00c1N ENTREGADAS EN SEMINARIO VIRTUAL ESTE MI\u00c9RCOLES 30 - Revista Logistec","isPartOf":{"@id":"https:\/\/www.revistalogistec.com\/#website"},"primaryImageOfPage":{"@id":"https:\/\/www.revistalogistec.com\/index.php\/2021\/06\/30\/conclusiones-de-proyecto-sobre-corredor-bioceanico-seran-entregadas-en-seminario-virtual-este-miercoles-30\/#primaryimage"},"image":{"@id":"https:\/\/www.revistalogistec.com\/index.php\/2021\/06\/30\/conclusiones-de-proyecto-sobre-corredor-bioceanico-seran-entregadas-en-seminario-virtual-este-miercoles-30\/#primaryimage"},"thumbnailUrl":"https:\/\/www.revistalogistec.com\/wp-content\/uploads\/2021\/06\/corredor_02.jpg","datePublished":"2021-06-30T17:02:33+00:00","author":{"@id":"https:\/\/www.revistalogistec.com\/#\/schema\/person\/b25cced65507282f3fc6eb806b1db4f0"},"breadcrumb":{"@id":"https:\/\/www.revistalogistec.com\/index.php\/2021\/06\/30\/conclusiones-de-proyecto-sobre-corredor-bioceanico-seran-entregadas-en-seminario-virtual-este-miercoles-30\/#breadcrumb"},"inLanguage":"es","potentialAction":[{"@type":"ReadAction","target":["https:\/\/www.revistalogistec.com\/index.php\/2021\/06\/30\/conclusiones-de-proyecto-sobre-corredor-bioceanico-seran-entregadas-en-seminario-virtual-este-miercoles-30\/"]}]},{"@type":"ImageObject","inLanguage":"es","@id":"https:\/\/www.revistalogistec.com\/index.php\/2021\/06\/30\/conclusiones-de-proyecto-sobre-corredor-bioceanico-seran-entregadas-en-seminario-virtual-este-miercoles-30\/#primaryimage","url":"https:\/\/www.revistalogistec.com\/wp-content\/uploads\/2021\/06\/corredor_02.jpg","contentUrl":"https:\/\/www.revistalogistec.com\/wp-content\/uploads\/2021\/06\/corredor_02.jpg","width":850,"height":567},{"@type":"BreadcrumbList","@id":"https:\/\/www.revistalogistec.com\/index.php\/2021\/06\/30\/conclusiones-de-proyecto-sobre-corredor-bioceanico-seran-entregadas-en-seminario-virtual-este-miercoles-30\/#breadcrumb","itemListElement":[{"@type":"ListItem","position":1,"name":"Portada","item":"https:\/\/www.revistalogistec.com\/"},{"@type":"ListItem","position":2,"name":"CONCLUSIONES DE PROYECTO SOBRE CORREDOR BIOCE\u00c1NICO SER\u00c1N ENTREGADAS EN SEMINARIO VIRTUAL ESTE MI\u00c9RCOLES 30"}]},{"@type":"WebSite","@id":"https:\/\/www.revistalogistec.com\/#website","url":"https:\/\/www.revistalogistec.com\/","name":"Revista Logistec","description":"","potentialAction":[{"@type":"SearchAction","target":{"@type":"EntryPoint","urlTemplate":"https:\/\/www.revistalogistec.com\/?s={search_term_string}"},"query-input":{"@type":"PropertyValueSpecification","valueRequired":true,"valueName":"search_term_string"}}],"inLanguage":"es"},{"@type":"Person","@id":"https:\/\/www.revistalogistec.com\/#\/schema\/person\/b25cced65507282f3fc6eb806b1db4f0","name":"admin","image":{"@type":"ImageObject","inLanguage":"es","@id":"https:\/\/secure.gravatar.com\/avatar\/94631f712dee24b50f2f12a7caf62df22b2c346945fcff655ce85b674bebf6fd?s=96&d=mm&r=g","url":"https:\/\/secure.gravatar.com\/avatar\/94631f712dee24b50f2f12a7caf62df22b2c346945fcff655ce85b674bebf6fd?s=96&d=mm&r=g","contentUrl":"https:\/\/secure.gravatar.com\/avatar\/94631f712dee24b50f2f12a7caf62df22b2c346945fcff655ce85b674bebf6fd?s=96&d=mm&r=g","caption":"admin"},"sameAs":["https:\/\/www.revistalogistec.com"],"url":"https:\/\/www.revistalogistec.com\/index.php\/author\/admin_revlog\/"}]}},"_links":{"self":[{"href":"https:\/\/www.revistalogistec.com\/index.php\/wp-json\/wp\/v2\/posts\/5775","targetHints":{"allow":["GET"]}}],"collection":[{"href":"https:\/\/www.revistalogistec.com\/index.php\/wp-json\/wp\/v2\/posts"}],"about":[{"href":"https:\/\/www.revistalogistec.com\/index.php\/wp-json\/wp\/v2\/types\/post"}],"author":[{"embeddable":true,"href":"https:\/\/www.revistalogistec.com\/index.php\/wp-json\/wp\/v2\/users\/1"}],"replies":[{"embeddable":true,"href":"https:\/\/www.revistalogistec.com\/index.php\/wp-json\/wp\/v2\/comments?post=5775"}],"version-history":[{"count":0,"href":"https:\/\/www.revistalogistec.com\/index.php\/wp-json\/wp\/v2\/posts\/5775\/revisions"}],"wp:featuredmedia":[{"embeddable":true,"href":"https:\/\/www.revistalogistec.com\/index.php\/wp-json\/wp\/v2\/media\/5768"}],"wp:attachment":[{"href":"https:\/\/www.revistalogistec.com\/index.php\/wp-json\/wp\/v2\/media?parent=5775"}],"wp:term":[{"taxonomy":"category","embeddable":true,"href":"https:\/\/www.revistalogistec.com\/index.php\/wp-json\/wp\/v2\/categories?post=5775"},{"taxonomy":"post_tag","embeddable":true,"href":"https:\/\/www.revistalogistec.com\/index.php\/wp-json\/wp\/v2\/tags?post=5775"}],"curies":[{"name":"wp","href":"https:\/\/api.w.org\/{rel}","templated":true}]}}