{"id":642,"date":"2019-12-15T15:25:32","date_gmt":"2019-12-15T15:25:32","guid":{"rendered":"https:\/\/www.revistalogistec.com\/index.php\/2019\/12\/15\/de-costo-a-valor-agregado\/"},"modified":"2019-12-15T15:25:32","modified_gmt":"2019-12-15T15:25:32","slug":"de-costo-a-valor-agregado","status":"publish","type":"post","link":"https:\/\/www.revistalogistec.com\/index.php\/2019\/12\/15\/de-costo-a-valor-agregado\/","title":{"rendered":"DE COSTO A VALOR AGREGADO"},"content":{"rendered":"<p style=\"text-align: justify;\">Permanentemente escuchamos sobre el costo y\/o gasto log\u00edstico en el que las compa\u00f1\u00edas incurren para entregar el nivel de servicio requerido por sus clientes, lo que asoma como uno de los factores de mayor relevancia al momento de analizar la operativa de las empresas.<\/p>\n<p style=\"text-align: justify;\">Lo anterior muchas veces implica mantener niveles de stock apropiados, bajo ciertas condiciones propias de cada negocio, sistemas robustos y procesos que permitan mantener exactitud de \u00e9stos, y as\u00ed, garantizar trazabilidad y consistencia; entre otros factores.<\/p>\n<p style=\"text-align: justify;\"><img decoding=\"async\" class=\" alignleft size-full wp-image-640\" src=\"https:\/\/www.revistalogistec.com\/wp-content\/uploads\/2019\/12\/Cesar_Arriagada_logistec.jpg\" alt=\"Cesar Arriagada logistec\" style=\"margin: 10px; float: left;\" width=\"200\" height=\"200\" srcset=\"https:\/\/www.revistalogistec.com\/wp-content\/uploads\/2019\/12\/Cesar_Arriagada_logistec.jpg 200w, https:\/\/www.revistalogistec.com\/wp-content\/uploads\/2019\/12\/Cesar_Arriagada_logistec-150x150.jpg 150w, https:\/\/www.revistalogistec.com\/wp-content\/uploads\/2019\/12\/Cesar_Arriagada_logistec-75x75.jpg 75w\" sizes=\"(max-width: 200px) 100vw, 200px\" \/>Por otro lado, no es un misterio para nadie que los mercados son cada vez m\u00e1s complejos, con mayor cantidad de requerimientos y exigencias, lo que obliga a las empresas a estar constantemente en busca de estrategias que les permita responder a esas complejidades sin impactar negativamente la estructura de costo, algo cada vez m\u00e1s complejo de abordar.<\/p>\n<p style=\"text-align: justify;\">Hace algunos a\u00f1os, exist\u00eda una corriente o tendencia \u2013por lo menos a nivel local\u2013 que estrat\u00e9gicamente apuntaba a externalizar o tercerizar los servicios log\u00edsticos y de distribuci\u00f3n. Juntamente con ello, emergieron los denominados \u201csocios estrat\u00e9gicos\u201d o 3PL, modelos que ofrec\u00edan como ventaja competitiva una expertise log\u00edstica y su capacidad de integraci\u00f3n con las empresas. Los actores de este sector crecieron enormemente en el \u00faltimo tiempo. Un \u201caliado para tu operaci\u00f3n\u201d ha sido el eslogan que define la performance operacional que realizan.<\/p>\n<p style=\"text-align: justify;\">No obstante, si internamente, en el seno de la compa\u00f1\u00eda, no existe real conciencia e intenci\u00f3n de trabajar colaborativamente, la externalizaci\u00f3n o tercerizaci\u00f3n se transforma en un modelo con ciertas \u201cfisuras\u201d que terminan finalmente impactando el costo y el servicio; ambos factores trascendentales para las empresas. <\/p>\n<p>Y aunque el modelo de 3PL funciona muy bien para ciertas compa\u00f1\u00edas, en otras tantas han comenzado a germinar modelos log\u00edsticos internos m\u00e1s desarrollados, con profesionales altamente capacitados y con herramientas tecnol\u00f3gicas en pro del mejoramiento y la optimizaci\u00f3n.<\/p>\n<p style=\"text-align: justify;\">Desde esa perspectiva es que muchas empresas actualmente buscan desarrollar internamente sus propios modelos log\u00edsticos, ya que esto les permite \u201cpersonalizar\u201d sus procesos de tal forma de transformar la log\u00edstica y distribuci\u00f3n pragm\u00e1tica, en una log\u00edstica y distribuci\u00f3n flexible y optimizada que agrega valor a la cadena en su conjunto.<\/p>\n<p style=\"text-align: justify;\">Con lo anterior, las \u00e1reas de log\u00edstica y distribuci\u00f3n han comenzado a mutar, pasando de ser \u00e1reas puramente operativas ejecutoras, a ser \u00e1reas de valor agregado para el negocio, generando integraci\u00f3n interna, especialmente hacia las \u00e1reas comerciales, actuando como consultoras propias con la gran ventaja de tener el \u201cknow how\u201d lo que finalmente se traduce en mecanismos internos que permiten hacer m\u00e1s rentable el negocio, transform\u00e1ndose as\u00ed, en aliados estrat\u00e9gicos internos.<\/p>\n<p style=\"text-align: justify;\">En esta direcci\u00f3n existe un \u00e1rea clave, en ciertas ocasiones subvalorada, que es el \u00e1rea de Servicio al Cliente que es justamente el puente natural para lograr aquella integraci\u00f3n interna, pudiendo llegar a niveles de detalle muy precisos, a trav\u00e9s de los sistemas e informaci\u00f3n hist\u00f3rica como las ventas a clientes.<\/p>\n<p style=\"text-align: justify;\">Ac\u00e1 es donde se debe aplicar el concepto de colaboraci\u00f3n real, no como una declaraci\u00f3n de buenas intenciones, sino m\u00e1s bien ocuparse y redise\u00f1arse para atender esta necesidad de tal forma de lograr capturar las necesidades m\u00e1s espec\u00edficas internas y externas, esto nos permitir\u00e1 extraer informaci\u00f3n muy rica que, si tenemos la capacidad de analizar, procesar y transformar en mejoras sist\u00e9micas, estaremos agregando valor a la cadena de suministro y al negocio.<\/p>\n<p style=\"text-align: justify;\">La clave est\u00e1 en desafiar el \u201cstatus quo\u201d, las empresas deben construir capacidad interna para enfrentar los tiempos actuales llenos de desaf\u00edos comerciales y operativos, los cuales pueden llegar a contener bemoles hasta ac\u00e1, no conocidos por todos.&nbsp;Cada Compa\u00f1\u00eda es un mundo de posibilidades, hablando de mejoras, optimizaci\u00f3n, productividad y servicio. Sin embargo, para alcanzar este nivel la clave est\u00e1 en mirarse desde adentro y desafiar, constructivamente, todo.<\/p>\n<p style=\"text-align: justify;\">Muchas veces, la soluci\u00f3n a alguna problem\u00e1tica operacional o implementaci\u00f3n de una mejora en los procesos est\u00e1 al interior de las empresas. Parar, mirar y escuchar a todos los eslabones de la cadena, lo que genera conocimiento sobre la operaci\u00f3n, es clave para conocer el camino hacia el \u00e9xito operacional.<\/p>\n<p style=\"text-align: justify;\">Por C\u00e9sar Arriagada, Country Logistics Manager&nbsp;Ecolab<\/p>\n","protected":false},"excerpt":{"rendered":"<p style=\"text-align: justify;\">Permanentemente escuchamos sobre el costo y\/o gasto log\u00edstico en el que las compa\u00f1\u00edas incurren para entregar el nivel de servicio requerido por sus clientes, lo que asoma como uno de los factores de mayor relevancia al momento de analizar la operativa de las empresas.<\/p>\n","protected":false},"author":1,"featured_media":639,"comment_status":"open","ping_status":"open","sticky":false,"template":"","format":"standard","meta":{"_acf_changed":false,"jnews-multi-image_gallery":[],"jnews_single_post":[],"jnews_primary_category":[],"jnews_social_meta":[],"jnews_override_counter":[],"footnotes":""},"categories":[83],"tags":[],"class_list":["post-642","post","type-post","status-publish","format-standard","has-post-thumbnail","hentry","category-analisis"],"acf":[],"yoast_head":"<!-- This site is optimized with the Yoast SEO plugin v27.2 - https:\/\/yoast.com\/product\/yoast-seo-wordpress\/ -->\n<title>DE COSTO A VALOR AGREGADO - Revista Logistec<\/title>\n<meta name=\"robots\" content=\"index, follow, max-snippet:-1, max-image-preview:large, max-video-preview:-1\" \/>\n<link rel=\"canonical\" href=\"https:\/\/www.revistalogistec.com\/index.php\/2019\/12\/15\/de-costo-a-valor-agregado\/\" \/>\n<meta property=\"og:locale\" content=\"es_ES\" \/>\n<meta property=\"og:type\" content=\"article\" \/>\n<meta property=\"og:title\" content=\"DE COSTO A VALOR AGREGADO - Revista Logistec\" \/>\n<meta property=\"og:description\" content=\"Permanentemente escuchamos sobre el costo y\/o gasto log\u00edstico en el que las compa\u00f1\u00edas incurren para entregar el nivel de servicio requerido por sus clientes, lo que asoma como uno de los factores de mayor relevancia al momento de analizar la operativa de las empresas.\" \/>\n<meta property=\"og:url\" content=\"https:\/\/www.revistalogistec.com\/index.php\/2019\/12\/15\/de-costo-a-valor-agregado\/\" \/>\n<meta property=\"og:site_name\" content=\"Revista Logistec\" \/>\n<meta property=\"article:published_time\" content=\"2019-12-15T15:25:32+00:00\" \/>\n<meta property=\"og:image\" content=\"https:\/\/www.revistalogistec.com\/wp-content\/uploads\/2019\/12\/ed114_logistec_costo_valor.jpg\" \/>\n\t<meta property=\"og:image:width\" content=\"850\" \/>\n\t<meta property=\"og:image:height\" content=\"579\" \/>\n\t<meta property=\"og:image:type\" content=\"image\/jpeg\" \/>\n<meta name=\"author\" content=\"admin\" \/>\n<meta name=\"twitter:card\" content=\"summary_large_image\" \/>\n<meta name=\"twitter:label1\" content=\"Escrito por\" \/>\n\t<meta name=\"twitter:data1\" content=\"admin\" \/>\n\t<meta name=\"twitter:label2\" content=\"Tiempo de lectura\" \/>\n\t<meta name=\"twitter:data2\" content=\"4 minutos\" \/>\n<script type=\"application\/ld+json\" class=\"yoast-schema-graph\">{\"@context\":\"https:\/\/schema.org\",\"@graph\":[{\"@type\":\"Article\",\"@id\":\"https:\/\/www.revistalogistec.com\/index.php\/2019\/12\/15\/de-costo-a-valor-agregado\/#article\",\"isPartOf\":{\"@id\":\"https:\/\/www.revistalogistec.com\/index.php\/2019\/12\/15\/de-costo-a-valor-agregado\/\"},\"author\":{\"name\":\"admin\",\"@id\":\"https:\/\/www.revistalogistec.com\/#\/schema\/person\/b25cced65507282f3fc6eb806b1db4f0\"},\"headline\":\"DE COSTO A VALOR AGREGADO\",\"datePublished\":\"2019-12-15T15:25:32+00:00\",\"mainEntityOfPage\":{\"@id\":\"https:\/\/www.revistalogistec.com\/index.php\/2019\/12\/15\/de-costo-a-valor-agregado\/\"},\"wordCount\":738,\"commentCount\":0,\"image\":{\"@id\":\"https:\/\/www.revistalogistec.com\/index.php\/2019\/12\/15\/de-costo-a-valor-agregado\/#primaryimage\"},\"thumbnailUrl\":\"https:\/\/www.revistalogistec.com\/wp-content\/uploads\/2019\/12\/ed114_logistec_costo_valor.jpg\",\"articleSection\":[\"AN\u00c1LISIS\"],\"inLanguage\":\"es\"},{\"@type\":\"WebPage\",\"@id\":\"https:\/\/www.revistalogistec.com\/index.php\/2019\/12\/15\/de-costo-a-valor-agregado\/\",\"url\":\"https:\/\/www.revistalogistec.com\/index.php\/2019\/12\/15\/de-costo-a-valor-agregado\/\",\"name\":\"DE COSTO A VALOR AGREGADO - Revista Logistec\",\"isPartOf\":{\"@id\":\"https:\/\/www.revistalogistec.com\/#website\"},\"primaryImageOfPage\":{\"@id\":\"https:\/\/www.revistalogistec.com\/index.php\/2019\/12\/15\/de-costo-a-valor-agregado\/#primaryimage\"},\"image\":{\"@id\":\"https:\/\/www.revistalogistec.com\/index.php\/2019\/12\/15\/de-costo-a-valor-agregado\/#primaryimage\"},\"thumbnailUrl\":\"https:\/\/www.revistalogistec.com\/wp-content\/uploads\/2019\/12\/ed114_logistec_costo_valor.jpg\",\"datePublished\":\"2019-12-15T15:25:32+00:00\",\"author\":{\"@id\":\"https:\/\/www.revistalogistec.com\/#\/schema\/person\/b25cced65507282f3fc6eb806b1db4f0\"},\"breadcrumb\":{\"@id\":\"https:\/\/www.revistalogistec.com\/index.php\/2019\/12\/15\/de-costo-a-valor-agregado\/#breadcrumb\"},\"inLanguage\":\"es\",\"potentialAction\":[{\"@type\":\"ReadAction\",\"target\":[\"https:\/\/www.revistalogistec.com\/index.php\/2019\/12\/15\/de-costo-a-valor-agregado\/\"]}]},{\"@type\":\"ImageObject\",\"inLanguage\":\"es\",\"@id\":\"https:\/\/www.revistalogistec.com\/index.php\/2019\/12\/15\/de-costo-a-valor-agregado\/#primaryimage\",\"url\":\"https:\/\/www.revistalogistec.com\/wp-content\/uploads\/2019\/12\/ed114_logistec_costo_valor.jpg\",\"contentUrl\":\"https:\/\/www.revistalogistec.com\/wp-content\/uploads\/2019\/12\/ed114_logistec_costo_valor.jpg\",\"width\":850,\"height\":579},{\"@type\":\"BreadcrumbList\",\"@id\":\"https:\/\/www.revistalogistec.com\/index.php\/2019\/12\/15\/de-costo-a-valor-agregado\/#breadcrumb\",\"itemListElement\":[{\"@type\":\"ListItem\",\"position\":1,\"name\":\"Portada\",\"item\":\"https:\/\/www.revistalogistec.com\/\"},{\"@type\":\"ListItem\",\"position\":2,\"name\":\"DE COSTO A VALOR AGREGADO\"}]},{\"@type\":\"WebSite\",\"@id\":\"https:\/\/www.revistalogistec.com\/#website\",\"url\":\"https:\/\/www.revistalogistec.com\/\",\"name\":\"Revista Logistec\",\"description\":\"\",\"potentialAction\":[{\"@type\":\"SearchAction\",\"target\":{\"@type\":\"EntryPoint\",\"urlTemplate\":\"https:\/\/www.revistalogistec.com\/?s={search_term_string}\"},\"query-input\":{\"@type\":\"PropertyValueSpecification\",\"valueRequired\":true,\"valueName\":\"search_term_string\"}}],\"inLanguage\":\"es\"},{\"@type\":\"Person\",\"@id\":\"https:\/\/www.revistalogistec.com\/#\/schema\/person\/b25cced65507282f3fc6eb806b1db4f0\",\"name\":\"admin\",\"image\":{\"@type\":\"ImageObject\",\"inLanguage\":\"es\",\"@id\":\"https:\/\/secure.gravatar.com\/avatar\/94631f712dee24b50f2f12a7caf62df22b2c346945fcff655ce85b674bebf6fd?s=96&d=mm&r=g\",\"url\":\"https:\/\/secure.gravatar.com\/avatar\/94631f712dee24b50f2f12a7caf62df22b2c346945fcff655ce85b674bebf6fd?s=96&d=mm&r=g\",\"contentUrl\":\"https:\/\/secure.gravatar.com\/avatar\/94631f712dee24b50f2f12a7caf62df22b2c346945fcff655ce85b674bebf6fd?s=96&d=mm&r=g\",\"caption\":\"admin\"},\"sameAs\":[\"https:\/\/www.revistalogistec.com\"],\"url\":\"https:\/\/www.revistalogistec.com\/index.php\/author\/admin_revlog\/\"}]}<\/script>\n<!-- \/ Yoast SEO plugin. -->","yoast_head_json":{"title":"DE COSTO A VALOR AGREGADO - Revista Logistec","robots":{"index":"index","follow":"follow","max-snippet":"max-snippet:-1","max-image-preview":"max-image-preview:large","max-video-preview":"max-video-preview:-1"},"canonical":"https:\/\/www.revistalogistec.com\/index.php\/2019\/12\/15\/de-costo-a-valor-agregado\/","og_locale":"es_ES","og_type":"article","og_title":"DE COSTO A VALOR AGREGADO - Revista Logistec","og_description":"Permanentemente escuchamos sobre el costo y\/o gasto log\u00edstico en el que las compa\u00f1\u00edas incurren para entregar el nivel de servicio requerido por sus clientes, lo que asoma como uno de los factores de mayor relevancia al momento de analizar la operativa de las empresas.","og_url":"https:\/\/www.revistalogistec.com\/index.php\/2019\/12\/15\/de-costo-a-valor-agregado\/","og_site_name":"Revista Logistec","article_published_time":"2019-12-15T15:25:32+00:00","og_image":[{"width":850,"height":579,"url":"https:\/\/www.revistalogistec.com\/wp-content\/uploads\/2019\/12\/ed114_logistec_costo_valor.jpg","type":"image\/jpeg"}],"author":"admin","twitter_card":"summary_large_image","twitter_misc":{"Escrito por":"admin","Tiempo de lectura":"4 minutos"},"schema":{"@context":"https:\/\/schema.org","@graph":[{"@type":"Article","@id":"https:\/\/www.revistalogistec.com\/index.php\/2019\/12\/15\/de-costo-a-valor-agregado\/#article","isPartOf":{"@id":"https:\/\/www.revistalogistec.com\/index.php\/2019\/12\/15\/de-costo-a-valor-agregado\/"},"author":{"name":"admin","@id":"https:\/\/www.revistalogistec.com\/#\/schema\/person\/b25cced65507282f3fc6eb806b1db4f0"},"headline":"DE COSTO A VALOR AGREGADO","datePublished":"2019-12-15T15:25:32+00:00","mainEntityOfPage":{"@id":"https:\/\/www.revistalogistec.com\/index.php\/2019\/12\/15\/de-costo-a-valor-agregado\/"},"wordCount":738,"commentCount":0,"image":{"@id":"https:\/\/www.revistalogistec.com\/index.php\/2019\/12\/15\/de-costo-a-valor-agregado\/#primaryimage"},"thumbnailUrl":"https:\/\/www.revistalogistec.com\/wp-content\/uploads\/2019\/12\/ed114_logistec_costo_valor.jpg","articleSection":["AN\u00c1LISIS"],"inLanguage":"es"},{"@type":"WebPage","@id":"https:\/\/www.revistalogistec.com\/index.php\/2019\/12\/15\/de-costo-a-valor-agregado\/","url":"https:\/\/www.revistalogistec.com\/index.php\/2019\/12\/15\/de-costo-a-valor-agregado\/","name":"DE COSTO A VALOR AGREGADO - Revista Logistec","isPartOf":{"@id":"https:\/\/www.revistalogistec.com\/#website"},"primaryImageOfPage":{"@id":"https:\/\/www.revistalogistec.com\/index.php\/2019\/12\/15\/de-costo-a-valor-agregado\/#primaryimage"},"image":{"@id":"https:\/\/www.revistalogistec.com\/index.php\/2019\/12\/15\/de-costo-a-valor-agregado\/#primaryimage"},"thumbnailUrl":"https:\/\/www.revistalogistec.com\/wp-content\/uploads\/2019\/12\/ed114_logistec_costo_valor.jpg","datePublished":"2019-12-15T15:25:32+00:00","author":{"@id":"https:\/\/www.revistalogistec.com\/#\/schema\/person\/b25cced65507282f3fc6eb806b1db4f0"},"breadcrumb":{"@id":"https:\/\/www.revistalogistec.com\/index.php\/2019\/12\/15\/de-costo-a-valor-agregado\/#breadcrumb"},"inLanguage":"es","potentialAction":[{"@type":"ReadAction","target":["https:\/\/www.revistalogistec.com\/index.php\/2019\/12\/15\/de-costo-a-valor-agregado\/"]}]},{"@type":"ImageObject","inLanguage":"es","@id":"https:\/\/www.revistalogistec.com\/index.php\/2019\/12\/15\/de-costo-a-valor-agregado\/#primaryimage","url":"https:\/\/www.revistalogistec.com\/wp-content\/uploads\/2019\/12\/ed114_logistec_costo_valor.jpg","contentUrl":"https:\/\/www.revistalogistec.com\/wp-content\/uploads\/2019\/12\/ed114_logistec_costo_valor.jpg","width":850,"height":579},{"@type":"BreadcrumbList","@id":"https:\/\/www.revistalogistec.com\/index.php\/2019\/12\/15\/de-costo-a-valor-agregado\/#breadcrumb","itemListElement":[{"@type":"ListItem","position":1,"name":"Portada","item":"https:\/\/www.revistalogistec.com\/"},{"@type":"ListItem","position":2,"name":"DE COSTO A VALOR AGREGADO"}]},{"@type":"WebSite","@id":"https:\/\/www.revistalogistec.com\/#website","url":"https:\/\/www.revistalogistec.com\/","name":"Revista Logistec","description":"","potentialAction":[{"@type":"SearchAction","target":{"@type":"EntryPoint","urlTemplate":"https:\/\/www.revistalogistec.com\/?s={search_term_string}"},"query-input":{"@type":"PropertyValueSpecification","valueRequired":true,"valueName":"search_term_string"}}],"inLanguage":"es"},{"@type":"Person","@id":"https:\/\/www.revistalogistec.com\/#\/schema\/person\/b25cced65507282f3fc6eb806b1db4f0","name":"admin","image":{"@type":"ImageObject","inLanguage":"es","@id":"https:\/\/secure.gravatar.com\/avatar\/94631f712dee24b50f2f12a7caf62df22b2c346945fcff655ce85b674bebf6fd?s=96&d=mm&r=g","url":"https:\/\/secure.gravatar.com\/avatar\/94631f712dee24b50f2f12a7caf62df22b2c346945fcff655ce85b674bebf6fd?s=96&d=mm&r=g","contentUrl":"https:\/\/secure.gravatar.com\/avatar\/94631f712dee24b50f2f12a7caf62df22b2c346945fcff655ce85b674bebf6fd?s=96&d=mm&r=g","caption":"admin"},"sameAs":["https:\/\/www.revistalogistec.com"],"url":"https:\/\/www.revistalogistec.com\/index.php\/author\/admin_revlog\/"}]}},"_links":{"self":[{"href":"https:\/\/www.revistalogistec.com\/index.php\/wp-json\/wp\/v2\/posts\/642","targetHints":{"allow":["GET"]}}],"collection":[{"href":"https:\/\/www.revistalogistec.com\/index.php\/wp-json\/wp\/v2\/posts"}],"about":[{"href":"https:\/\/www.revistalogistec.com\/index.php\/wp-json\/wp\/v2\/types\/post"}],"author":[{"embeddable":true,"href":"https:\/\/www.revistalogistec.com\/index.php\/wp-json\/wp\/v2\/users\/1"}],"replies":[{"embeddable":true,"href":"https:\/\/www.revistalogistec.com\/index.php\/wp-json\/wp\/v2\/comments?post=642"}],"version-history":[{"count":0,"href":"https:\/\/www.revistalogistec.com\/index.php\/wp-json\/wp\/v2\/posts\/642\/revisions"}],"wp:featuredmedia":[{"embeddable":true,"href":"https:\/\/www.revistalogistec.com\/index.php\/wp-json\/wp\/v2\/media\/639"}],"wp:attachment":[{"href":"https:\/\/www.revistalogistec.com\/index.php\/wp-json\/wp\/v2\/media?parent=642"}],"wp:term":[{"taxonomy":"category","embeddable":true,"href":"https:\/\/www.revistalogistec.com\/index.php\/wp-json\/wp\/v2\/categories?post=642"},{"taxonomy":"post_tag","embeddable":true,"href":"https:\/\/www.revistalogistec.com\/index.php\/wp-json\/wp\/v2\/tags?post=642"}],"curies":[{"name":"wp","href":"https:\/\/api.w.org\/{rel}","templated":true}]}}