{"id":6906,"date":"2021-09-13T14:01:31","date_gmt":"2021-09-13T14:01:31","guid":{"rendered":"https:\/\/www.revistalogistec.com\/index.php\/2021\/09\/13\/aerosan-cierra-alianza-con-dhl-aviation-para-la-atencion-de-sus-cargueros\/"},"modified":"2021-09-13T14:01:31","modified_gmt":"2021-09-13T14:01:31","slug":"aerosan-cierra-alianza-con-dhl-aviation-para-la-atencion-de-sus-cargueros","status":"publish","type":"post","link":"https:\/\/www.revistalogistec.com\/index.php\/2021\/09\/13\/aerosan-cierra-alianza-con-dhl-aviation-para-la-atencion-de-sus-cargueros\/","title":{"rendered":"AEROSAN CIERRA ALIANZA CON DHL AVIATION PARA LA ATENCI\u00d3N DE SUS CARGUEROS"},"content":{"rendered":"<p style=\"text-align: justify;\">La compa\u00f1\u00eda prestar\u00e1 servicios de asistencia en tierra a aeronaves y se encargar\u00e1 del manejo de carga de exportaciones e importaciones con seis vuelos semanales.<\/p>\n<p style=\"text-align: justify;\">La empresa de servicios aeroportuarios, Aerosan, ya inici\u00f3 las operaciones para la compa\u00f1\u00eda a\u00e9rea DHL Aviation, luego de cerrar un acuerdo para la prestaci\u00f3n de servicios de asistencia en tierra para sus aeronaves y el manejo de carga de exportaciones e importaciones. La frecuencia ser\u00e1 de seis vuelos semanales (de lunes a s\u00e1bado).<\/p>\n<p style=\"text-align: justify;\">El gerente general de Aerosan, Eric Lobo, valor\u00f3 que DHL Aviation haya elegido a la compa\u00f1\u00eda. \u201cSe trata de una empresa mundialmente reconocida como l\u00edder log\u00edstico y su llegada es un importante hito que refuerza nuestro posicionamiento a nivel regional y destaca nuestros altos est\u00e1ndares en seguridad y calidad de servicio\u201d, destac\u00f3.<\/p>\n<p style=\"text-align: justify;\">Estas operaciones, \u201campl\u00edan la oferta para el transporte a\u00e9reo de productos del mar y hortofrut\u00edcolas, d\u00e1ndole m\u00e1s opciones a los productores y exportadores para ser m\u00e1s competitivos\u201d, puntualiz\u00f3 el ejecutivo.<\/p>\n<p style=\"text-align: justify;\">DHL Aviation es la compa\u00f1\u00eda que m\u00e1s carga de tipo express moviliza en el mundo y hace varios a\u00f1os que no ten\u00eda presencia directa en el pa\u00eds. <br \/>En el primer vuelo, la operaci\u00f3n se realiz\u00f3 en conjunto con el equipo de DHL Express, que recepcion\u00f3 la carga courier del avi\u00f3n.<\/p>\n<p style=\"text-align: justify;\">Aerosan es parte del grupo SAAM. Presta servicios aeroportuarios, cuenta con m\u00e1s de 40 a\u00f1os de experiencia y moviliza anualmente cerca de 300.000 toneladas de carga de importaci\u00f3n, exportaci\u00f3n y dom\u00e9stica en Chile, Colombia y Ecuador.<\/p>\n","protected":false},"excerpt":{"rendered":"<p style=\"text-align: justify;\">La compa\u00f1\u00eda prestar\u00e1 servicios de asistencia en tierra a aeronaves y se encargar\u00e1 del manejo de carga de exportaciones e importaciones con seis vuelos semanales.<\/p>\n","protected":false},"author":1,"featured_media":6905,"comment_status":"open","ping_status":"open","sticky":false,"template":"","format":"standard","meta":{"_acf_changed":false,"jnews-multi-image_gallery":[],"jnews_single_post":[],"jnews_primary_category":[],"jnews_social_meta":[],"jnews_override_counter":[],"footnotes":""},"categories":[12],"tags":[],"class_list":["post-6906","post","type-post","status-publish","format-standard","has-post-thumbnail","hentry","category-noticias-industria"],"acf":[],"yoast_head":"<!-- This site is optimized with the Yoast SEO plugin v27.2 - https:\/\/yoast.com\/product\/yoast-seo-wordpress\/ -->\n<title>AEROSAN CIERRA ALIANZA CON DHL AVIATION PARA LA ATENCI\u00d3N DE SUS CARGUEROS - Revista Logistec<\/title>\n<meta name=\"robots\" content=\"index, follow, max-snippet:-1, max-image-preview:large, max-video-preview:-1\" \/>\n<link rel=\"canonical\" href=\"https:\/\/www.revistalogistec.com\/index.php\/2021\/09\/13\/aerosan-cierra-alianza-con-dhl-aviation-para-la-atencion-de-sus-cargueros\/\" \/>\n<meta property=\"og:locale\" content=\"es_ES\" \/>\n<meta property=\"og:type\" content=\"article\" \/>\n<meta property=\"og:title\" content=\"AEROSAN CIERRA ALIANZA CON DHL AVIATION PARA LA ATENCI\u00d3N DE SUS CARGUEROS - Revista Logistec\" \/>\n<meta property=\"og:description\" content=\"La compa\u00f1\u00eda prestar\u00e1 servicios de asistencia en tierra a aeronaves y se encargar\u00e1 del manejo de carga de exportaciones e importaciones con seis vuelos semanales.\" \/>\n<meta property=\"og:url\" content=\"https:\/\/www.revistalogistec.com\/index.php\/2021\/09\/13\/aerosan-cierra-alianza-con-dhl-aviation-para-la-atencion-de-sus-cargueros\/\" \/>\n<meta property=\"og:site_name\" content=\"Revista Logistec\" \/>\n<meta property=\"article:published_time\" content=\"2021-09-13T14:01:31+00:00\" \/>\n<meta property=\"og:image\" content=\"https:\/\/www.revistalogistec.com\/wp-content\/uploads\/2021\/09\/Aerosan_DHL.jpg\" \/>\n\t<meta property=\"og:image:width\" content=\"850\" \/>\n\t<meta property=\"og:image:height\" content=\"522\" \/>\n\t<meta property=\"og:image:type\" content=\"image\/jpeg\" \/>\n<meta name=\"author\" content=\"admin\" \/>\n<meta name=\"twitter:card\" content=\"summary_large_image\" \/>\n<meta name=\"twitter:label1\" content=\"Escrito por\" \/>\n\t<meta name=\"twitter:data1\" content=\"admin\" \/>\n\t<meta name=\"twitter:label2\" content=\"Tiempo de lectura\" \/>\n\t<meta name=\"twitter:data2\" content=\"1 minuto\" \/>\n<script type=\"application\/ld+json\" class=\"yoast-schema-graph\">{\"@context\":\"https:\/\/schema.org\",\"@graph\":[{\"@type\":\"Article\",\"@id\":\"https:\/\/www.revistalogistec.com\/index.php\/2021\/09\/13\/aerosan-cierra-alianza-con-dhl-aviation-para-la-atencion-de-sus-cargueros\/#article\",\"isPartOf\":{\"@id\":\"https:\/\/www.revistalogistec.com\/index.php\/2021\/09\/13\/aerosan-cierra-alianza-con-dhl-aviation-para-la-atencion-de-sus-cargueros\/\"},\"author\":{\"name\":\"admin\",\"@id\":\"https:\/\/www.revistalogistec.com\/#\/schema\/person\/b25cced65507282f3fc6eb806b1db4f0\"},\"headline\":\"AEROSAN CIERRA ALIANZA CON DHL AVIATION PARA LA ATENCI\u00d3N DE SUS CARGUEROS\",\"datePublished\":\"2021-09-13T14:01:31+00:00\",\"mainEntityOfPage\":{\"@id\":\"https:\/\/www.revistalogistec.com\/index.php\/2021\/09\/13\/aerosan-cierra-alianza-con-dhl-aviation-para-la-atencion-de-sus-cargueros\/\"},\"wordCount\":284,\"commentCount\":0,\"image\":{\"@id\":\"https:\/\/www.revistalogistec.com\/index.php\/2021\/09\/13\/aerosan-cierra-alianza-con-dhl-aviation-para-la-atencion-de-sus-cargueros\/#primaryimage\"},\"thumbnailUrl\":\"https:\/\/www.revistalogistec.com\/wp-content\/uploads\/2021\/09\/Aerosan_DHL.jpg\",\"articleSection\":[\"NOTICIAS INDUSTRIA\"],\"inLanguage\":\"es\"},{\"@type\":\"WebPage\",\"@id\":\"https:\/\/www.revistalogistec.com\/index.php\/2021\/09\/13\/aerosan-cierra-alianza-con-dhl-aviation-para-la-atencion-de-sus-cargueros\/\",\"url\":\"https:\/\/www.revistalogistec.com\/index.php\/2021\/09\/13\/aerosan-cierra-alianza-con-dhl-aviation-para-la-atencion-de-sus-cargueros\/\",\"name\":\"AEROSAN CIERRA ALIANZA CON DHL AVIATION PARA LA ATENCI\u00d3N DE SUS CARGUEROS - Revista Logistec\",\"isPartOf\":{\"@id\":\"https:\/\/www.revistalogistec.com\/#website\"},\"primaryImageOfPage\":{\"@id\":\"https:\/\/www.revistalogistec.com\/index.php\/2021\/09\/13\/aerosan-cierra-alianza-con-dhl-aviation-para-la-atencion-de-sus-cargueros\/#primaryimage\"},\"image\":{\"@id\":\"https:\/\/www.revistalogistec.com\/index.php\/2021\/09\/13\/aerosan-cierra-alianza-con-dhl-aviation-para-la-atencion-de-sus-cargueros\/#primaryimage\"},\"thumbnailUrl\":\"https:\/\/www.revistalogistec.com\/wp-content\/uploads\/2021\/09\/Aerosan_DHL.jpg\",\"datePublished\":\"2021-09-13T14:01:31+00:00\",\"author\":{\"@id\":\"https:\/\/www.revistalogistec.com\/#\/schema\/person\/b25cced65507282f3fc6eb806b1db4f0\"},\"breadcrumb\":{\"@id\":\"https:\/\/www.revistalogistec.com\/index.php\/2021\/09\/13\/aerosan-cierra-alianza-con-dhl-aviation-para-la-atencion-de-sus-cargueros\/#breadcrumb\"},\"inLanguage\":\"es\",\"potentialAction\":[{\"@type\":\"ReadAction\",\"target\":[\"https:\/\/www.revistalogistec.com\/index.php\/2021\/09\/13\/aerosan-cierra-alianza-con-dhl-aviation-para-la-atencion-de-sus-cargueros\/\"]}]},{\"@type\":\"ImageObject\",\"inLanguage\":\"es\",\"@id\":\"https:\/\/www.revistalogistec.com\/index.php\/2021\/09\/13\/aerosan-cierra-alianza-con-dhl-aviation-para-la-atencion-de-sus-cargueros\/#primaryimage\",\"url\":\"https:\/\/www.revistalogistec.com\/wp-content\/uploads\/2021\/09\/Aerosan_DHL.jpg\",\"contentUrl\":\"https:\/\/www.revistalogistec.com\/wp-content\/uploads\/2021\/09\/Aerosan_DHL.jpg\",\"width\":850,\"height\":522},{\"@type\":\"BreadcrumbList\",\"@id\":\"https:\/\/www.revistalogistec.com\/index.php\/2021\/09\/13\/aerosan-cierra-alianza-con-dhl-aviation-para-la-atencion-de-sus-cargueros\/#breadcrumb\",\"itemListElement\":[{\"@type\":\"ListItem\",\"position\":1,\"name\":\"Portada\",\"item\":\"https:\/\/www.revistalogistec.com\/\"},{\"@type\":\"ListItem\",\"position\":2,\"name\":\"AEROSAN CIERRA ALIANZA CON DHL AVIATION PARA LA ATENCI\u00d3N DE SUS CARGUEROS\"}]},{\"@type\":\"WebSite\",\"@id\":\"https:\/\/www.revistalogistec.com\/#website\",\"url\":\"https:\/\/www.revistalogistec.com\/\",\"name\":\"Revista Logistec\",\"description\":\"\",\"potentialAction\":[{\"@type\":\"SearchAction\",\"target\":{\"@type\":\"EntryPoint\",\"urlTemplate\":\"https:\/\/www.revistalogistec.com\/?s={search_term_string}\"},\"query-input\":{\"@type\":\"PropertyValueSpecification\",\"valueRequired\":true,\"valueName\":\"search_term_string\"}}],\"inLanguage\":\"es\"},{\"@type\":\"Person\",\"@id\":\"https:\/\/www.revistalogistec.com\/#\/schema\/person\/b25cced65507282f3fc6eb806b1db4f0\",\"name\":\"admin\",\"image\":{\"@type\":\"ImageObject\",\"inLanguage\":\"es\",\"@id\":\"https:\/\/secure.gravatar.com\/avatar\/94631f712dee24b50f2f12a7caf62df22b2c346945fcff655ce85b674bebf6fd?s=96&d=mm&r=g\",\"url\":\"https:\/\/secure.gravatar.com\/avatar\/94631f712dee24b50f2f12a7caf62df22b2c346945fcff655ce85b674bebf6fd?s=96&d=mm&r=g\",\"contentUrl\":\"https:\/\/secure.gravatar.com\/avatar\/94631f712dee24b50f2f12a7caf62df22b2c346945fcff655ce85b674bebf6fd?s=96&d=mm&r=g\",\"caption\":\"admin\"},\"sameAs\":[\"https:\/\/www.revistalogistec.com\"],\"url\":\"https:\/\/www.revistalogistec.com\/index.php\/author\/admin_revlog\/\"}]}<\/script>\n<!-- \/ Yoast SEO plugin. -->","yoast_head_json":{"title":"AEROSAN CIERRA ALIANZA CON DHL AVIATION PARA LA ATENCI\u00d3N DE SUS CARGUEROS - Revista Logistec","robots":{"index":"index","follow":"follow","max-snippet":"max-snippet:-1","max-image-preview":"max-image-preview:large","max-video-preview":"max-video-preview:-1"},"canonical":"https:\/\/www.revistalogistec.com\/index.php\/2021\/09\/13\/aerosan-cierra-alianza-con-dhl-aviation-para-la-atencion-de-sus-cargueros\/","og_locale":"es_ES","og_type":"article","og_title":"AEROSAN CIERRA ALIANZA CON DHL AVIATION PARA LA ATENCI\u00d3N DE SUS CARGUEROS - Revista Logistec","og_description":"La compa\u00f1\u00eda prestar\u00e1 servicios de asistencia en tierra a aeronaves y se encargar\u00e1 del manejo de carga de exportaciones e importaciones con seis vuelos semanales.","og_url":"https:\/\/www.revistalogistec.com\/index.php\/2021\/09\/13\/aerosan-cierra-alianza-con-dhl-aviation-para-la-atencion-de-sus-cargueros\/","og_site_name":"Revista Logistec","article_published_time":"2021-09-13T14:01:31+00:00","og_image":[{"width":850,"height":522,"url":"https:\/\/www.revistalogistec.com\/wp-content\/uploads\/2021\/09\/Aerosan_DHL.jpg","type":"image\/jpeg"}],"author":"admin","twitter_card":"summary_large_image","twitter_misc":{"Escrito por":"admin","Tiempo de lectura":"1 minuto"},"schema":{"@context":"https:\/\/schema.org","@graph":[{"@type":"Article","@id":"https:\/\/www.revistalogistec.com\/index.php\/2021\/09\/13\/aerosan-cierra-alianza-con-dhl-aviation-para-la-atencion-de-sus-cargueros\/#article","isPartOf":{"@id":"https:\/\/www.revistalogistec.com\/index.php\/2021\/09\/13\/aerosan-cierra-alianza-con-dhl-aviation-para-la-atencion-de-sus-cargueros\/"},"author":{"name":"admin","@id":"https:\/\/www.revistalogistec.com\/#\/schema\/person\/b25cced65507282f3fc6eb806b1db4f0"},"headline":"AEROSAN CIERRA ALIANZA CON DHL AVIATION PARA LA ATENCI\u00d3N DE SUS CARGUEROS","datePublished":"2021-09-13T14:01:31+00:00","mainEntityOfPage":{"@id":"https:\/\/www.revistalogistec.com\/index.php\/2021\/09\/13\/aerosan-cierra-alianza-con-dhl-aviation-para-la-atencion-de-sus-cargueros\/"},"wordCount":284,"commentCount":0,"image":{"@id":"https:\/\/www.revistalogistec.com\/index.php\/2021\/09\/13\/aerosan-cierra-alianza-con-dhl-aviation-para-la-atencion-de-sus-cargueros\/#primaryimage"},"thumbnailUrl":"https:\/\/www.revistalogistec.com\/wp-content\/uploads\/2021\/09\/Aerosan_DHL.jpg","articleSection":["NOTICIAS INDUSTRIA"],"inLanguage":"es"},{"@type":"WebPage","@id":"https:\/\/www.revistalogistec.com\/index.php\/2021\/09\/13\/aerosan-cierra-alianza-con-dhl-aviation-para-la-atencion-de-sus-cargueros\/","url":"https:\/\/www.revistalogistec.com\/index.php\/2021\/09\/13\/aerosan-cierra-alianza-con-dhl-aviation-para-la-atencion-de-sus-cargueros\/","name":"AEROSAN CIERRA ALIANZA CON DHL AVIATION PARA LA ATENCI\u00d3N DE SUS CARGUEROS - Revista Logistec","isPartOf":{"@id":"https:\/\/www.revistalogistec.com\/#website"},"primaryImageOfPage":{"@id":"https:\/\/www.revistalogistec.com\/index.php\/2021\/09\/13\/aerosan-cierra-alianza-con-dhl-aviation-para-la-atencion-de-sus-cargueros\/#primaryimage"},"image":{"@id":"https:\/\/www.revistalogistec.com\/index.php\/2021\/09\/13\/aerosan-cierra-alianza-con-dhl-aviation-para-la-atencion-de-sus-cargueros\/#primaryimage"},"thumbnailUrl":"https:\/\/www.revistalogistec.com\/wp-content\/uploads\/2021\/09\/Aerosan_DHL.jpg","datePublished":"2021-09-13T14:01:31+00:00","author":{"@id":"https:\/\/www.revistalogistec.com\/#\/schema\/person\/b25cced65507282f3fc6eb806b1db4f0"},"breadcrumb":{"@id":"https:\/\/www.revistalogistec.com\/index.php\/2021\/09\/13\/aerosan-cierra-alianza-con-dhl-aviation-para-la-atencion-de-sus-cargueros\/#breadcrumb"},"inLanguage":"es","potentialAction":[{"@type":"ReadAction","target":["https:\/\/www.revistalogistec.com\/index.php\/2021\/09\/13\/aerosan-cierra-alianza-con-dhl-aviation-para-la-atencion-de-sus-cargueros\/"]}]},{"@type":"ImageObject","inLanguage":"es","@id":"https:\/\/www.revistalogistec.com\/index.php\/2021\/09\/13\/aerosan-cierra-alianza-con-dhl-aviation-para-la-atencion-de-sus-cargueros\/#primaryimage","url":"https:\/\/www.revistalogistec.com\/wp-content\/uploads\/2021\/09\/Aerosan_DHL.jpg","contentUrl":"https:\/\/www.revistalogistec.com\/wp-content\/uploads\/2021\/09\/Aerosan_DHL.jpg","width":850,"height":522},{"@type":"BreadcrumbList","@id":"https:\/\/www.revistalogistec.com\/index.php\/2021\/09\/13\/aerosan-cierra-alianza-con-dhl-aviation-para-la-atencion-de-sus-cargueros\/#breadcrumb","itemListElement":[{"@type":"ListItem","position":1,"name":"Portada","item":"https:\/\/www.revistalogistec.com\/"},{"@type":"ListItem","position":2,"name":"AEROSAN CIERRA ALIANZA CON DHL AVIATION PARA LA ATENCI\u00d3N DE SUS CARGUEROS"}]},{"@type":"WebSite","@id":"https:\/\/www.revistalogistec.com\/#website","url":"https:\/\/www.revistalogistec.com\/","name":"Revista Logistec","description":"","potentialAction":[{"@type":"SearchAction","target":{"@type":"EntryPoint","urlTemplate":"https:\/\/www.revistalogistec.com\/?s={search_term_string}"},"query-input":{"@type":"PropertyValueSpecification","valueRequired":true,"valueName":"search_term_string"}}],"inLanguage":"es"},{"@type":"Person","@id":"https:\/\/www.revistalogistec.com\/#\/schema\/person\/b25cced65507282f3fc6eb806b1db4f0","name":"admin","image":{"@type":"ImageObject","inLanguage":"es","@id":"https:\/\/secure.gravatar.com\/avatar\/94631f712dee24b50f2f12a7caf62df22b2c346945fcff655ce85b674bebf6fd?s=96&d=mm&r=g","url":"https:\/\/secure.gravatar.com\/avatar\/94631f712dee24b50f2f12a7caf62df22b2c346945fcff655ce85b674bebf6fd?s=96&d=mm&r=g","contentUrl":"https:\/\/secure.gravatar.com\/avatar\/94631f712dee24b50f2f12a7caf62df22b2c346945fcff655ce85b674bebf6fd?s=96&d=mm&r=g","caption":"admin"},"sameAs":["https:\/\/www.revistalogistec.com"],"url":"https:\/\/www.revistalogistec.com\/index.php\/author\/admin_revlog\/"}]}},"_links":{"self":[{"href":"https:\/\/www.revistalogistec.com\/index.php\/wp-json\/wp\/v2\/posts\/6906","targetHints":{"allow":["GET"]}}],"collection":[{"href":"https:\/\/www.revistalogistec.com\/index.php\/wp-json\/wp\/v2\/posts"}],"about":[{"href":"https:\/\/www.revistalogistec.com\/index.php\/wp-json\/wp\/v2\/types\/post"}],"author":[{"embeddable":true,"href":"https:\/\/www.revistalogistec.com\/index.php\/wp-json\/wp\/v2\/users\/1"}],"replies":[{"embeddable":true,"href":"https:\/\/www.revistalogistec.com\/index.php\/wp-json\/wp\/v2\/comments?post=6906"}],"version-history":[{"count":0,"href":"https:\/\/www.revistalogistec.com\/index.php\/wp-json\/wp\/v2\/posts\/6906\/revisions"}],"wp:featuredmedia":[{"embeddable":true,"href":"https:\/\/www.revistalogistec.com\/index.php\/wp-json\/wp\/v2\/media\/6905"}],"wp:attachment":[{"href":"https:\/\/www.revistalogistec.com\/index.php\/wp-json\/wp\/v2\/media?parent=6906"}],"wp:term":[{"taxonomy":"category","embeddable":true,"href":"https:\/\/www.revistalogistec.com\/index.php\/wp-json\/wp\/v2\/categories?post=6906"},{"taxonomy":"post_tag","embeddable":true,"href":"https:\/\/www.revistalogistec.com\/index.php\/wp-json\/wp\/v2\/tags?post=6906"}],"curies":[{"name":"wp","href":"https:\/\/api.w.org\/{rel}","templated":true}]}}