{"id":6970,"date":"2021-10-28T14:37:56","date_gmt":"2021-10-28T14:37:56","guid":{"rendered":"https:\/\/www.revistalogistec.com\/index.php\/2021\/10\/28\/packaging-personalizado-utilizarlo-como-elemento-de-marketing-y-hacer-que-tu-marca-camine-por-la-ciudad\/"},"modified":"2021-10-28T14:37:56","modified_gmt":"2021-10-28T14:37:56","slug":"packaging-personalizado-utilizarlo-como-elemento-de-marketing-y-hacer-que-tu-marca-camine-por-la-ciudad","status":"publish","type":"post","link":"https:\/\/www.revistalogistec.com\/index.php\/2021\/10\/28\/packaging-personalizado-utilizarlo-como-elemento-de-marketing-y-hacer-que-tu-marca-camine-por-la-ciudad\/","title":{"rendered":"PACKAGING PERSONALIZADO: UTILIZARLO COMO ELEMENTO DE MARKETING Y HACER QUE TU MARCA CAMINE POR LA CIUDAD"},"content":{"rendered":"<p style=\"text-align: justify;\">Desde el inicio de la pandemia hemos visto un gran aumento del delivery, implicando un cambio en el dise\u00f1o de los envases, siendo esto cada vez m\u00e1s importante para llegar de buena forma al cliente, teniendo que las empresas adaptarse a la demanda de los consumidores.<\/p>\n<p style=\"text-align: justify;\">El envase adecuado para cada producto constituye una herramienta de marketing de primer orden. Dos de cada tres consumidores se deciden a comprar un nuevo producto cuando el packaging llama su atenci\u00f3n, adem\u00e1s varios estudios han demostrado que nuestro cerebro no tarda m\u00e1s de seis segundos en decidir incorporar este producto a la cesta de la compra.<\/p>\n<p style=\"text-align: justify;\">Es por esto que un buen dise\u00f1o es clave a la hora de entregar un producto, donde el entorno es cada vez m\u00e1s competitivo y donde las empresas deben buscar distintas formas para poder destacar frente a los clientes. Estas acciones pueden llegar a generar un retorno de inversi\u00f3n 2,5 veces superior a lo invertido en acciones de marketing de otro tipo.<\/p>\n<p style=\"text-align: justify;\">Bepack (https:\/\/bepack.cl\/), empresa nacional que dise\u00f1a y fabrica productos a medida para proteger y transportar productos, cuenta con una gran variedad de dise\u00f1os para todo tipo de alimentos, siempre con la idea de proteger el producto, que sea f\u00e1cil de transportar y llegue al cliente en el estado deseado, ya que una plantilla de packaging original diferencia una marca de otra, convirtiendo el unboxing en una experiencia para el usuario.<\/p>\n<p style=\"text-align: justify;\">Es por esto que Bepack que nos muestra las ventajas de invertir en un buen packaging para cada producto:<\/p>\n<p style=\"text-align: justify;\">&#8211; Generar demanda: Un buen dise\u00f1o consigue llamar la atenci\u00f3n del p\u00fablico, aumentando el inter\u00e9s por obtenerlo. La creatividad juega un papel muy importante en este punto, y es que cualquier producto puede llegar a tener un envase innovador de alguna manera.<\/p>\n<p style=\"text-align: justify;\">&#8211; Mejorar la identificaci\u00f3n: La diferenciaci\u00f3n hace m\u00e1s f\u00e1cil para el consumidor identificarlo de un vistazo y hacer m\u00e1s sencillo el acto de escogerlo para su compra.<\/p>\n<p style=\"text-align: justify;\">&#8211; Reducci\u00f3n de costos: Mejorar el material del packaging de nuestro producto puede suponer a la larga un gran ahorro de costes, esto sin contar el beneficio social de crear envases sostenibles, lo cual tambi\u00e9n da muy buena imagen de marca, pues es un gran valor a\u00f1adido.<\/p>\n<p style=\"text-align: justify;\">&#8211; Mejora de resultados por promoci\u00f3n: Si tus productos son de temporada, puedes aprovechar las semanas o meses clave para introducir dise\u00f1os exclusivos, conectando con los clientes. El dise\u00f1o, acompa\u00f1ado de una promoci\u00f3n, aumenta el atractivo del producto.<\/p>\n<p style=\"text-align: justify;\">&#8211; Aumento del valor del producto: Si un producto que nos entra por los ojos y lo identificamos con valores positivos, solemos estar dispuestos a pagar un precio mayor.<\/p>\n<p style=\"text-align: justify;\">&#8211; Fidelidad del cliente: El cliente no s\u00f3lo es fiel al producto, sino a su modo de presentaci\u00f3n y a sus valores de marca.<\/p>\n","protected":false},"excerpt":{"rendered":"<p style=\"text-align: justify;\">Desde el inicio de la pandemia hemos visto un gran aumento del delivery, implicando un cambio en el dise\u00f1o de los envases, siendo esto cada vez m\u00e1s importante para llegar de buena forma al cliente, teniendo que las empresas adaptarse a la demanda de los consumidores.<\/p>\n","protected":false},"author":1,"featured_media":6968,"comment_status":"open","ping_status":"open","sticky":false,"template":"","format":"standard","meta":{"_acf_changed":false,"jnews-multi-image_gallery":[],"jnews_single_post":[],"jnews_primary_category":[],"jnews_social_meta":[],"jnews_override_counter":[],"footnotes":""},"categories":[12],"tags":[],"class_list":["post-6970","post","type-post","status-publish","format-standard","has-post-thumbnail","hentry","category-noticias-industria"],"acf":[],"yoast_head":"<!-- This site is optimized with the Yoast SEO plugin v27.2 - https:\/\/yoast.com\/product\/yoast-seo-wordpress\/ -->\n<title>PACKAGING PERSONALIZADO: UTILIZARLO COMO ELEMENTO DE MARKETING Y HACER QUE TU MARCA CAMINE POR LA CIUDAD - Revista Logistec<\/title>\n<meta name=\"robots\" content=\"index, follow, max-snippet:-1, max-image-preview:large, max-video-preview:-1\" \/>\n<link rel=\"canonical\" href=\"https:\/\/www.revistalogistec.com\/index.php\/2021\/10\/28\/packaging-personalizado-utilizarlo-como-elemento-de-marketing-y-hacer-que-tu-marca-camine-por-la-ciudad\/\" \/>\n<meta property=\"og:locale\" content=\"es_ES\" \/>\n<meta property=\"og:type\" content=\"article\" \/>\n<meta property=\"og:title\" content=\"PACKAGING PERSONALIZADO: UTILIZARLO COMO ELEMENTO DE MARKETING Y HACER QUE TU MARCA CAMINE POR LA CIUDAD - Revista Logistec\" \/>\n<meta property=\"og:description\" content=\"Desde el inicio de la pandemia hemos visto un gran aumento del delivery, implicando un cambio en el dise\u00f1o de los envases, siendo esto cada vez m\u00e1s importante para llegar de buena forma al cliente, teniendo que las empresas adaptarse a la demanda de los consumidores.\" \/>\n<meta property=\"og:url\" content=\"https:\/\/www.revistalogistec.com\/index.php\/2021\/10\/28\/packaging-personalizado-utilizarlo-como-elemento-de-marketing-y-hacer-que-tu-marca-camine-por-la-ciudad\/\" \/>\n<meta property=\"og:site_name\" content=\"Revista Logistec\" \/>\n<meta property=\"article:published_time\" content=\"2021-10-28T14:37:56+00:00\" \/>\n<meta property=\"og:image\" content=\"https:\/\/www.revistalogistec.com\/wp-content\/uploads\/2021\/10\/BEPACK-TU-MARCA-LRMCOMUNICACIONES.jpg\" \/>\n\t<meta property=\"og:image:width\" content=\"850\" \/>\n\t<meta property=\"og:image:height\" content=\"592\" \/>\n\t<meta property=\"og:image:type\" content=\"image\/jpeg\" \/>\n<meta name=\"author\" content=\"admin\" \/>\n<meta name=\"twitter:card\" content=\"summary_large_image\" \/>\n<meta name=\"twitter:label1\" content=\"Escrito por\" \/>\n\t<meta name=\"twitter:data1\" content=\"admin\" \/>\n\t<meta name=\"twitter:label2\" content=\"Tiempo de lectura\" \/>\n\t<meta name=\"twitter:data2\" content=\"2 minutos\" \/>\n<script type=\"application\/ld+json\" class=\"yoast-schema-graph\">{\"@context\":\"https:\/\/schema.org\",\"@graph\":[{\"@type\":\"Article\",\"@id\":\"https:\/\/www.revistalogistec.com\/index.php\/2021\/10\/28\/packaging-personalizado-utilizarlo-como-elemento-de-marketing-y-hacer-que-tu-marca-camine-por-la-ciudad\/#article\",\"isPartOf\":{\"@id\":\"https:\/\/www.revistalogistec.com\/index.php\/2021\/10\/28\/packaging-personalizado-utilizarlo-como-elemento-de-marketing-y-hacer-que-tu-marca-camine-por-la-ciudad\/\"},\"author\":{\"name\":\"admin\",\"@id\":\"https:\/\/www.revistalogistec.com\/#\/schema\/person\/b25cced65507282f3fc6eb806b1db4f0\"},\"headline\":\"PACKAGING PERSONALIZADO: UTILIZARLO COMO ELEMENTO DE MARKETING Y HACER QUE TU MARCA CAMINE POR LA CIUDAD\",\"datePublished\":\"2021-10-28T14:37:56+00:00\",\"mainEntityOfPage\":{\"@id\":\"https:\/\/www.revistalogistec.com\/index.php\/2021\/10\/28\/packaging-personalizado-utilizarlo-como-elemento-de-marketing-y-hacer-que-tu-marca-camine-por-la-ciudad\/\"},\"wordCount\":508,\"commentCount\":0,\"image\":{\"@id\":\"https:\/\/www.revistalogistec.com\/index.php\/2021\/10\/28\/packaging-personalizado-utilizarlo-como-elemento-de-marketing-y-hacer-que-tu-marca-camine-por-la-ciudad\/#primaryimage\"},\"thumbnailUrl\":\"https:\/\/www.revistalogistec.com\/wp-content\/uploads\/2021\/10\/BEPACK-TU-MARCA-LRMCOMUNICACIONES.jpg\",\"articleSection\":[\"NOTICIAS INDUSTRIA\"],\"inLanguage\":\"es\"},{\"@type\":\"WebPage\",\"@id\":\"https:\/\/www.revistalogistec.com\/index.php\/2021\/10\/28\/packaging-personalizado-utilizarlo-como-elemento-de-marketing-y-hacer-que-tu-marca-camine-por-la-ciudad\/\",\"url\":\"https:\/\/www.revistalogistec.com\/index.php\/2021\/10\/28\/packaging-personalizado-utilizarlo-como-elemento-de-marketing-y-hacer-que-tu-marca-camine-por-la-ciudad\/\",\"name\":\"PACKAGING PERSONALIZADO: UTILIZARLO COMO ELEMENTO DE MARKETING Y HACER QUE TU MARCA CAMINE POR LA CIUDAD - Revista Logistec\",\"isPartOf\":{\"@id\":\"https:\/\/www.revistalogistec.com\/#website\"},\"primaryImageOfPage\":{\"@id\":\"https:\/\/www.revistalogistec.com\/index.php\/2021\/10\/28\/packaging-personalizado-utilizarlo-como-elemento-de-marketing-y-hacer-que-tu-marca-camine-por-la-ciudad\/#primaryimage\"},\"image\":{\"@id\":\"https:\/\/www.revistalogistec.com\/index.php\/2021\/10\/28\/packaging-personalizado-utilizarlo-como-elemento-de-marketing-y-hacer-que-tu-marca-camine-por-la-ciudad\/#primaryimage\"},\"thumbnailUrl\":\"https:\/\/www.revistalogistec.com\/wp-content\/uploads\/2021\/10\/BEPACK-TU-MARCA-LRMCOMUNICACIONES.jpg\",\"datePublished\":\"2021-10-28T14:37:56+00:00\",\"author\":{\"@id\":\"https:\/\/www.revistalogistec.com\/#\/schema\/person\/b25cced65507282f3fc6eb806b1db4f0\"},\"breadcrumb\":{\"@id\":\"https:\/\/www.revistalogistec.com\/index.php\/2021\/10\/28\/packaging-personalizado-utilizarlo-como-elemento-de-marketing-y-hacer-que-tu-marca-camine-por-la-ciudad\/#breadcrumb\"},\"inLanguage\":\"es\",\"potentialAction\":[{\"@type\":\"ReadAction\",\"target\":[\"https:\/\/www.revistalogistec.com\/index.php\/2021\/10\/28\/packaging-personalizado-utilizarlo-como-elemento-de-marketing-y-hacer-que-tu-marca-camine-por-la-ciudad\/\"]}]},{\"@type\":\"ImageObject\",\"inLanguage\":\"es\",\"@id\":\"https:\/\/www.revistalogistec.com\/index.php\/2021\/10\/28\/packaging-personalizado-utilizarlo-como-elemento-de-marketing-y-hacer-que-tu-marca-camine-por-la-ciudad\/#primaryimage\",\"url\":\"https:\/\/www.revistalogistec.com\/wp-content\/uploads\/2021\/10\/BEPACK-TU-MARCA-LRMCOMUNICACIONES.jpg\",\"contentUrl\":\"https:\/\/www.revistalogistec.com\/wp-content\/uploads\/2021\/10\/BEPACK-TU-MARCA-LRMCOMUNICACIONES.jpg\",\"width\":850,\"height\":592},{\"@type\":\"BreadcrumbList\",\"@id\":\"https:\/\/www.revistalogistec.com\/index.php\/2021\/10\/28\/packaging-personalizado-utilizarlo-como-elemento-de-marketing-y-hacer-que-tu-marca-camine-por-la-ciudad\/#breadcrumb\",\"itemListElement\":[{\"@type\":\"ListItem\",\"position\":1,\"name\":\"Portada\",\"item\":\"https:\/\/www.revistalogistec.com\/\"},{\"@type\":\"ListItem\",\"position\":2,\"name\":\"PACKAGING PERSONALIZADO: UTILIZARLO COMO ELEMENTO DE MARKETING Y HACER QUE TU MARCA CAMINE POR LA CIUDAD\"}]},{\"@type\":\"WebSite\",\"@id\":\"https:\/\/www.revistalogistec.com\/#website\",\"url\":\"https:\/\/www.revistalogistec.com\/\",\"name\":\"Revista Logistec\",\"description\":\"\",\"potentialAction\":[{\"@type\":\"SearchAction\",\"target\":{\"@type\":\"EntryPoint\",\"urlTemplate\":\"https:\/\/www.revistalogistec.com\/?s={search_term_string}\"},\"query-input\":{\"@type\":\"PropertyValueSpecification\",\"valueRequired\":true,\"valueName\":\"search_term_string\"}}],\"inLanguage\":\"es\"},{\"@type\":\"Person\",\"@id\":\"https:\/\/www.revistalogistec.com\/#\/schema\/person\/b25cced65507282f3fc6eb806b1db4f0\",\"name\":\"admin\",\"image\":{\"@type\":\"ImageObject\",\"inLanguage\":\"es\",\"@id\":\"https:\/\/secure.gravatar.com\/avatar\/94631f712dee24b50f2f12a7caf62df22b2c346945fcff655ce85b674bebf6fd?s=96&d=mm&r=g\",\"url\":\"https:\/\/secure.gravatar.com\/avatar\/94631f712dee24b50f2f12a7caf62df22b2c346945fcff655ce85b674bebf6fd?s=96&d=mm&r=g\",\"contentUrl\":\"https:\/\/secure.gravatar.com\/avatar\/94631f712dee24b50f2f12a7caf62df22b2c346945fcff655ce85b674bebf6fd?s=96&d=mm&r=g\",\"caption\":\"admin\"},\"sameAs\":[\"https:\/\/www.revistalogistec.com\"],\"url\":\"https:\/\/www.revistalogistec.com\/index.php\/author\/admin_revlog\/\"}]}<\/script>\n<!-- \/ Yoast SEO plugin. -->","yoast_head_json":{"title":"PACKAGING PERSONALIZADO: UTILIZARLO COMO ELEMENTO DE MARKETING Y HACER QUE TU MARCA CAMINE POR LA CIUDAD - Revista Logistec","robots":{"index":"index","follow":"follow","max-snippet":"max-snippet:-1","max-image-preview":"max-image-preview:large","max-video-preview":"max-video-preview:-1"},"canonical":"https:\/\/www.revistalogistec.com\/index.php\/2021\/10\/28\/packaging-personalizado-utilizarlo-como-elemento-de-marketing-y-hacer-que-tu-marca-camine-por-la-ciudad\/","og_locale":"es_ES","og_type":"article","og_title":"PACKAGING PERSONALIZADO: UTILIZARLO COMO ELEMENTO DE MARKETING Y HACER QUE TU MARCA CAMINE POR LA CIUDAD - Revista Logistec","og_description":"Desde el inicio de la pandemia hemos visto un gran aumento del delivery, implicando un cambio en el dise\u00f1o de los envases, siendo esto cada vez m\u00e1s importante para llegar de buena forma al cliente, teniendo que las empresas adaptarse a la demanda de los consumidores.","og_url":"https:\/\/www.revistalogistec.com\/index.php\/2021\/10\/28\/packaging-personalizado-utilizarlo-como-elemento-de-marketing-y-hacer-que-tu-marca-camine-por-la-ciudad\/","og_site_name":"Revista Logistec","article_published_time":"2021-10-28T14:37:56+00:00","og_image":[{"width":850,"height":592,"url":"https:\/\/www.revistalogistec.com\/wp-content\/uploads\/2021\/10\/BEPACK-TU-MARCA-LRMCOMUNICACIONES.jpg","type":"image\/jpeg"}],"author":"admin","twitter_card":"summary_large_image","twitter_misc":{"Escrito por":"admin","Tiempo de lectura":"2 minutos"},"schema":{"@context":"https:\/\/schema.org","@graph":[{"@type":"Article","@id":"https:\/\/www.revistalogistec.com\/index.php\/2021\/10\/28\/packaging-personalizado-utilizarlo-como-elemento-de-marketing-y-hacer-que-tu-marca-camine-por-la-ciudad\/#article","isPartOf":{"@id":"https:\/\/www.revistalogistec.com\/index.php\/2021\/10\/28\/packaging-personalizado-utilizarlo-como-elemento-de-marketing-y-hacer-que-tu-marca-camine-por-la-ciudad\/"},"author":{"name":"admin","@id":"https:\/\/www.revistalogistec.com\/#\/schema\/person\/b25cced65507282f3fc6eb806b1db4f0"},"headline":"PACKAGING PERSONALIZADO: UTILIZARLO COMO ELEMENTO DE MARKETING Y HACER QUE TU MARCA CAMINE POR LA CIUDAD","datePublished":"2021-10-28T14:37:56+00:00","mainEntityOfPage":{"@id":"https:\/\/www.revistalogistec.com\/index.php\/2021\/10\/28\/packaging-personalizado-utilizarlo-como-elemento-de-marketing-y-hacer-que-tu-marca-camine-por-la-ciudad\/"},"wordCount":508,"commentCount":0,"image":{"@id":"https:\/\/www.revistalogistec.com\/index.php\/2021\/10\/28\/packaging-personalizado-utilizarlo-como-elemento-de-marketing-y-hacer-que-tu-marca-camine-por-la-ciudad\/#primaryimage"},"thumbnailUrl":"https:\/\/www.revistalogistec.com\/wp-content\/uploads\/2021\/10\/BEPACK-TU-MARCA-LRMCOMUNICACIONES.jpg","articleSection":["NOTICIAS INDUSTRIA"],"inLanguage":"es"},{"@type":"WebPage","@id":"https:\/\/www.revistalogistec.com\/index.php\/2021\/10\/28\/packaging-personalizado-utilizarlo-como-elemento-de-marketing-y-hacer-que-tu-marca-camine-por-la-ciudad\/","url":"https:\/\/www.revistalogistec.com\/index.php\/2021\/10\/28\/packaging-personalizado-utilizarlo-como-elemento-de-marketing-y-hacer-que-tu-marca-camine-por-la-ciudad\/","name":"PACKAGING PERSONALIZADO: UTILIZARLO COMO ELEMENTO DE MARKETING Y HACER QUE TU MARCA CAMINE POR LA CIUDAD - Revista Logistec","isPartOf":{"@id":"https:\/\/www.revistalogistec.com\/#website"},"primaryImageOfPage":{"@id":"https:\/\/www.revistalogistec.com\/index.php\/2021\/10\/28\/packaging-personalizado-utilizarlo-como-elemento-de-marketing-y-hacer-que-tu-marca-camine-por-la-ciudad\/#primaryimage"},"image":{"@id":"https:\/\/www.revistalogistec.com\/index.php\/2021\/10\/28\/packaging-personalizado-utilizarlo-como-elemento-de-marketing-y-hacer-que-tu-marca-camine-por-la-ciudad\/#primaryimage"},"thumbnailUrl":"https:\/\/www.revistalogistec.com\/wp-content\/uploads\/2021\/10\/BEPACK-TU-MARCA-LRMCOMUNICACIONES.jpg","datePublished":"2021-10-28T14:37:56+00:00","author":{"@id":"https:\/\/www.revistalogistec.com\/#\/schema\/person\/b25cced65507282f3fc6eb806b1db4f0"},"breadcrumb":{"@id":"https:\/\/www.revistalogistec.com\/index.php\/2021\/10\/28\/packaging-personalizado-utilizarlo-como-elemento-de-marketing-y-hacer-que-tu-marca-camine-por-la-ciudad\/#breadcrumb"},"inLanguage":"es","potentialAction":[{"@type":"ReadAction","target":["https:\/\/www.revistalogistec.com\/index.php\/2021\/10\/28\/packaging-personalizado-utilizarlo-como-elemento-de-marketing-y-hacer-que-tu-marca-camine-por-la-ciudad\/"]}]},{"@type":"ImageObject","inLanguage":"es","@id":"https:\/\/www.revistalogistec.com\/index.php\/2021\/10\/28\/packaging-personalizado-utilizarlo-como-elemento-de-marketing-y-hacer-que-tu-marca-camine-por-la-ciudad\/#primaryimage","url":"https:\/\/www.revistalogistec.com\/wp-content\/uploads\/2021\/10\/BEPACK-TU-MARCA-LRMCOMUNICACIONES.jpg","contentUrl":"https:\/\/www.revistalogistec.com\/wp-content\/uploads\/2021\/10\/BEPACK-TU-MARCA-LRMCOMUNICACIONES.jpg","width":850,"height":592},{"@type":"BreadcrumbList","@id":"https:\/\/www.revistalogistec.com\/index.php\/2021\/10\/28\/packaging-personalizado-utilizarlo-como-elemento-de-marketing-y-hacer-que-tu-marca-camine-por-la-ciudad\/#breadcrumb","itemListElement":[{"@type":"ListItem","position":1,"name":"Portada","item":"https:\/\/www.revistalogistec.com\/"},{"@type":"ListItem","position":2,"name":"PACKAGING PERSONALIZADO: UTILIZARLO COMO ELEMENTO DE MARKETING Y HACER QUE TU MARCA CAMINE POR LA CIUDAD"}]},{"@type":"WebSite","@id":"https:\/\/www.revistalogistec.com\/#website","url":"https:\/\/www.revistalogistec.com\/","name":"Revista Logistec","description":"","potentialAction":[{"@type":"SearchAction","target":{"@type":"EntryPoint","urlTemplate":"https:\/\/www.revistalogistec.com\/?s={search_term_string}"},"query-input":{"@type":"PropertyValueSpecification","valueRequired":true,"valueName":"search_term_string"}}],"inLanguage":"es"},{"@type":"Person","@id":"https:\/\/www.revistalogistec.com\/#\/schema\/person\/b25cced65507282f3fc6eb806b1db4f0","name":"admin","image":{"@type":"ImageObject","inLanguage":"es","@id":"https:\/\/secure.gravatar.com\/avatar\/94631f712dee24b50f2f12a7caf62df22b2c346945fcff655ce85b674bebf6fd?s=96&d=mm&r=g","url":"https:\/\/secure.gravatar.com\/avatar\/94631f712dee24b50f2f12a7caf62df22b2c346945fcff655ce85b674bebf6fd?s=96&d=mm&r=g","contentUrl":"https:\/\/secure.gravatar.com\/avatar\/94631f712dee24b50f2f12a7caf62df22b2c346945fcff655ce85b674bebf6fd?s=96&d=mm&r=g","caption":"admin"},"sameAs":["https:\/\/www.revistalogistec.com"],"url":"https:\/\/www.revistalogistec.com\/index.php\/author\/admin_revlog\/"}]}},"_links":{"self":[{"href":"https:\/\/www.revistalogistec.com\/index.php\/wp-json\/wp\/v2\/posts\/6970","targetHints":{"allow":["GET"]}}],"collection":[{"href":"https:\/\/www.revistalogistec.com\/index.php\/wp-json\/wp\/v2\/posts"}],"about":[{"href":"https:\/\/www.revistalogistec.com\/index.php\/wp-json\/wp\/v2\/types\/post"}],"author":[{"embeddable":true,"href":"https:\/\/www.revistalogistec.com\/index.php\/wp-json\/wp\/v2\/users\/1"}],"replies":[{"embeddable":true,"href":"https:\/\/www.revistalogistec.com\/index.php\/wp-json\/wp\/v2\/comments?post=6970"}],"version-history":[{"count":0,"href":"https:\/\/www.revistalogistec.com\/index.php\/wp-json\/wp\/v2\/posts\/6970\/revisions"}],"wp:featuredmedia":[{"embeddable":true,"href":"https:\/\/www.revistalogistec.com\/index.php\/wp-json\/wp\/v2\/media\/6968"}],"wp:attachment":[{"href":"https:\/\/www.revistalogistec.com\/index.php\/wp-json\/wp\/v2\/media?parent=6970"}],"wp:term":[{"taxonomy":"category","embeddable":true,"href":"https:\/\/www.revistalogistec.com\/index.php\/wp-json\/wp\/v2\/categories?post=6970"},{"taxonomy":"post_tag","embeddable":true,"href":"https:\/\/www.revistalogistec.com\/index.php\/wp-json\/wp\/v2\/tags?post=6970"}],"curies":[{"name":"wp","href":"https:\/\/api.w.org\/{rel}","templated":true}]}}