{"id":713,"date":"2019-12-15T17:25:41","date_gmt":"2019-12-15T17:25:41","guid":{"rendered":"https:\/\/www.revistalogistec.com\/index.php\/2019\/12\/15\/encuentro-gs1-business-in-motion-convoco-a-un-numeroso-grupo-de-asistentes-y-destacados-expertos\/"},"modified":"2025-11-07T14:05:08","modified_gmt":"2025-11-07T18:05:08","slug":"encuentro-gs1-business-in-motion-convoco-a-un-numeroso-grupo-de-asistentes-y-destacados-expertos","status":"publish","type":"post","link":"https:\/\/www.revistalogistec.com\/index.php\/2019\/12\/15\/encuentro-gs1-business-in-motion-convoco-a-un-numeroso-grupo-de-asistentes-y-destacados-expertos\/","title":{"rendered":"ENCUENTRO GS1: BUSINESS IN MOTION CONVOC\u00d3 A UN NUMEROSO GRUPO DE ASISTENTES Y DESTACADOS EXPERTOS"},"content":{"rendered":"<p style=\"text-align: justify;\">Este mi\u00e9rcoles 28 de agosto se realiz\u00f3 el Seminario Internacional \u201cChile en C\u00f3digo, Business in Motion\u201d, donde destacados expositores compartieron miradas y claves para enfrentar los nuevos retos que la transformaci\u00f3n digital depara a las organizaciones.<\/p>\n<p style=\"text-align: justify;\">Ante una numerosa audiencia se realiz\u00f3 ayer en los salones del Hotel Santiago Chile en C\u00f3digo, Business in Motion, encuentro que profundiz\u00f3 en los cambios que conlleva para el comercio y la log\u00edstica, la llamada Cuarta Revoluci\u00f3n Industrial, congregando a destacados actores del quehacer p\u00fablico y privado.&nbsp;En la apertura del Seminario, Jos\u00e9 Luis Dom\u00ednguez, Subsecretario del Ministerio de Transportes, junto con destacar la relevancia y convocatoria del encuentro, coment\u00f3 que \u201cla modernizaci\u00f3n del Estado, s\u00f3lo ser\u00e1 posible en la medida en que el pa\u00eds se sume a la transformaci\u00f3n digital\u201d.<\/p>\n<p style=\"text-align: justify;\">Por su parte, Eduardo Castillo, Presidente de GS1 Chile, expres\u00f3 que \u201cnuestra organizaci\u00f3n impulsa con fuerza la transformaci\u00f3n digital, que representa sin duda una gran oportunidad para las empresas, donde los Est\u00e1ndares Globales son una palanca clave de desarrollo. GS1, tal como lo hace en todos los pa\u00edses del mundo, est\u00e1 comprometido con el desarrollo de Chile y su futuro en beneficio de las personas\u201d.<\/p>\n<p style=\"text-align: justify;\">Tambi\u00e9n presente en el encuentro, el Senador Kenneth Pugh, afirm\u00f3 en su charla, Lo Artificial de la Inteligencia, que \u201ctiene que existir m\u00e1s ciberseguridad si queremos desarrollar digitalmente al pa\u00eds\u201d.&nbsp;El programa del encuentro continu\u00f3 con la intervenci\u00f3n de Julio Pertuz\u00e9, Responsable de la Unidad Econom\u00eda del Futuro del Ministerio de Econom\u00eda; para dar paso luego a Germ\u00e1n Arango, Vicepresidente de DHL Supply Chain para Chile, Per\u00fa y Argentina quien present\u00f3 los Desaf\u00edos del E-Commerce para la Industria Log\u00edstica.<\/p>\n<p style=\"text-align: justify;\">La segunda parte del encuentro cont\u00f3 con las presentaciones de Alejandro San Francisco, Doctor en Historia, con La Revoluci\u00f3n Digital que ha cambiado al Mundo, y Fernanda Vicente, Presidenta de Mujeres del Pac\u00edfico y su ponencia Innovaci\u00f3n y Econom\u00eda Digital, donde se refiri\u00f3 a la nueva econom\u00eda, en la cual \u201cno es posible seguir haciendo negocios de la misma manera\u201d.<\/p>\n<p style=\"text-align: justify;\">Prosigui\u00f3 luego la presentaci\u00f3n Cadena Log\u00edstica Integral, a cargo de Daniel Fern\u00e1ndez, Presidente de la C\u00e1mara Mar\u00edtimo Portuaria, quien coment\u00f3 que \u201cla transformaci\u00f3n digital consiste en un proceso de adaptaci\u00f3n cultural para abordar el negocio ante un nuevo contexto, radicalmente diferente, m\u00e1s que en una implantaci\u00f3n tecnol\u00f3gica\u201d.<\/p>\n<p style=\"text-align: justify;\">El seminario finaliz\u00f3 con Wilson Pais, Director de Soluciones, Tecnolog\u00edas &amp; Innovaci\u00f3n de Microsoft Chile y su presentaci\u00f3n Inteligencia Artificial: Transformaci\u00f3n y Disrupci\u00f3n, donde se refiri\u00f3 a la democratizaci\u00f3n de lo digital y c\u00f3mo la tecnolog\u00eda es un habilitador social.<\/p>\n<p style=\"text-align: justify;\">Expo Chile en C\u00f3digo<\/p>\n<p style=\"text-align: justify;\">En paralelo al Seminario se realiz\u00f3 la \u201cExpo Chile en C\u00f3digo\u201d, en donde distintas empresas y organizaciones presentaron variados avances, soluciones tecnol\u00f3gicas y aplicaciones de innovaci\u00f3n. La instancia, que cont\u00f3 con una alta afluencia de p\u00fablico, permiti\u00f3 generar un provechoso espacio de networking con los asistentes, y mostrar tendencias espec\u00edficas para la industria.<\/p>\n<p style=\"text-align: justify;\">Pie de Foto: Manuel Melero, Presidente CNC; Jos\u00e9 Luis Dom\u00ednguez, Subsecretario de Transportes; Kenneth Pugh, Senador; Eduardo Castillo, Presidente GS1 Chile y Ra\u00fal Mu\u00f1oz, Gerente Asuntos Corporativos Transbank.<\/p>\n","protected":false},"excerpt":{"rendered":"<p style=\"text-align: justify;\">Este mi\u00e9rcoles 28 de agosto se realiz\u00f3 el Seminario Internacional \u201cChile en C\u00f3digo, Business in Motion\u201d, donde destacados expositores compartieron miradas y claves para enfrentar los nuevos retos que la transformaci\u00f3n digital depara a las organizaciones.<\/p>\n","protected":false},"author":1,"featured_media":712,"comment_status":"open","ping_status":"open","sticky":false,"template":"","format":"standard","meta":{"_acf_changed":false,"jnews-multi-image_gallery":[],"jnews_single_post":[],"jnews_primary_category":[],"jnews_social_meta":[],"jnews_override_counter":[],"footnotes":""},"categories":[164],"tags":[],"class_list":["post-713","post","type-post","status-publish","format-standard","has-post-thumbnail","hentry","category-noticias-clientes"],"acf":[],"yoast_head":"<!-- This site is optimized with the Yoast SEO plugin v27.2 - https:\/\/yoast.com\/product\/yoast-seo-wordpress\/ -->\n<title>ENCUENTRO GS1: BUSINESS IN MOTION CONVOC\u00d3 A UN NUMEROSO GRUPO DE ASISTENTES Y DESTACADOS EXPERTOS - Revista Logistec<\/title>\n<meta name=\"robots\" content=\"index, follow, max-snippet:-1, max-image-preview:large, max-video-preview:-1\" \/>\n<link rel=\"canonical\" href=\"https:\/\/www.revistalogistec.com\/index.php\/2019\/12\/15\/encuentro-gs1-business-in-motion-convoco-a-un-numeroso-grupo-de-asistentes-y-destacados-expertos\/\" \/>\n<meta property=\"og:locale\" content=\"es_ES\" \/>\n<meta property=\"og:type\" content=\"article\" \/>\n<meta property=\"og:title\" content=\"ENCUENTRO GS1: BUSINESS IN MOTION CONVOC\u00d3 A UN NUMEROSO GRUPO DE ASISTENTES Y DESTACADOS EXPERTOS - Revista Logistec\" \/>\n<meta property=\"og:description\" content=\"Este mi\u00e9rcoles 28 de agosto se realiz\u00f3 el Seminario Internacional \u201cChile en C\u00f3digo, Business in Motion\u201d, donde destacados expositores compartieron miradas y claves para enfrentar los nuevos retos que la transformaci\u00f3n digital depara a las organizaciones.\" \/>\n<meta property=\"og:url\" content=\"https:\/\/www.revistalogistec.com\/index.php\/2019\/12\/15\/encuentro-gs1-business-in-motion-convoco-a-un-numeroso-grupo-de-asistentes-y-destacados-expertos\/\" \/>\n<meta property=\"og:site_name\" content=\"Revista Logistec\" \/>\n<meta property=\"article:published_time\" content=\"2019-12-15T17:25:41+00:00\" \/>\n<meta property=\"article:modified_time\" content=\"2025-11-07T18:05:08+00:00\" \/>\n<meta property=\"og:image\" content=\"https:\/\/www.revistalogistec.com\/wp-content\/uploads\/2019\/12\/gs1_logistec.jpg\" \/>\n\t<meta property=\"og:image:width\" content=\"850\" \/>\n\t<meta property=\"og:image:height\" content=\"567\" \/>\n\t<meta property=\"og:image:type\" content=\"image\/jpeg\" \/>\n<meta name=\"author\" content=\"admin\" \/>\n<meta name=\"twitter:card\" content=\"summary_large_image\" \/>\n<meta name=\"twitter:label1\" content=\"Escrito por\" \/>\n\t<meta name=\"twitter:data1\" content=\"admin\" \/>\n\t<meta name=\"twitter:label2\" content=\"Tiempo de lectura\" \/>\n\t<meta name=\"twitter:data2\" content=\"3 minutos\" \/>\n<script type=\"application\/ld+json\" class=\"yoast-schema-graph\">{\"@context\":\"https:\/\/schema.org\",\"@graph\":[{\"@type\":\"Article\",\"@id\":\"https:\/\/www.revistalogistec.com\/index.php\/2019\/12\/15\/encuentro-gs1-business-in-motion-convoco-a-un-numeroso-grupo-de-asistentes-y-destacados-expertos\/#article\",\"isPartOf\":{\"@id\":\"https:\/\/www.revistalogistec.com\/index.php\/2019\/12\/15\/encuentro-gs1-business-in-motion-convoco-a-un-numeroso-grupo-de-asistentes-y-destacados-expertos\/\"},\"author\":{\"name\":\"admin\",\"@id\":\"https:\/\/www.revistalogistec.com\/#\/schema\/person\/b25cced65507282f3fc6eb806b1db4f0\"},\"headline\":\"ENCUENTRO GS1: BUSINESS IN MOTION CONVOC\u00d3 A UN NUMEROSO GRUPO DE ASISTENTES Y DESTACADOS EXPERTOS\",\"datePublished\":\"2019-12-15T17:25:41+00:00\",\"dateModified\":\"2025-11-07T18:05:08+00:00\",\"mainEntityOfPage\":{\"@id\":\"https:\/\/www.revistalogistec.com\/index.php\/2019\/12\/15\/encuentro-gs1-business-in-motion-convoco-a-un-numeroso-grupo-de-asistentes-y-destacados-expertos\/\"},\"wordCount\":576,\"commentCount\":0,\"image\":{\"@id\":\"https:\/\/www.revistalogistec.com\/index.php\/2019\/12\/15\/encuentro-gs1-business-in-motion-convoco-a-un-numeroso-grupo-de-asistentes-y-destacados-expertos\/#primaryimage\"},\"thumbnailUrl\":\"https:\/\/www.revistalogistec.com\/wp-content\/uploads\/2019\/12\/gs1_logistec.jpg\",\"articleSection\":[\"NOTICIAS CLIENTES\"],\"inLanguage\":\"es\"},{\"@type\":\"WebPage\",\"@id\":\"https:\/\/www.revistalogistec.com\/index.php\/2019\/12\/15\/encuentro-gs1-business-in-motion-convoco-a-un-numeroso-grupo-de-asistentes-y-destacados-expertos\/\",\"url\":\"https:\/\/www.revistalogistec.com\/index.php\/2019\/12\/15\/encuentro-gs1-business-in-motion-convoco-a-un-numeroso-grupo-de-asistentes-y-destacados-expertos\/\",\"name\":\"ENCUENTRO GS1: BUSINESS IN MOTION CONVOC\u00d3 A UN NUMEROSO GRUPO DE ASISTENTES Y DESTACADOS EXPERTOS - Revista Logistec\",\"isPartOf\":{\"@id\":\"https:\/\/www.revistalogistec.com\/#website\"},\"primaryImageOfPage\":{\"@id\":\"https:\/\/www.revistalogistec.com\/index.php\/2019\/12\/15\/encuentro-gs1-business-in-motion-convoco-a-un-numeroso-grupo-de-asistentes-y-destacados-expertos\/#primaryimage\"},\"image\":{\"@id\":\"https:\/\/www.revistalogistec.com\/index.php\/2019\/12\/15\/encuentro-gs1-business-in-motion-convoco-a-un-numeroso-grupo-de-asistentes-y-destacados-expertos\/#primaryimage\"},\"thumbnailUrl\":\"https:\/\/www.revistalogistec.com\/wp-content\/uploads\/2019\/12\/gs1_logistec.jpg\",\"datePublished\":\"2019-12-15T17:25:41+00:00\",\"dateModified\":\"2025-11-07T18:05:08+00:00\",\"author\":{\"@id\":\"https:\/\/www.revistalogistec.com\/#\/schema\/person\/b25cced65507282f3fc6eb806b1db4f0\"},\"breadcrumb\":{\"@id\":\"https:\/\/www.revistalogistec.com\/index.php\/2019\/12\/15\/encuentro-gs1-business-in-motion-convoco-a-un-numeroso-grupo-de-asistentes-y-destacados-expertos\/#breadcrumb\"},\"inLanguage\":\"es\",\"potentialAction\":[{\"@type\":\"ReadAction\",\"target\":[\"https:\/\/www.revistalogistec.com\/index.php\/2019\/12\/15\/encuentro-gs1-business-in-motion-convoco-a-un-numeroso-grupo-de-asistentes-y-destacados-expertos\/\"]}]},{\"@type\":\"ImageObject\",\"inLanguage\":\"es\",\"@id\":\"https:\/\/www.revistalogistec.com\/index.php\/2019\/12\/15\/encuentro-gs1-business-in-motion-convoco-a-un-numeroso-grupo-de-asistentes-y-destacados-expertos\/#primaryimage\",\"url\":\"https:\/\/www.revistalogistec.com\/wp-content\/uploads\/2019\/12\/gs1_logistec.jpg\",\"contentUrl\":\"https:\/\/www.revistalogistec.com\/wp-content\/uploads\/2019\/12\/gs1_logistec.jpg\",\"width\":850,\"height\":567},{\"@type\":\"BreadcrumbList\",\"@id\":\"https:\/\/www.revistalogistec.com\/index.php\/2019\/12\/15\/encuentro-gs1-business-in-motion-convoco-a-un-numeroso-grupo-de-asistentes-y-destacados-expertos\/#breadcrumb\",\"itemListElement\":[{\"@type\":\"ListItem\",\"position\":1,\"name\":\"Portada\",\"item\":\"https:\/\/www.revistalogistec.com\/\"},{\"@type\":\"ListItem\",\"position\":2,\"name\":\"ENCUENTRO GS1: BUSINESS IN MOTION CONVOC\u00d3 A UN NUMEROSO GRUPO DE ASISTENTES Y DESTACADOS EXPERTOS\"}]},{\"@type\":\"WebSite\",\"@id\":\"https:\/\/www.revistalogistec.com\/#website\",\"url\":\"https:\/\/www.revistalogistec.com\/\",\"name\":\"Revista Logistec\",\"description\":\"\",\"potentialAction\":[{\"@type\":\"SearchAction\",\"target\":{\"@type\":\"EntryPoint\",\"urlTemplate\":\"https:\/\/www.revistalogistec.com\/?s={search_term_string}\"},\"query-input\":{\"@type\":\"PropertyValueSpecification\",\"valueRequired\":true,\"valueName\":\"search_term_string\"}}],\"inLanguage\":\"es\"},{\"@type\":\"Person\",\"@id\":\"https:\/\/www.revistalogistec.com\/#\/schema\/person\/b25cced65507282f3fc6eb806b1db4f0\",\"name\":\"admin\",\"image\":{\"@type\":\"ImageObject\",\"inLanguage\":\"es\",\"@id\":\"https:\/\/secure.gravatar.com\/avatar\/94631f712dee24b50f2f12a7caf62df22b2c346945fcff655ce85b674bebf6fd?s=96&d=mm&r=g\",\"url\":\"https:\/\/secure.gravatar.com\/avatar\/94631f712dee24b50f2f12a7caf62df22b2c346945fcff655ce85b674bebf6fd?s=96&d=mm&r=g\",\"contentUrl\":\"https:\/\/secure.gravatar.com\/avatar\/94631f712dee24b50f2f12a7caf62df22b2c346945fcff655ce85b674bebf6fd?s=96&d=mm&r=g\",\"caption\":\"admin\"},\"sameAs\":[\"https:\/\/www.revistalogistec.com\"],\"url\":\"https:\/\/www.revistalogistec.com\/index.php\/author\/admin_revlog\/\"}]}<\/script>\n<!-- \/ Yoast SEO plugin. -->","yoast_head_json":{"title":"ENCUENTRO GS1: BUSINESS IN MOTION CONVOC\u00d3 A UN NUMEROSO GRUPO DE ASISTENTES Y DESTACADOS EXPERTOS - Revista Logistec","robots":{"index":"index","follow":"follow","max-snippet":"max-snippet:-1","max-image-preview":"max-image-preview:large","max-video-preview":"max-video-preview:-1"},"canonical":"https:\/\/www.revistalogistec.com\/index.php\/2019\/12\/15\/encuentro-gs1-business-in-motion-convoco-a-un-numeroso-grupo-de-asistentes-y-destacados-expertos\/","og_locale":"es_ES","og_type":"article","og_title":"ENCUENTRO GS1: BUSINESS IN MOTION CONVOC\u00d3 A UN NUMEROSO GRUPO DE ASISTENTES Y DESTACADOS EXPERTOS - Revista Logistec","og_description":"Este mi\u00e9rcoles 28 de agosto se realiz\u00f3 el Seminario Internacional \u201cChile en C\u00f3digo, Business in Motion\u201d, donde destacados expositores compartieron miradas y claves para enfrentar los nuevos retos que la transformaci\u00f3n digital depara a las organizaciones.","og_url":"https:\/\/www.revistalogistec.com\/index.php\/2019\/12\/15\/encuentro-gs1-business-in-motion-convoco-a-un-numeroso-grupo-de-asistentes-y-destacados-expertos\/","og_site_name":"Revista Logistec","article_published_time":"2019-12-15T17:25:41+00:00","article_modified_time":"2025-11-07T18:05:08+00:00","og_image":[{"width":850,"height":567,"url":"https:\/\/www.revistalogistec.com\/wp-content\/uploads\/2019\/12\/gs1_logistec.jpg","type":"image\/jpeg"}],"author":"admin","twitter_card":"summary_large_image","twitter_misc":{"Escrito por":"admin","Tiempo de lectura":"3 minutos"},"schema":{"@context":"https:\/\/schema.org","@graph":[{"@type":"Article","@id":"https:\/\/www.revistalogistec.com\/index.php\/2019\/12\/15\/encuentro-gs1-business-in-motion-convoco-a-un-numeroso-grupo-de-asistentes-y-destacados-expertos\/#article","isPartOf":{"@id":"https:\/\/www.revistalogistec.com\/index.php\/2019\/12\/15\/encuentro-gs1-business-in-motion-convoco-a-un-numeroso-grupo-de-asistentes-y-destacados-expertos\/"},"author":{"name":"admin","@id":"https:\/\/www.revistalogistec.com\/#\/schema\/person\/b25cced65507282f3fc6eb806b1db4f0"},"headline":"ENCUENTRO GS1: BUSINESS IN MOTION CONVOC\u00d3 A UN NUMEROSO GRUPO DE ASISTENTES Y DESTACADOS EXPERTOS","datePublished":"2019-12-15T17:25:41+00:00","dateModified":"2025-11-07T18:05:08+00:00","mainEntityOfPage":{"@id":"https:\/\/www.revistalogistec.com\/index.php\/2019\/12\/15\/encuentro-gs1-business-in-motion-convoco-a-un-numeroso-grupo-de-asistentes-y-destacados-expertos\/"},"wordCount":576,"commentCount":0,"image":{"@id":"https:\/\/www.revistalogistec.com\/index.php\/2019\/12\/15\/encuentro-gs1-business-in-motion-convoco-a-un-numeroso-grupo-de-asistentes-y-destacados-expertos\/#primaryimage"},"thumbnailUrl":"https:\/\/www.revistalogistec.com\/wp-content\/uploads\/2019\/12\/gs1_logistec.jpg","articleSection":["NOTICIAS CLIENTES"],"inLanguage":"es"},{"@type":"WebPage","@id":"https:\/\/www.revistalogistec.com\/index.php\/2019\/12\/15\/encuentro-gs1-business-in-motion-convoco-a-un-numeroso-grupo-de-asistentes-y-destacados-expertos\/","url":"https:\/\/www.revistalogistec.com\/index.php\/2019\/12\/15\/encuentro-gs1-business-in-motion-convoco-a-un-numeroso-grupo-de-asistentes-y-destacados-expertos\/","name":"ENCUENTRO GS1: BUSINESS IN MOTION CONVOC\u00d3 A UN NUMEROSO GRUPO DE ASISTENTES Y DESTACADOS EXPERTOS - Revista Logistec","isPartOf":{"@id":"https:\/\/www.revistalogistec.com\/#website"},"primaryImageOfPage":{"@id":"https:\/\/www.revistalogistec.com\/index.php\/2019\/12\/15\/encuentro-gs1-business-in-motion-convoco-a-un-numeroso-grupo-de-asistentes-y-destacados-expertos\/#primaryimage"},"image":{"@id":"https:\/\/www.revistalogistec.com\/index.php\/2019\/12\/15\/encuentro-gs1-business-in-motion-convoco-a-un-numeroso-grupo-de-asistentes-y-destacados-expertos\/#primaryimage"},"thumbnailUrl":"https:\/\/www.revistalogistec.com\/wp-content\/uploads\/2019\/12\/gs1_logistec.jpg","datePublished":"2019-12-15T17:25:41+00:00","dateModified":"2025-11-07T18:05:08+00:00","author":{"@id":"https:\/\/www.revistalogistec.com\/#\/schema\/person\/b25cced65507282f3fc6eb806b1db4f0"},"breadcrumb":{"@id":"https:\/\/www.revistalogistec.com\/index.php\/2019\/12\/15\/encuentro-gs1-business-in-motion-convoco-a-un-numeroso-grupo-de-asistentes-y-destacados-expertos\/#breadcrumb"},"inLanguage":"es","potentialAction":[{"@type":"ReadAction","target":["https:\/\/www.revistalogistec.com\/index.php\/2019\/12\/15\/encuentro-gs1-business-in-motion-convoco-a-un-numeroso-grupo-de-asistentes-y-destacados-expertos\/"]}]},{"@type":"ImageObject","inLanguage":"es","@id":"https:\/\/www.revistalogistec.com\/index.php\/2019\/12\/15\/encuentro-gs1-business-in-motion-convoco-a-un-numeroso-grupo-de-asistentes-y-destacados-expertos\/#primaryimage","url":"https:\/\/www.revistalogistec.com\/wp-content\/uploads\/2019\/12\/gs1_logistec.jpg","contentUrl":"https:\/\/www.revistalogistec.com\/wp-content\/uploads\/2019\/12\/gs1_logistec.jpg","width":850,"height":567},{"@type":"BreadcrumbList","@id":"https:\/\/www.revistalogistec.com\/index.php\/2019\/12\/15\/encuentro-gs1-business-in-motion-convoco-a-un-numeroso-grupo-de-asistentes-y-destacados-expertos\/#breadcrumb","itemListElement":[{"@type":"ListItem","position":1,"name":"Portada","item":"https:\/\/www.revistalogistec.com\/"},{"@type":"ListItem","position":2,"name":"ENCUENTRO GS1: BUSINESS IN MOTION CONVOC\u00d3 A UN NUMEROSO GRUPO DE ASISTENTES Y DESTACADOS EXPERTOS"}]},{"@type":"WebSite","@id":"https:\/\/www.revistalogistec.com\/#website","url":"https:\/\/www.revistalogistec.com\/","name":"Revista Logistec","description":"","potentialAction":[{"@type":"SearchAction","target":{"@type":"EntryPoint","urlTemplate":"https:\/\/www.revistalogistec.com\/?s={search_term_string}"},"query-input":{"@type":"PropertyValueSpecification","valueRequired":true,"valueName":"search_term_string"}}],"inLanguage":"es"},{"@type":"Person","@id":"https:\/\/www.revistalogistec.com\/#\/schema\/person\/b25cced65507282f3fc6eb806b1db4f0","name":"admin","image":{"@type":"ImageObject","inLanguage":"es","@id":"https:\/\/secure.gravatar.com\/avatar\/94631f712dee24b50f2f12a7caf62df22b2c346945fcff655ce85b674bebf6fd?s=96&d=mm&r=g","url":"https:\/\/secure.gravatar.com\/avatar\/94631f712dee24b50f2f12a7caf62df22b2c346945fcff655ce85b674bebf6fd?s=96&d=mm&r=g","contentUrl":"https:\/\/secure.gravatar.com\/avatar\/94631f712dee24b50f2f12a7caf62df22b2c346945fcff655ce85b674bebf6fd?s=96&d=mm&r=g","caption":"admin"},"sameAs":["https:\/\/www.revistalogistec.com"],"url":"https:\/\/www.revistalogistec.com\/index.php\/author\/admin_revlog\/"}]}},"_links":{"self":[{"href":"https:\/\/www.revistalogistec.com\/index.php\/wp-json\/wp\/v2\/posts\/713","targetHints":{"allow":["GET"]}}],"collection":[{"href":"https:\/\/www.revistalogistec.com\/index.php\/wp-json\/wp\/v2\/posts"}],"about":[{"href":"https:\/\/www.revistalogistec.com\/index.php\/wp-json\/wp\/v2\/types\/post"}],"author":[{"embeddable":true,"href":"https:\/\/www.revistalogistec.com\/index.php\/wp-json\/wp\/v2\/users\/1"}],"replies":[{"embeddable":true,"href":"https:\/\/www.revistalogistec.com\/index.php\/wp-json\/wp\/v2\/comments?post=713"}],"version-history":[{"count":0,"href":"https:\/\/www.revistalogistec.com\/index.php\/wp-json\/wp\/v2\/posts\/713\/revisions"}],"wp:featuredmedia":[{"embeddable":true,"href":"https:\/\/www.revistalogistec.com\/index.php\/wp-json\/wp\/v2\/media\/712"}],"wp:attachment":[{"href":"https:\/\/www.revistalogistec.com\/index.php\/wp-json\/wp\/v2\/media?parent=713"}],"wp:term":[{"taxonomy":"category","embeddable":true,"href":"https:\/\/www.revistalogistec.com\/index.php\/wp-json\/wp\/v2\/categories?post=713"},{"taxonomy":"post_tag","embeddable":true,"href":"https:\/\/www.revistalogistec.com\/index.php\/wp-json\/wp\/v2\/tags?post=713"}],"curies":[{"name":"wp","href":"https:\/\/api.w.org\/{rel}","templated":true}]}}