{"id":8510,"date":"2022-04-12T15:29:45","date_gmt":"2022-04-12T15:29:45","guid":{"rendered":"https:\/\/www.revistalogistec.com\/index.php\/2022\/04\/12\/la-sostenibilidad-que-define-a-nuestro-modelo-de-negocios\/"},"modified":"2025-11-07T11:12:21","modified_gmt":"2025-11-07T15:12:21","slug":"la-sostenibilidad-que-define-a-nuestro-modelo-de-negocios","status":"publish","type":"post","link":"https:\/\/www.revistalogistec.com\/index.php\/2022\/04\/12\/la-sostenibilidad-que-define-a-nuestro-modelo-de-negocios\/","title":{"rendered":"LA SOSTENIBILIDAD QUE DEFINE A NUESTRO MODELO DE NEGOCIOS"},"content":{"rendered":"<p style=\"text-align: justify;\">Friofort ha desarrollado su modelo de negocios durante los \u00faltimos 15 a\u00f1os abocado en un profundo compromiso con la sostenibilidad. Trabajamos con la industria de los alimentos, y nos importa el desarrollo de distintos actores locales involucrados, adem\u00e1s del acompa\u00f1amiento a nuestros clientes en toda su cadena de gesti\u00f3n log\u00edstica de almacenamiento y transporte de alimentos hacia el mundo entero.<\/p>\n<p style=\"text-align: justify;\">Hemos elaborado tempranamente un modelo de negocios sustentable que caracteriza a nuestro servicio, privilegiando intereses globales y por supuesto nacionales, como frenar el cambio clim\u00e1tico, incorporaci\u00f3n de tecnolog\u00edas para la eficiencia energ\u00e9tica y uso responsable del agua, y pr\u00e1cticas de reciclaje, entre otras necesidades.<\/p>\n<p style=\"text-align: justify;\">As\u00ed fue como hemos sido certificados en distintas oportunidades en Acuerdos de Producci\u00f3n Limpia (APL) para indicadores de sustentabilidad aplicados a la industria de alimentos procesados.<\/p>\n<p style=\"text-align: justify;\"><img decoding=\"async\" class=\" alignleft size-full wp-image-8509\" src=\"https:\/\/www.revistalogistec.com\/wp-content\/uploads\/2022\/04\/rafael_tagle.jpg\" alt=\"rafael tagle\" width=\"200\" style=\"margin: 10px; float: left;\" srcset=\"https:\/\/www.revistalogistec.com\/wp-content\/uploads\/2022\/04\/rafael_tagle.jpg 200w, https:\/\/www.revistalogistec.com\/wp-content\/uploads\/2022\/04\/rafael_tagle-150x150.jpg 150w, https:\/\/www.revistalogistec.com\/wp-content\/uploads\/2022\/04\/rafael_tagle-75x75.jpg 75w\" sizes=\"(max-width: 200px) 100vw, 200px\" \/>Adem\u00e1s, nuestro sistema de gesti\u00f3n obtuvo las certificaciones ISO 9001:2015 y HACCP de Inocuidad alimentaria, que avalan -entre otros- nuestros servicios log\u00edsticos, congelado en t\u00fanel y almacenamiento para alimentos en general en congelado, refrigerado, seco y temperatura controlada.<\/p>\n<p style=\"text-align: justify;\">Estos reconocimientos avalan que nuestras acciones estrat\u00e9gicas de negocio incorporan una visi\u00f3n sist\u00e9mica de nuestra actividad productiva, implementando materias de sustentabilidad y el aumento de la competitividad en el rubro.<\/p>\n<p style=\"text-align: justify;\">Somos vecinos hace m\u00e1s de 30 a\u00f1os de la comuna de Buin -parte de la zona del Maipo- donde existen industrias de distintos tama\u00f1os y abocadas a diversas producciones. El objetivo de Friofort es la de ser un buen miembro de esta comunidad residencial y con empresas medianas y grandes, por lo que nos caracteriza llevar adelante altos est\u00e1ndares de buena gobernanza en la cotidianeidad de nuestros procesos de negocios.<\/p>\n<p style=\"text-align: justify;\">Todas estas medidas se ven reflejadas en la tecnolog\u00eda que desarrollamos para el cuidado de la seguridad e inocuidad de los alimentos que almacenamos y transportamos, conscientes del valor que estos productos tienen para nuestros clientes y sus consumidores finales.<\/p>\n<p style=\"text-align: justify;\">Es por ello que tambi\u00e9n nos abocamos a implementar servicios especializados para la cadena de alimentos y adem\u00e1s una detallada log\u00edstica de \u00faltima milla, haciendo del transporte de nuestros productos -cualquiera sea su destino-, una soluci\u00f3n log\u00edstica customizada para quienes conf\u00edan en nosotros.<\/p>\n<p style=\"text-align: justify;\">Estamos seguros que la tarea de trabajar por favorecer la sostenibilidad a\u00fan requiere que cumplamos m\u00e1s y m\u00e1s desaf\u00edos corporativos, que sirvan para dar respuesta a las necesidades actuales sin comprometer las expectativas de las futuras generaciones, y as\u00ed apoyar el crecimiento econ\u00f3mico, medioambiental y social de nuestro pa\u00eds.<\/p>\n<p>Por Rafael Tagle Moreno, Gerente General Grupo Friofort<\/p>\n","protected":false},"excerpt":{"rendered":"<p style=\"text-align: justify;\">Friofort ha desarrollado su modelo de negocios durante los \u00faltimos 15 a\u00f1os abocado en un profundo compromiso con la sostenibilidad. Trabajamos con la industria de los alimentos, y nos importa el desarrollo de distintos actores locales involucrados, adem\u00e1s del acompa\u00f1amiento a nuestros clientes en toda su cadena de gesti\u00f3n log\u00edstica de almacenamiento y transporte de alimentos hacia el mundo entero.<\/p>\n","protected":false},"author":1,"featured_media":8508,"comment_status":"open","ping_status":"open","sticky":false,"template":"","format":"standard","meta":{"_acf_changed":false,"jnews-multi-image_gallery":[],"jnews_single_post":[],"jnews_primary_category":[],"jnews_social_meta":[],"jnews_override_counter":[],"footnotes":""},"categories":[164],"tags":[],"class_list":["post-8510","post","type-post","status-publish","format-standard","has-post-thumbnail","hentry","category-noticias-clientes"],"acf":[],"yoast_head":"<!-- This site is optimized with the Yoast SEO plugin v27.2 - https:\/\/yoast.com\/product\/yoast-seo-wordpress\/ -->\n<title>LA SOSTENIBILIDAD QUE DEFINE A NUESTRO MODELO DE NEGOCIOS - Revista Logistec<\/title>\n<meta name=\"robots\" content=\"index, follow, max-snippet:-1, max-image-preview:large, max-video-preview:-1\" \/>\n<link rel=\"canonical\" href=\"https:\/\/www.revistalogistec.com\/index.php\/2022\/04\/12\/la-sostenibilidad-que-define-a-nuestro-modelo-de-negocios\/\" \/>\n<meta property=\"og:locale\" content=\"es_ES\" \/>\n<meta property=\"og:type\" content=\"article\" \/>\n<meta property=\"og:title\" content=\"LA SOSTENIBILIDAD QUE DEFINE A NUESTRO MODELO DE NEGOCIOS - Revista Logistec\" \/>\n<meta property=\"og:description\" content=\"Friofort ha desarrollado su modelo de negocios durante los \u00faltimos 15 a\u00f1os abocado en un profundo compromiso con la sostenibilidad. Trabajamos con la industria de los alimentos, y nos importa el desarrollo de distintos actores locales involucrados, adem\u00e1s del acompa\u00f1amiento a nuestros clientes en toda su cadena de gesti\u00f3n log\u00edstica de almacenamiento y transporte de alimentos hacia el mundo entero.\" \/>\n<meta property=\"og:url\" content=\"https:\/\/www.revistalogistec.com\/index.php\/2022\/04\/12\/la-sostenibilidad-que-define-a-nuestro-modelo-de-negocios\/\" \/>\n<meta property=\"og:site_name\" content=\"Revista Logistec\" \/>\n<meta property=\"article:published_time\" content=\"2022-04-12T15:29:45+00:00\" \/>\n<meta property=\"article:modified_time\" content=\"2025-11-07T15:12:21+00:00\" \/>\n<meta property=\"og:image\" content=\"https:\/\/www.revistalogistec.com\/wp-content\/uploads\/2022\/04\/news_friofort.jpg\" \/>\n\t<meta property=\"og:image:width\" content=\"850\" \/>\n\t<meta property=\"og:image:height\" content=\"567\" \/>\n\t<meta property=\"og:image:type\" content=\"image\/jpeg\" \/>\n<meta name=\"author\" content=\"admin\" \/>\n<meta name=\"twitter:card\" content=\"summary_large_image\" \/>\n<meta name=\"twitter:label1\" content=\"Escrito por\" \/>\n\t<meta name=\"twitter:data1\" content=\"admin\" \/>\n\t<meta name=\"twitter:label2\" content=\"Tiempo de lectura\" \/>\n\t<meta name=\"twitter:data2\" content=\"2 minutos\" \/>\n<script type=\"application\/ld+json\" class=\"yoast-schema-graph\">{\"@context\":\"https:\/\/schema.org\",\"@graph\":[{\"@type\":\"Article\",\"@id\":\"https:\/\/www.revistalogistec.com\/index.php\/2022\/04\/12\/la-sostenibilidad-que-define-a-nuestro-modelo-de-negocios\/#article\",\"isPartOf\":{\"@id\":\"https:\/\/www.revistalogistec.com\/index.php\/2022\/04\/12\/la-sostenibilidad-que-define-a-nuestro-modelo-de-negocios\/\"},\"author\":{\"name\":\"admin\",\"@id\":\"https:\/\/www.revistalogistec.com\/#\/schema\/person\/b25cced65507282f3fc6eb806b1db4f0\"},\"headline\":\"LA SOSTENIBILIDAD QUE DEFINE A NUESTRO MODELO DE NEGOCIOS\",\"datePublished\":\"2022-04-12T15:29:45+00:00\",\"dateModified\":\"2025-11-07T15:12:21+00:00\",\"mainEntityOfPage\":{\"@id\":\"https:\/\/www.revistalogistec.com\/index.php\/2022\/04\/12\/la-sostenibilidad-que-define-a-nuestro-modelo-de-negocios\/\"},\"wordCount\":449,\"commentCount\":0,\"image\":{\"@id\":\"https:\/\/www.revistalogistec.com\/index.php\/2022\/04\/12\/la-sostenibilidad-que-define-a-nuestro-modelo-de-negocios\/#primaryimage\"},\"thumbnailUrl\":\"https:\/\/www.revistalogistec.com\/wp-content\/uploads\/2022\/04\/news_friofort.jpg\",\"articleSection\":[\"NOTICIAS CLIENTES\"],\"inLanguage\":\"es\"},{\"@type\":\"WebPage\",\"@id\":\"https:\/\/www.revistalogistec.com\/index.php\/2022\/04\/12\/la-sostenibilidad-que-define-a-nuestro-modelo-de-negocios\/\",\"url\":\"https:\/\/www.revistalogistec.com\/index.php\/2022\/04\/12\/la-sostenibilidad-que-define-a-nuestro-modelo-de-negocios\/\",\"name\":\"LA SOSTENIBILIDAD QUE DEFINE A NUESTRO MODELO DE NEGOCIOS - Revista Logistec\",\"isPartOf\":{\"@id\":\"https:\/\/www.revistalogistec.com\/#website\"},\"primaryImageOfPage\":{\"@id\":\"https:\/\/www.revistalogistec.com\/index.php\/2022\/04\/12\/la-sostenibilidad-que-define-a-nuestro-modelo-de-negocios\/#primaryimage\"},\"image\":{\"@id\":\"https:\/\/www.revistalogistec.com\/index.php\/2022\/04\/12\/la-sostenibilidad-que-define-a-nuestro-modelo-de-negocios\/#primaryimage\"},\"thumbnailUrl\":\"https:\/\/www.revistalogistec.com\/wp-content\/uploads\/2022\/04\/news_friofort.jpg\",\"datePublished\":\"2022-04-12T15:29:45+00:00\",\"dateModified\":\"2025-11-07T15:12:21+00:00\",\"author\":{\"@id\":\"https:\/\/www.revistalogistec.com\/#\/schema\/person\/b25cced65507282f3fc6eb806b1db4f0\"},\"breadcrumb\":{\"@id\":\"https:\/\/www.revistalogistec.com\/index.php\/2022\/04\/12\/la-sostenibilidad-que-define-a-nuestro-modelo-de-negocios\/#breadcrumb\"},\"inLanguage\":\"es\",\"potentialAction\":[{\"@type\":\"ReadAction\",\"target\":[\"https:\/\/www.revistalogistec.com\/index.php\/2022\/04\/12\/la-sostenibilidad-que-define-a-nuestro-modelo-de-negocios\/\"]}]},{\"@type\":\"ImageObject\",\"inLanguage\":\"es\",\"@id\":\"https:\/\/www.revistalogistec.com\/index.php\/2022\/04\/12\/la-sostenibilidad-que-define-a-nuestro-modelo-de-negocios\/#primaryimage\",\"url\":\"https:\/\/www.revistalogistec.com\/wp-content\/uploads\/2022\/04\/news_friofort.jpg\",\"contentUrl\":\"https:\/\/www.revistalogistec.com\/wp-content\/uploads\/2022\/04\/news_friofort.jpg\",\"width\":850,\"height\":567},{\"@type\":\"BreadcrumbList\",\"@id\":\"https:\/\/www.revistalogistec.com\/index.php\/2022\/04\/12\/la-sostenibilidad-que-define-a-nuestro-modelo-de-negocios\/#breadcrumb\",\"itemListElement\":[{\"@type\":\"ListItem\",\"position\":1,\"name\":\"Portada\",\"item\":\"https:\/\/www.revistalogistec.com\/\"},{\"@type\":\"ListItem\",\"position\":2,\"name\":\"LA SOSTENIBILIDAD QUE DEFINE A NUESTRO MODELO DE NEGOCIOS\"}]},{\"@type\":\"WebSite\",\"@id\":\"https:\/\/www.revistalogistec.com\/#website\",\"url\":\"https:\/\/www.revistalogistec.com\/\",\"name\":\"Revista Logistec\",\"description\":\"\",\"potentialAction\":[{\"@type\":\"SearchAction\",\"target\":{\"@type\":\"EntryPoint\",\"urlTemplate\":\"https:\/\/www.revistalogistec.com\/?s={search_term_string}\"},\"query-input\":{\"@type\":\"PropertyValueSpecification\",\"valueRequired\":true,\"valueName\":\"search_term_string\"}}],\"inLanguage\":\"es\"},{\"@type\":\"Person\",\"@id\":\"https:\/\/www.revistalogistec.com\/#\/schema\/person\/b25cced65507282f3fc6eb806b1db4f0\",\"name\":\"admin\",\"image\":{\"@type\":\"ImageObject\",\"inLanguage\":\"es\",\"@id\":\"https:\/\/secure.gravatar.com\/avatar\/94631f712dee24b50f2f12a7caf62df22b2c346945fcff655ce85b674bebf6fd?s=96&d=mm&r=g\",\"url\":\"https:\/\/secure.gravatar.com\/avatar\/94631f712dee24b50f2f12a7caf62df22b2c346945fcff655ce85b674bebf6fd?s=96&d=mm&r=g\",\"contentUrl\":\"https:\/\/secure.gravatar.com\/avatar\/94631f712dee24b50f2f12a7caf62df22b2c346945fcff655ce85b674bebf6fd?s=96&d=mm&r=g\",\"caption\":\"admin\"},\"sameAs\":[\"https:\/\/www.revistalogistec.com\"],\"url\":\"https:\/\/www.revistalogistec.com\/index.php\/author\/admin_revlog\/\"}]}<\/script>\n<!-- \/ Yoast SEO plugin. -->","yoast_head_json":{"title":"LA SOSTENIBILIDAD QUE DEFINE A NUESTRO MODELO DE NEGOCIOS - Revista Logistec","robots":{"index":"index","follow":"follow","max-snippet":"max-snippet:-1","max-image-preview":"max-image-preview:large","max-video-preview":"max-video-preview:-1"},"canonical":"https:\/\/www.revistalogistec.com\/index.php\/2022\/04\/12\/la-sostenibilidad-que-define-a-nuestro-modelo-de-negocios\/","og_locale":"es_ES","og_type":"article","og_title":"LA SOSTENIBILIDAD QUE DEFINE A NUESTRO MODELO DE NEGOCIOS - Revista Logistec","og_description":"Friofort ha desarrollado su modelo de negocios durante los \u00faltimos 15 a\u00f1os abocado en un profundo compromiso con la sostenibilidad. Trabajamos con la industria de los alimentos, y nos importa el desarrollo de distintos actores locales involucrados, adem\u00e1s del acompa\u00f1amiento a nuestros clientes en toda su cadena de gesti\u00f3n log\u00edstica de almacenamiento y transporte de alimentos hacia el mundo entero.","og_url":"https:\/\/www.revistalogistec.com\/index.php\/2022\/04\/12\/la-sostenibilidad-que-define-a-nuestro-modelo-de-negocios\/","og_site_name":"Revista Logistec","article_published_time":"2022-04-12T15:29:45+00:00","article_modified_time":"2025-11-07T15:12:21+00:00","og_image":[{"width":850,"height":567,"url":"https:\/\/www.revistalogistec.com\/wp-content\/uploads\/2022\/04\/news_friofort.jpg","type":"image\/jpeg"}],"author":"admin","twitter_card":"summary_large_image","twitter_misc":{"Escrito por":"admin","Tiempo de lectura":"2 minutos"},"schema":{"@context":"https:\/\/schema.org","@graph":[{"@type":"Article","@id":"https:\/\/www.revistalogistec.com\/index.php\/2022\/04\/12\/la-sostenibilidad-que-define-a-nuestro-modelo-de-negocios\/#article","isPartOf":{"@id":"https:\/\/www.revistalogistec.com\/index.php\/2022\/04\/12\/la-sostenibilidad-que-define-a-nuestro-modelo-de-negocios\/"},"author":{"name":"admin","@id":"https:\/\/www.revistalogistec.com\/#\/schema\/person\/b25cced65507282f3fc6eb806b1db4f0"},"headline":"LA SOSTENIBILIDAD QUE DEFINE A NUESTRO MODELO DE NEGOCIOS","datePublished":"2022-04-12T15:29:45+00:00","dateModified":"2025-11-07T15:12:21+00:00","mainEntityOfPage":{"@id":"https:\/\/www.revistalogistec.com\/index.php\/2022\/04\/12\/la-sostenibilidad-que-define-a-nuestro-modelo-de-negocios\/"},"wordCount":449,"commentCount":0,"image":{"@id":"https:\/\/www.revistalogistec.com\/index.php\/2022\/04\/12\/la-sostenibilidad-que-define-a-nuestro-modelo-de-negocios\/#primaryimage"},"thumbnailUrl":"https:\/\/www.revistalogistec.com\/wp-content\/uploads\/2022\/04\/news_friofort.jpg","articleSection":["NOTICIAS CLIENTES"],"inLanguage":"es"},{"@type":"WebPage","@id":"https:\/\/www.revistalogistec.com\/index.php\/2022\/04\/12\/la-sostenibilidad-que-define-a-nuestro-modelo-de-negocios\/","url":"https:\/\/www.revistalogistec.com\/index.php\/2022\/04\/12\/la-sostenibilidad-que-define-a-nuestro-modelo-de-negocios\/","name":"LA SOSTENIBILIDAD QUE DEFINE A NUESTRO MODELO DE NEGOCIOS - Revista Logistec","isPartOf":{"@id":"https:\/\/www.revistalogistec.com\/#website"},"primaryImageOfPage":{"@id":"https:\/\/www.revistalogistec.com\/index.php\/2022\/04\/12\/la-sostenibilidad-que-define-a-nuestro-modelo-de-negocios\/#primaryimage"},"image":{"@id":"https:\/\/www.revistalogistec.com\/index.php\/2022\/04\/12\/la-sostenibilidad-que-define-a-nuestro-modelo-de-negocios\/#primaryimage"},"thumbnailUrl":"https:\/\/www.revistalogistec.com\/wp-content\/uploads\/2022\/04\/news_friofort.jpg","datePublished":"2022-04-12T15:29:45+00:00","dateModified":"2025-11-07T15:12:21+00:00","author":{"@id":"https:\/\/www.revistalogistec.com\/#\/schema\/person\/b25cced65507282f3fc6eb806b1db4f0"},"breadcrumb":{"@id":"https:\/\/www.revistalogistec.com\/index.php\/2022\/04\/12\/la-sostenibilidad-que-define-a-nuestro-modelo-de-negocios\/#breadcrumb"},"inLanguage":"es","potentialAction":[{"@type":"ReadAction","target":["https:\/\/www.revistalogistec.com\/index.php\/2022\/04\/12\/la-sostenibilidad-que-define-a-nuestro-modelo-de-negocios\/"]}]},{"@type":"ImageObject","inLanguage":"es","@id":"https:\/\/www.revistalogistec.com\/index.php\/2022\/04\/12\/la-sostenibilidad-que-define-a-nuestro-modelo-de-negocios\/#primaryimage","url":"https:\/\/www.revistalogistec.com\/wp-content\/uploads\/2022\/04\/news_friofort.jpg","contentUrl":"https:\/\/www.revistalogistec.com\/wp-content\/uploads\/2022\/04\/news_friofort.jpg","width":850,"height":567},{"@type":"BreadcrumbList","@id":"https:\/\/www.revistalogistec.com\/index.php\/2022\/04\/12\/la-sostenibilidad-que-define-a-nuestro-modelo-de-negocios\/#breadcrumb","itemListElement":[{"@type":"ListItem","position":1,"name":"Portada","item":"https:\/\/www.revistalogistec.com\/"},{"@type":"ListItem","position":2,"name":"LA SOSTENIBILIDAD QUE DEFINE A NUESTRO MODELO DE NEGOCIOS"}]},{"@type":"WebSite","@id":"https:\/\/www.revistalogistec.com\/#website","url":"https:\/\/www.revistalogistec.com\/","name":"Revista Logistec","description":"","potentialAction":[{"@type":"SearchAction","target":{"@type":"EntryPoint","urlTemplate":"https:\/\/www.revistalogistec.com\/?s={search_term_string}"},"query-input":{"@type":"PropertyValueSpecification","valueRequired":true,"valueName":"search_term_string"}}],"inLanguage":"es"},{"@type":"Person","@id":"https:\/\/www.revistalogistec.com\/#\/schema\/person\/b25cced65507282f3fc6eb806b1db4f0","name":"admin","image":{"@type":"ImageObject","inLanguage":"es","@id":"https:\/\/secure.gravatar.com\/avatar\/94631f712dee24b50f2f12a7caf62df22b2c346945fcff655ce85b674bebf6fd?s=96&d=mm&r=g","url":"https:\/\/secure.gravatar.com\/avatar\/94631f712dee24b50f2f12a7caf62df22b2c346945fcff655ce85b674bebf6fd?s=96&d=mm&r=g","contentUrl":"https:\/\/secure.gravatar.com\/avatar\/94631f712dee24b50f2f12a7caf62df22b2c346945fcff655ce85b674bebf6fd?s=96&d=mm&r=g","caption":"admin"},"sameAs":["https:\/\/www.revistalogistec.com"],"url":"https:\/\/www.revistalogistec.com\/index.php\/author\/admin_revlog\/"}]}},"_links":{"self":[{"href":"https:\/\/www.revistalogistec.com\/index.php\/wp-json\/wp\/v2\/posts\/8510","targetHints":{"allow":["GET"]}}],"collection":[{"href":"https:\/\/www.revistalogistec.com\/index.php\/wp-json\/wp\/v2\/posts"}],"about":[{"href":"https:\/\/www.revistalogistec.com\/index.php\/wp-json\/wp\/v2\/types\/post"}],"author":[{"embeddable":true,"href":"https:\/\/www.revistalogistec.com\/index.php\/wp-json\/wp\/v2\/users\/1"}],"replies":[{"embeddable":true,"href":"https:\/\/www.revistalogistec.com\/index.php\/wp-json\/wp\/v2\/comments?post=8510"}],"version-history":[{"count":0,"href":"https:\/\/www.revistalogistec.com\/index.php\/wp-json\/wp\/v2\/posts\/8510\/revisions"}],"wp:featuredmedia":[{"embeddable":true,"href":"https:\/\/www.revistalogistec.com\/index.php\/wp-json\/wp\/v2\/media\/8508"}],"wp:attachment":[{"href":"https:\/\/www.revistalogistec.com\/index.php\/wp-json\/wp\/v2\/media?parent=8510"}],"wp:term":[{"taxonomy":"category","embeddable":true,"href":"https:\/\/www.revistalogistec.com\/index.php\/wp-json\/wp\/v2\/categories?post=8510"},{"taxonomy":"post_tag","embeddable":true,"href":"https:\/\/www.revistalogistec.com\/index.php\/wp-json\/wp\/v2\/tags?post=8510"}],"curies":[{"name":"wp","href":"https:\/\/api.w.org\/{rel}","templated":true}]}}