{"id":9412,"date":"2022-07-28T21:17:45","date_gmt":"2022-07-28T21:17:45","guid":{"rendered":"https:\/\/www.revistalogistec.com\/index.php\/2022\/07\/28\/nuestras-companias-estan-preparadas-para-el-futuro\/"},"modified":"2022-07-28T21:17:45","modified_gmt":"2022-07-28T21:17:45","slug":"nuestras-companias-estan-preparadas-para-el-futuro","status":"publish","type":"post","link":"https:\/\/www.revistalogistec.com\/index.php\/2022\/07\/28\/nuestras-companias-estan-preparadas-para-el-futuro\/","title":{"rendered":"\u00bfNUESTRAS COMPA\u00d1\u00cdAS EST\u00c1N PREPARADAS PARA EL FUTURO?"},"content":{"rendered":"<p style=\"text-align: justify;\"><strong>Estamos sobrellevando el COVID mejor de lo esperado. Contamos con m\u00e1s vidas y negocios preservados de los que ten\u00edamos derecho a pensar y uno de los principales protagonistas de esto fue la tecnolog\u00eda. Pero, \u00bfes este avance e impulso tecnol\u00f3gico sostenible de cara al futuro?. Adelanto inmediatamente, que si bien no tengo una respuesta concreta, me resulta interesante plantearles por qu\u00e9.<\/strong><\/p>\n<p style=\"text-align: justify;\">Miremos hacia atr\u00e1s y hagamos un repaso de c\u00f3mo la tecnolog\u00eda cambi\u00f3 a esta civilizaci\u00f3n frente a nuestros ojos en solo dos a\u00f1os.<\/p>\n<p style=\"text-align: justify;\"><strong>Salud<\/strong><br \/>La tecnolog\u00eda trajo las vacunas y las vacunas, en gran medida, disminuyeron la tasa de mortalidad a nivel mundial. La telemedicina que ha estado con nosotros por a\u00f1os pero pasaba desapercibida, fue adoptada masivamente por establecimientos de salud. Esto no solo le dio la oportunidad a quienes no pod\u00edan trasladarse a recibir atenci\u00f3n, sino que abri\u00f3 la puerta para que la salud est\u00e9 disponible para cualquier persona, independiente de su ubicaci\u00f3n geogr\u00e1fica.<\/p>\n<p style=\"text-align: justify;\"><strong>Servicios<\/strong><br \/>Contra todo pron\u00f3stico, los servicios continuaron funcionando en plena pandemia. Muchas empresas por supuesto debieron cerrar, por ejemplo las de manufactura, pero por otro lado, los servicios log\u00edsticos, bancos, aseguradoras, medios de comunicaci\u00f3n, salud entre otras no pararon. Se transformaron y en algunos casos se potenciaron. Internet y las redes sociales, permitieron que pudi\u00e9ramos dejar nuestra oficina, llevarnos el computador a la casa y luego de un proceso de acostumbramiento, consider\u00e1ramos de lo m\u00e1s natural y deseable, el tener una videollamada, usar slack, whatsapp y gmail para interactuar.<\/p>\n<p style=\"text-align: justify;\"><strong>Educaci\u00f3n<\/strong><br \/>Pasamos de la presencialidad al aprendizaje online sin entrenamiento previo. Ahora volvemos a la presencialidad, pero el que hayamos aguantado todo este tiempo fue gracias a la tecnolog\u00eda.<\/p>\n<p style=\"text-align: justify;\"><strong>Pagos en l\u00ednea.<\/strong> <br \/>Simplemente no era opci\u00f3n negarse a esta adopci\u00f3n. Bien lo saben las tiendas, restaurantes y el retail en general, que vio un aumento de ventas sin precedentes.<\/p>\n<p style=\"text-align: justify;\"><strong>Entretenimiento.<\/strong> <br \/>Yo jugaba Catan online con mis amigos y org\u00e1nizabamos videollamadas para los cumplea\u00f1os. Netflix y todos los servicios de streaming nos salvaron a m\u00e1s de alguno del aburrimiento y de volvernos locos.<\/p>\n<p style=\"text-align: justify;\"><strong>Cadena de suministro y log\u00edstica<\/strong><br \/>En nuestro caso fuimos considerados profesionales esenciales, personas que no pod\u00edamos parar y que ten\u00edamos permisos especiales de parte del gobierno para seguir como si nada estuviera pasando. \u00bfPor qu\u00e9?, porque si los alimentos no llegaban a los mercados y las medicinas no llegaban a las farmacias, todos est\u00e1bamos en problemas. Las compras online de supermercados vieron su peak hist\u00f3rico y esa costumbre que muchos ten\u00edamos de recorrer las salas con un carrito de compras, la cambiamos (algunos) por Cornershop, Lomi y otras app.<\/p>\n<p style=\"text-align: justify;\">Soy un ferviente creyente en el futuro, en la tecnolog\u00eda y en la ciencia. Mi optimismo de futuro suele no tener l\u00edmites, a\u00fan a sabiendas de que quiz\u00e1s debamos enfrentar desaf\u00edos m\u00e1s dif\u00edciles. Es por esto que tengo ansiedad, pero en un buen sentido. Estoy ansioso y curioso de ver el siguiente salto tecnol\u00f3gico que tendremos, aunque no s\u00e9 si me entusiasma tanto el que lo va a ocasionar. El punto de inflexi\u00f3n llamado COVID es la ca\u00edda de nuestro muro de Berl\u00edn, el descubrimiento de la rueda, es un momento hist\u00f3rico que trajo cambios en todos los \u00e1mbitos de nuestra vida en tiempo record y pas\u00f3 en nuestra cara. \u00bfQu\u00e9 ser\u00e1 lo siguiente?, me cuesta imaginarlo, pero si s\u00e9 lo siguiente:<\/p>\n<ul>\n<li style=\"text-align: justify;\"><strong>Los que estamos a la cabeza de compa\u00f1\u00edas debemos estar sondeando m\u00e1s y nuevas tecnolog\u00edas, porque probablemente, todos los adelantos tecnol\u00f3gicos qu\u00e9 so\u00f1\u00e1bamos ya nos alcanzaron y el mundo ya est\u00e1 pidiendo m\u00e1s de nosotros.<\/strong><\/li>\n<li style=\"text-align: justify;\"><strong>Quienes tengamos empresas que a\u00fan no digitalizan su ADN, debemos saber que tenemos que comenzar con este proceso inmediatamente. Independientemente de cu\u00e1n operacional y de procesos pienses que es tu empresa y del aumento de tus cifras, puede que el pr\u00f3ximo salto tecnol\u00f3gico nos deje obsoletos.<\/strong><\/li>\n<li style=\"text-align: justify;\"><strong>Quienes a trav\u00e9s de nuestras compa\u00f1\u00edas podemos impactar positivamente a los dem\u00e1s, pensemos en impactar m\u00e1s y a m\u00e1s.<\/strong><\/li>\n<\/ul>\n<p>Por: <a href=\"https:\/\/www.linkedin.com\/in\/pedrovarasb\/\">Pedro Varas B<\/a>. CSO Rocktruck&nbsp;<\/p>\n<p style=\"text-align: justify;\">&nbsp;<\/p>\n","protected":false},"excerpt":{"rendered":"<p style=\"text-align: justify;\"><strong>Estamos sobrellevando el COVID mejor de lo esperado. Contamos con m\u00e1s vidas y negocios preservados de los que ten\u00edamos derecho a pensar y uno de los principales protagonistas de esto fue la tecnolog\u00eda. Pero, \u00bfes este avance e impulso tecnol\u00f3gico sostenible de cara al futuro?. Adelanto inmediatamente, que si bien no tengo una respuesta concreta, me resulta interesante plantearles por qu\u00e9.<\/strong><\/p>\n","protected":false},"author":48296,"featured_media":9410,"comment_status":"open","ping_status":"open","sticky":false,"template":"","format":"standard","meta":{"_acf_changed":false,"jnews-multi-image_gallery":[],"jnews_single_post":[],"jnews_primary_category":[],"jnews_social_meta":[],"jnews_override_counter":[],"footnotes":""},"categories":[83],"tags":[],"class_list":["post-9412","post","type-post","status-publish","format-standard","has-post-thumbnail","hentry","category-analisis"],"acf":[],"yoast_head":"<!-- This site is optimized with the Yoast SEO plugin v27.2 - https:\/\/yoast.com\/product\/yoast-seo-wordpress\/ -->\n<title>\u00bfNUESTRAS COMPA\u00d1\u00cdAS EST\u00c1N PREPARADAS PARA EL FUTURO? - Revista Logistec<\/title>\n<meta name=\"robots\" content=\"index, follow, max-snippet:-1, max-image-preview:large, max-video-preview:-1\" \/>\n<link rel=\"canonical\" href=\"https:\/\/www.revistalogistec.com\/index.php\/2022\/07\/28\/nuestras-companias-estan-preparadas-para-el-futuro\/\" \/>\n<meta property=\"og:locale\" content=\"es_ES\" \/>\n<meta property=\"og:type\" content=\"article\" \/>\n<meta property=\"og:title\" content=\"\u00bfNUESTRAS COMPA\u00d1\u00cdAS EST\u00c1N PREPARADAS PARA EL FUTURO? - Revista Logistec\" \/>\n<meta property=\"og:description\" content=\"Estamos sobrellevando el COVID mejor de lo esperado. Contamos con m\u00e1s vidas y negocios preservados de los que ten\u00edamos derecho a pensar y uno de los principales protagonistas de esto fue la tecnolog\u00eda. Pero, \u00bfes este avance e impulso tecnol\u00f3gico sostenible de cara al futuro?. Adelanto inmediatamente, que si bien no tengo una respuesta concreta, me resulta interesante plantearles por qu\u00e9.\" \/>\n<meta property=\"og:url\" content=\"https:\/\/www.revistalogistec.com\/index.php\/2022\/07\/28\/nuestras-companias-estan-preparadas-para-el-futuro\/\" \/>\n<meta property=\"og:site_name\" content=\"Revista Logistec\" \/>\n<meta property=\"article:published_time\" content=\"2022-07-28T21:17:45+00:00\" \/>\n<meta property=\"og:image\" content=\"https:\/\/www.revistalogistec.com\/wp-content\/uploads\/2022\/07\/resized-image-Promo_-_2022-07-28T171616.285.jpeg\" \/>\n\t<meta property=\"og:image:width\" content=\"850\" \/>\n\t<meta property=\"og:image:height\" content=\"477\" \/>\n\t<meta property=\"og:image:type\" content=\"image\/jpeg\" \/>\n<meta name=\"author\" content=\"Paula Cortes\" \/>\n<meta name=\"twitter:card\" content=\"summary_large_image\" \/>\n<meta name=\"twitter:label1\" content=\"Escrito por\" \/>\n\t<meta name=\"twitter:data1\" content=\"Paula Cortes\" \/>\n\t<meta name=\"twitter:label2\" content=\"Tiempo de lectura\" \/>\n\t<meta name=\"twitter:data2\" content=\"4 minutos\" \/>\n<script type=\"application\/ld+json\" class=\"yoast-schema-graph\">{\"@context\":\"https:\/\/schema.org\",\"@graph\":[{\"@type\":\"Article\",\"@id\":\"https:\/\/www.revistalogistec.com\/index.php\/2022\/07\/28\/nuestras-companias-estan-preparadas-para-el-futuro\/#article\",\"isPartOf\":{\"@id\":\"https:\/\/www.revistalogistec.com\/index.php\/2022\/07\/28\/nuestras-companias-estan-preparadas-para-el-futuro\/\"},\"author\":{\"name\":\"Paula Cortes\",\"@id\":\"https:\/\/www.revistalogistec.com\/#\/schema\/person\/6ebda24bed8ddfc6f5e848ee539184e5\"},\"headline\":\"\u00bfNUESTRAS COMPA\u00d1\u00cdAS EST\u00c1N PREPARADAS PARA EL FUTURO?\",\"datePublished\":\"2022-07-28T21:17:45+00:00\",\"mainEntityOfPage\":{\"@id\":\"https:\/\/www.revistalogistec.com\/index.php\/2022\/07\/28\/nuestras-companias-estan-preparadas-para-el-futuro\/\"},\"wordCount\":728,\"commentCount\":0,\"image\":{\"@id\":\"https:\/\/www.revistalogistec.com\/index.php\/2022\/07\/28\/nuestras-companias-estan-preparadas-para-el-futuro\/#primaryimage\"},\"thumbnailUrl\":\"https:\/\/www.revistalogistec.com\/wp-content\/uploads\/2022\/07\/resized-image-Promo_-_2022-07-28T171616.285.jpeg\",\"articleSection\":[\"AN\u00c1LISIS\"],\"inLanguage\":\"es\"},{\"@type\":\"WebPage\",\"@id\":\"https:\/\/www.revistalogistec.com\/index.php\/2022\/07\/28\/nuestras-companias-estan-preparadas-para-el-futuro\/\",\"url\":\"https:\/\/www.revistalogistec.com\/index.php\/2022\/07\/28\/nuestras-companias-estan-preparadas-para-el-futuro\/\",\"name\":\"\u00bfNUESTRAS COMPA\u00d1\u00cdAS EST\u00c1N PREPARADAS PARA EL FUTURO? - Revista Logistec\",\"isPartOf\":{\"@id\":\"https:\/\/www.revistalogistec.com\/#website\"},\"primaryImageOfPage\":{\"@id\":\"https:\/\/www.revistalogistec.com\/index.php\/2022\/07\/28\/nuestras-companias-estan-preparadas-para-el-futuro\/#primaryimage\"},\"image\":{\"@id\":\"https:\/\/www.revistalogistec.com\/index.php\/2022\/07\/28\/nuestras-companias-estan-preparadas-para-el-futuro\/#primaryimage\"},\"thumbnailUrl\":\"https:\/\/www.revistalogistec.com\/wp-content\/uploads\/2022\/07\/resized-image-Promo_-_2022-07-28T171616.285.jpeg\",\"datePublished\":\"2022-07-28T21:17:45+00:00\",\"author\":{\"@id\":\"https:\/\/www.revistalogistec.com\/#\/schema\/person\/6ebda24bed8ddfc6f5e848ee539184e5\"},\"breadcrumb\":{\"@id\":\"https:\/\/www.revistalogistec.com\/index.php\/2022\/07\/28\/nuestras-companias-estan-preparadas-para-el-futuro\/#breadcrumb\"},\"inLanguage\":\"es\",\"potentialAction\":[{\"@type\":\"ReadAction\",\"target\":[\"https:\/\/www.revistalogistec.com\/index.php\/2022\/07\/28\/nuestras-companias-estan-preparadas-para-el-futuro\/\"]}]},{\"@type\":\"ImageObject\",\"inLanguage\":\"es\",\"@id\":\"https:\/\/www.revistalogistec.com\/index.php\/2022\/07\/28\/nuestras-companias-estan-preparadas-para-el-futuro\/#primaryimage\",\"url\":\"https:\/\/www.revistalogistec.com\/wp-content\/uploads\/2022\/07\/resized-image-Promo_-_2022-07-28T171616.285.jpeg\",\"contentUrl\":\"https:\/\/www.revistalogistec.com\/wp-content\/uploads\/2022\/07\/resized-image-Promo_-_2022-07-28T171616.285.jpeg\",\"width\":850,\"height\":477},{\"@type\":\"BreadcrumbList\",\"@id\":\"https:\/\/www.revistalogistec.com\/index.php\/2022\/07\/28\/nuestras-companias-estan-preparadas-para-el-futuro\/#breadcrumb\",\"itemListElement\":[{\"@type\":\"ListItem\",\"position\":1,\"name\":\"Portada\",\"item\":\"https:\/\/www.revistalogistec.com\/\"},{\"@type\":\"ListItem\",\"position\":2,\"name\":\"\u00bfNUESTRAS COMPA\u00d1\u00cdAS EST\u00c1N PREPARADAS PARA EL FUTURO?\"}]},{\"@type\":\"WebSite\",\"@id\":\"https:\/\/www.revistalogistec.com\/#website\",\"url\":\"https:\/\/www.revistalogistec.com\/\",\"name\":\"Revista Logistec\",\"description\":\"\",\"potentialAction\":[{\"@type\":\"SearchAction\",\"target\":{\"@type\":\"EntryPoint\",\"urlTemplate\":\"https:\/\/www.revistalogistec.com\/?s={search_term_string}\"},\"query-input\":{\"@type\":\"PropertyValueSpecification\",\"valueRequired\":true,\"valueName\":\"search_term_string\"}}],\"inLanguage\":\"es\"},{\"@type\":\"Person\",\"@id\":\"https:\/\/www.revistalogistec.com\/#\/schema\/person\/6ebda24bed8ddfc6f5e848ee539184e5\",\"name\":\"Paula Cortes\",\"image\":{\"@type\":\"ImageObject\",\"inLanguage\":\"es\",\"@id\":\"https:\/\/secure.gravatar.com\/avatar\/f9207b46b9e06b63ba9e6f850cbf5de3945e6ce9ba336ad5aa87eee72a5a569c?s=96&d=mm&r=g\",\"url\":\"https:\/\/secure.gravatar.com\/avatar\/f9207b46b9e06b63ba9e6f850cbf5de3945e6ce9ba336ad5aa87eee72a5a569c?s=96&d=mm&r=g\",\"contentUrl\":\"https:\/\/secure.gravatar.com\/avatar\/f9207b46b9e06b63ba9e6f850cbf5de3945e6ce9ba336ad5aa87eee72a5a569c?s=96&d=mm&r=g\",\"caption\":\"Paula Cortes\"},\"url\":\"https:\/\/www.revistalogistec.com\/index.php\/author\/paula-cortes\/\"}]}<\/script>\n<!-- \/ Yoast SEO plugin. -->","yoast_head_json":{"title":"\u00bfNUESTRAS COMPA\u00d1\u00cdAS EST\u00c1N PREPARADAS PARA EL FUTURO? - Revista Logistec","robots":{"index":"index","follow":"follow","max-snippet":"max-snippet:-1","max-image-preview":"max-image-preview:large","max-video-preview":"max-video-preview:-1"},"canonical":"https:\/\/www.revistalogistec.com\/index.php\/2022\/07\/28\/nuestras-companias-estan-preparadas-para-el-futuro\/","og_locale":"es_ES","og_type":"article","og_title":"\u00bfNUESTRAS COMPA\u00d1\u00cdAS EST\u00c1N PREPARADAS PARA EL FUTURO? - Revista Logistec","og_description":"Estamos sobrellevando el COVID mejor de lo esperado. Contamos con m\u00e1s vidas y negocios preservados de los que ten\u00edamos derecho a pensar y uno de los principales protagonistas de esto fue la tecnolog\u00eda. Pero, \u00bfes este avance e impulso tecnol\u00f3gico sostenible de cara al futuro?. Adelanto inmediatamente, que si bien no tengo una respuesta concreta, me resulta interesante plantearles por qu\u00e9.","og_url":"https:\/\/www.revistalogistec.com\/index.php\/2022\/07\/28\/nuestras-companias-estan-preparadas-para-el-futuro\/","og_site_name":"Revista Logistec","article_published_time":"2022-07-28T21:17:45+00:00","og_image":[{"width":850,"height":477,"url":"https:\/\/www.revistalogistec.com\/wp-content\/uploads\/2022\/07\/resized-image-Promo_-_2022-07-28T171616.285.jpeg","type":"image\/jpeg"}],"author":"Paula Cortes","twitter_card":"summary_large_image","twitter_misc":{"Escrito por":"Paula Cortes","Tiempo de lectura":"4 minutos"},"schema":{"@context":"https:\/\/schema.org","@graph":[{"@type":"Article","@id":"https:\/\/www.revistalogistec.com\/index.php\/2022\/07\/28\/nuestras-companias-estan-preparadas-para-el-futuro\/#article","isPartOf":{"@id":"https:\/\/www.revistalogistec.com\/index.php\/2022\/07\/28\/nuestras-companias-estan-preparadas-para-el-futuro\/"},"author":{"name":"Paula Cortes","@id":"https:\/\/www.revistalogistec.com\/#\/schema\/person\/6ebda24bed8ddfc6f5e848ee539184e5"},"headline":"\u00bfNUESTRAS COMPA\u00d1\u00cdAS EST\u00c1N PREPARADAS PARA EL FUTURO?","datePublished":"2022-07-28T21:17:45+00:00","mainEntityOfPage":{"@id":"https:\/\/www.revistalogistec.com\/index.php\/2022\/07\/28\/nuestras-companias-estan-preparadas-para-el-futuro\/"},"wordCount":728,"commentCount":0,"image":{"@id":"https:\/\/www.revistalogistec.com\/index.php\/2022\/07\/28\/nuestras-companias-estan-preparadas-para-el-futuro\/#primaryimage"},"thumbnailUrl":"https:\/\/www.revistalogistec.com\/wp-content\/uploads\/2022\/07\/resized-image-Promo_-_2022-07-28T171616.285.jpeg","articleSection":["AN\u00c1LISIS"],"inLanguage":"es"},{"@type":"WebPage","@id":"https:\/\/www.revistalogistec.com\/index.php\/2022\/07\/28\/nuestras-companias-estan-preparadas-para-el-futuro\/","url":"https:\/\/www.revistalogistec.com\/index.php\/2022\/07\/28\/nuestras-companias-estan-preparadas-para-el-futuro\/","name":"\u00bfNUESTRAS COMPA\u00d1\u00cdAS EST\u00c1N PREPARADAS PARA EL FUTURO? - Revista Logistec","isPartOf":{"@id":"https:\/\/www.revistalogistec.com\/#website"},"primaryImageOfPage":{"@id":"https:\/\/www.revistalogistec.com\/index.php\/2022\/07\/28\/nuestras-companias-estan-preparadas-para-el-futuro\/#primaryimage"},"image":{"@id":"https:\/\/www.revistalogistec.com\/index.php\/2022\/07\/28\/nuestras-companias-estan-preparadas-para-el-futuro\/#primaryimage"},"thumbnailUrl":"https:\/\/www.revistalogistec.com\/wp-content\/uploads\/2022\/07\/resized-image-Promo_-_2022-07-28T171616.285.jpeg","datePublished":"2022-07-28T21:17:45+00:00","author":{"@id":"https:\/\/www.revistalogistec.com\/#\/schema\/person\/6ebda24bed8ddfc6f5e848ee539184e5"},"breadcrumb":{"@id":"https:\/\/www.revistalogistec.com\/index.php\/2022\/07\/28\/nuestras-companias-estan-preparadas-para-el-futuro\/#breadcrumb"},"inLanguage":"es","potentialAction":[{"@type":"ReadAction","target":["https:\/\/www.revistalogistec.com\/index.php\/2022\/07\/28\/nuestras-companias-estan-preparadas-para-el-futuro\/"]}]},{"@type":"ImageObject","inLanguage":"es","@id":"https:\/\/www.revistalogistec.com\/index.php\/2022\/07\/28\/nuestras-companias-estan-preparadas-para-el-futuro\/#primaryimage","url":"https:\/\/www.revistalogistec.com\/wp-content\/uploads\/2022\/07\/resized-image-Promo_-_2022-07-28T171616.285.jpeg","contentUrl":"https:\/\/www.revistalogistec.com\/wp-content\/uploads\/2022\/07\/resized-image-Promo_-_2022-07-28T171616.285.jpeg","width":850,"height":477},{"@type":"BreadcrumbList","@id":"https:\/\/www.revistalogistec.com\/index.php\/2022\/07\/28\/nuestras-companias-estan-preparadas-para-el-futuro\/#breadcrumb","itemListElement":[{"@type":"ListItem","position":1,"name":"Portada","item":"https:\/\/www.revistalogistec.com\/"},{"@type":"ListItem","position":2,"name":"\u00bfNUESTRAS COMPA\u00d1\u00cdAS EST\u00c1N PREPARADAS PARA EL FUTURO?"}]},{"@type":"WebSite","@id":"https:\/\/www.revistalogistec.com\/#website","url":"https:\/\/www.revistalogistec.com\/","name":"Revista Logistec","description":"","potentialAction":[{"@type":"SearchAction","target":{"@type":"EntryPoint","urlTemplate":"https:\/\/www.revistalogistec.com\/?s={search_term_string}"},"query-input":{"@type":"PropertyValueSpecification","valueRequired":true,"valueName":"search_term_string"}}],"inLanguage":"es"},{"@type":"Person","@id":"https:\/\/www.revistalogistec.com\/#\/schema\/person\/6ebda24bed8ddfc6f5e848ee539184e5","name":"Paula Cortes","image":{"@type":"ImageObject","inLanguage":"es","@id":"https:\/\/secure.gravatar.com\/avatar\/f9207b46b9e06b63ba9e6f850cbf5de3945e6ce9ba336ad5aa87eee72a5a569c?s=96&d=mm&r=g","url":"https:\/\/secure.gravatar.com\/avatar\/f9207b46b9e06b63ba9e6f850cbf5de3945e6ce9ba336ad5aa87eee72a5a569c?s=96&d=mm&r=g","contentUrl":"https:\/\/secure.gravatar.com\/avatar\/f9207b46b9e06b63ba9e6f850cbf5de3945e6ce9ba336ad5aa87eee72a5a569c?s=96&d=mm&r=g","caption":"Paula Cortes"},"url":"https:\/\/www.revistalogistec.com\/index.php\/author\/paula-cortes\/"}]}},"_links":{"self":[{"href":"https:\/\/www.revistalogistec.com\/index.php\/wp-json\/wp\/v2\/posts\/9412","targetHints":{"allow":["GET"]}}],"collection":[{"href":"https:\/\/www.revistalogistec.com\/index.php\/wp-json\/wp\/v2\/posts"}],"about":[{"href":"https:\/\/www.revistalogistec.com\/index.php\/wp-json\/wp\/v2\/types\/post"}],"author":[{"embeddable":true,"href":"https:\/\/www.revistalogistec.com\/index.php\/wp-json\/wp\/v2\/users\/48296"}],"replies":[{"embeddable":true,"href":"https:\/\/www.revistalogistec.com\/index.php\/wp-json\/wp\/v2\/comments?post=9412"}],"version-history":[{"count":0,"href":"https:\/\/www.revistalogistec.com\/index.php\/wp-json\/wp\/v2\/posts\/9412\/revisions"}],"wp:featuredmedia":[{"embeddable":true,"href":"https:\/\/www.revistalogistec.com\/index.php\/wp-json\/wp\/v2\/media\/9410"}],"wp:attachment":[{"href":"https:\/\/www.revistalogistec.com\/index.php\/wp-json\/wp\/v2\/media?parent=9412"}],"wp:term":[{"taxonomy":"category","embeddable":true,"href":"https:\/\/www.revistalogistec.com\/index.php\/wp-json\/wp\/v2\/categories?post=9412"},{"taxonomy":"post_tag","embeddable":true,"href":"https:\/\/www.revistalogistec.com\/index.php\/wp-json\/wp\/v2\/tags?post=9412"}],"curies":[{"name":"wp","href":"https:\/\/api.w.org\/{rel}","templated":true}]}}